{"id":115473,"date":"2023-07-14T07:45:31","date_gmt":"2023-07-14T04:45:31","guid":{"rendered":"https:\/\/tietopankki.crnet.fi\/fi\/news\/european-commission-and-un-leaders-to-discuss-closer-cooperation-at-high-level-dialogue-in-brussels\/"},"modified":"2023-07-14T07:45:31","modified_gmt":"2023-07-14T04:45:31","slug":"european-commission-and-un-leaders-to-discuss-closer-cooperation-at-high-level-dialogue-in-brussels","status":"publish","type":"post","link":"https:\/\/tietopankki.crnet.fi\/en\/news\/european-commission-and-un-leaders-to-discuss-closer-cooperation-at-high-level-dialogue-in-brussels\/","title":{"rendered":"European Commission and UN leaders to discuss closer cooperation at High-level dialogue in Brussels"},"content":{"rendered":"<div class=\"mp_wrapper\">\n  <div class=\"mepr-unauthorized-message\">\n    <p>You are unauthorized to view this page.<\/p>\n  <\/div>\n  <div class=\"mepr-login-form-wrap\">\n            \n<div class=\"mp_wrapper mp_login_form\">\n                  <!-- mp-login-form-start -->     <form name=\"mepr_loginform\" id=\"mepr_loginform\" class=\"mepr-form\" action=\"https:\/\/tietopankki.crnet.fi\/en\/login-2\/\" method=\"post\" data-trp-original-action=\"https:\/\/tietopankki.crnet.fi\/en\/login-2\/\">\n            <div class=\"mp-form-row mepr_username\">\n        <div class=\"mp-form-label\">\n                              <label for=\"user_login\">Username<\/label>\n        <\/div>\n        <input type=\"text\" name=\"log\" id=\"user_login\" value=\"\" \/>\n      <\/div>\n      <div class=\"mp-form-row mepr_password\">\n        <div class=\"mp-form-label\">\n          <label for=\"user_pass\">Password<\/label>\n          <div class=\"mp-hide-pw\">\n            <input type=\"password\" name=\"pwd\" id=\"user_pass\" value=\"\" \/>\n            <button type=\"button\" class=\"button mp-hide-pw hide-if-no-js\" data-toggle=\"0\" aria-label=\"Show password\">\n              <span class=\"dashicons dashicons-visibility\" aria-hidden=\"true\"><\/span>\n            <\/button>\n          <\/div>\n        <\/div>\n      <\/div>\n            <div>\n        <label><input name=\"rememberme\" type=\"checkbox\" id=\"rememberme\" value=\"forever\" \/> Remember Me<\/label>\n      <\/div>\n      <div class=\"mp-spacer\">&nbsp;<\/div>\n      <div class=\"submit\">\n        <input type=\"submit\" name=\"wp-submit\" id=\"wp-submit\" class=\"button-primary mepr-share-button\" value=\"Log In\" \/>\n        <input type=\"hidden\" name=\"redirect_to\" value=\"\/en\/wp-json\/wp\/v2\/posts\/115473\" \/>\n        <input type=\"hidden\" name=\"mepr_process_login_form\" value=\"true\" \/>\n        <input type=\"hidden\" name=\"mepr_is_login_page\" value=\"false\" \/>\n      <\/div>\n    <input type=\"hidden\" name=\"trp-form-language\" value=\"en\"\/><\/form>\n    <div class=\"mp-spacer\">&nbsp;<\/div>\n    <div class=\"mepr-login-actions\">\n        <a\n          href=\"https:\/\/tietopankki.crnet.fi\/en\/login-2\/?action=forgot_password\"\n          title=\"Click here to reset your password\"\n        >\n          Forgot Password        <\/a>\n    <\/div>\n\n      \n    <!-- mp-login-form-end --> \n  <\/div>\n      <\/div>\n<\/div>","protected":false},"excerpt":{"rendered":"<div class=\"smart_content_wrapper\">\nOn 13 and 14 July, President of the European Commission Ursula von der Leyen, together with 11 members of the College, will participate in a 2nd working retreat with the United Nations&#8217; Secretary-General, Ant\u00f3nio Guterres, and other senior UN officials in Brussels.<\/p>\n<p>The Commission and the UN will discuss the key challenges and priority areas for joint action, in particular the global consequences of Russia&#8217;s war of aggression against Ukraine and other crises, food security and well-functioning supply chains, climate action, energy and protection of biodiversity, all time high humanitarian needs, the acceleration of the implementation of the Sustainable Development Goals (SDG), reform of the international financial architecture, and digital cooperation. It will provide an opportunity to identify practical actions to implement the UN Secretary-General&#8217;s \u2018Our Common Agenda&#8217; towards a more effective and inclusive global governance, and to strengthen cooperation to uphold and advance human rights around the world.<\/p>\n<p>The meeting will also be an occasion to prepare for the upcoming High-level week of the 78th session of the UN General Assembly, including the SDG Summit.<\/p>\n<p>President von der Leyen will be accompanied by Executive Vice-Presidents Frans Timmermans, Margrethe Vestager and Valdis Dombrovskis, Vice-Presidents V\u011bra Jourov\u00e1 and Dubravka \u0160uica, as well as Commissioners Ylva Johansson, Janez Lenar\u010di\u010d, Adina V\u0103lean, Jutta Urpilainen, Kadri Simson, and Virginijus Sinkevi\u010dius.<\/p>\n<p>Source: <a rel=\"noopener\" href=\"https:\/\/ec.europa.eu\/commission\/presscorner\/detail\/en\/mex_23_3847\">European Commission<\/a> <\/div>\n<p>The post <a rel=\"noopener\" href=\"https:\/\/vastuullisuusuutiset.fi\/fi\/csr-news-en\/european-commission-and-un-leaders-to-discuss-closer-cooperation-at-high-level-dialogue-in-brussels\/\">European Commission and UN leaders to discuss closer cooperation at High-level dialogue in Brussels<\/a> appeared first on <a rel=\"noopener\" href=\"https:\/\/vastuullisuusuutiset.fi\/fi\">Vastuullisuusuutiset.fi<\/a>.<\/p>","protected":false},"author":1,"featured_media":0,"comment_status":"closed","ping_status":"closed","sticky":false,"template":"","format":"standard","meta":{"_jetpack_memberships_contains_paid_content":false,"footnotes":""},"categories":[22],"tags":[3919,557,2271,555,402],"class_list":["post-115473","post","type-post","status-publish","format-standard","hentry","category-news","tag-close","tag-commission","tag-cooperation","tag-csr-news-en","tag-un"],"jetpack_featured_media_url":"","jetpack_sharing_enabled":true,"_links":{"self":[{"href":"https:\/\/tietopankki.crnet.fi\/en\/wp-json\/wp\/v2\/posts\/115473","targetHints":{"allow":["GET"]}}],"collection":[{"href":"https:\/\/tietopankki.crnet.fi\/en\/wp-json\/wp\/v2\/posts"}],"about":[{"href":"https:\/\/tietopankki.crnet.fi\/en\/wp-json\/wp\/v2\/types\/post"}],"author":[{"embeddable":true,"href":"https:\/\/tietopankki.crnet.fi\/en\/wp-json\/wp\/v2\/users\/1"}],"replies":[{"embeddable":true,"href":"https:\/\/tietopankki.crnet.fi\/en\/wp-json\/wp\/v2\/comments?post=115473"}],"version-history":[{"count":0,"href":"https:\/\/tietopankki.crnet.fi\/en\/wp-json\/wp\/v2\/posts\/115473\/revisions"}],"wp:attachment":[{"href":"https:\/\/tietopankki.crnet.fi\/en\/wp-json\/wp\/v2\/media?parent=115473"}],"wp:term":[{"taxonomy":"category","embeddable":true,"href":"https:\/\/tietopankki.crnet.fi\/en\/wp-json\/wp\/v2\/categories?post=115473"},{"taxonomy":"post_tag","embeddable":true,"href":"https:\/\/tietopankki.crnet.fi\/en\/wp-json\/wp\/v2\/tags?post=115473"}],"curies":[{"name":"wp","href":"https:\/\/api.w.org\/{rel}","templated":true}]}}