{"id":125414,"date":"2024-02-16T07:45:35","date_gmt":"2024-02-16T05:45:35","guid":{"rendered":"https:\/\/tietopankki.crnet.fi\/fi\/news\/college-members-at-the-munich-security-conference-to-boost-eus-role-in-security-and-defence\/"},"modified":"2024-02-16T07:45:35","modified_gmt":"2024-02-16T05:45:35","slug":"college-members-at-the-munich-security-conference-to-boost-eus-role-in-security-and-defence","status":"publish","type":"post","link":"https:\/\/tietopankki.crnet.fi\/en\/news\/college-members-at-the-munich-security-conference-to-boost-eus-role-in-security-and-defence\/","title":{"rendered":"College members at the Munich Security Conference to boost EU\u2019s role in security and defence"},"content":{"rendered":"<div class=\"mp_wrapper\">\n  <div class=\"mepr-unauthorized-message\">\n    <p>You are unauthorized to view this page.<\/p>\n  <\/div>\n  <div class=\"mepr-login-form-wrap\">\n            \n<div class=\"mp_wrapper mp_login_form\">\n                  <!-- mp-login-form-start -->     <form name=\"mepr_loginform\" id=\"mepr_loginform\" class=\"mepr-form\" action=\"https:\/\/tietopankki.crnet.fi\/en\/login-2\/\" method=\"post\" data-trp-original-action=\"https:\/\/tietopankki.crnet.fi\/en\/login-2\/\">\n            <div class=\"mp-form-row mepr_username\">\n        <div class=\"mp-form-label\">\n                              <label for=\"user_login\">Username<\/label>\n        <\/div>\n        <input type=\"text\" name=\"log\" id=\"user_login\" value=\"\" \/>\n      <\/div>\n      <div class=\"mp-form-row mepr_password\">\n        <div class=\"mp-form-label\">\n          <label for=\"user_pass\">Password<\/label>\n          <div class=\"mp-hide-pw\">\n            <input type=\"password\" name=\"pwd\" id=\"user_pass\" value=\"\" \/>\n            <button type=\"button\" class=\"button mp-hide-pw hide-if-no-js\" data-toggle=\"0\" aria-label=\"Show password\">\n              <span class=\"dashicons dashicons-visibility\" aria-hidden=\"true\"><\/span>\n            <\/button>\n          <\/div>\n        <\/div>\n      <\/div>\n            <div>\n        <label><input name=\"rememberme\" type=\"checkbox\" id=\"rememberme\" value=\"forever\" \/> Remember Me<\/label>\n      <\/div>\n      <div class=\"mp-spacer\">&nbsp;<\/div>\n      <div class=\"submit\">\n        <input type=\"submit\" name=\"wp-submit\" id=\"wp-submit\" class=\"button-primary mepr-share-button\" value=\"Log In\" \/>\n        <input type=\"hidden\" name=\"redirect_to\" value=\"\/en\/wp-json\/wp\/v2\/posts\/125414\" \/>\n        <input type=\"hidden\" name=\"mepr_process_login_form\" value=\"true\" \/>\n        <input type=\"hidden\" name=\"mepr_is_login_page\" value=\"false\" \/>\n      <\/div>\n    <input type=\"hidden\" name=\"trp-form-language\" value=\"en\"\/><\/form>\n    <div class=\"mp-spacer\">&nbsp;<\/div>\n    <div class=\"mepr-login-actions\">\n        <a\n          href=\"https:\/\/tietopankki.crnet.fi\/en\/login-2\/?action=forgot_password\"\n          title=\"Click here to reset your password\"\n        >\n          Forgot Password        <\/a>\n    <\/div>\n\n      \n    <!-- mp-login-form-end --> \n  <\/div>\n      <\/div>\n<\/div>","protected":false},"excerpt":{"rendered":"<div class=\"smart_content_wrapper\">\nFrom 16 to 18 February, President von der Leyen; Executive Vice-Presidents Vestager, Dombrovskis and \u0160ef\u010dovi\u010d; High Representative Borrell; Vice-Presidents Jourov\u00e1, \u0160uica and Schinas; and Commissioner Hahn, Johansson, Simson, and Hoekstra will participate in the 2024 Munich Security Conference (MSC).<\/p>\n<p>As the Munich Security Conference turns 60, this year&#8217;s edition will be an opportunity to discuss how to strengthen the rules-based international order, the EU&#8217;s role in security and defence, and the security implications of climate change, among other topics. On Thursday, Vice-President Schinas will deliver a keynote speech at the opening of the Munich Cyber Security Conference. The Vice-President will then visit the Synagogue of Munich together with the UN Secretary General, Antonio Guterres.<\/p>\n<p>On Friday, President von der Leyen and Vice-President Schinas will participate in the CSU Transatlantic Forum, in a discussion on \u201cHow to defend a free world order against extremism and authoritarianism.\u201d Vice-President Schinas will deliver a keynote speech at the side event \u201cHamas hostage taking as a tool of terror: testimonies and first-hand accounts\u201d, and deliver introductory remarks at the side event \u201cProcessing power: the impact of cyber and cutting-edge technology on international security\u201d, in the evening. Executive Vice-President Vestager will participate in a roundtable discussion on \u201cArtificial Intelligence and Cognitive Warfare\u201d and speak at a panel event on transatlantic digital relations. In the evening, she will participate in an Atlantic Council dinner on \u201cemerging technologies and the integrity of the internet\u201d. Executive Vice-President Dombrovskis will speak at the panel discussion \u201cRebuilding Ukraine\u201d.<\/p>\n<p>On Saturday, President von der Leyen will participate in the main stage panel discussion \u201cEurope&#8217;s Finest Hour? Building a Defence Union in Challenging Times\u201d. Executive Vice-President Vestager will attend events on AI and elections, North-South cooperation and EU-China engagement and de-risking, inter alia. Executive Vice-President Dombrovskis will attend a dinner on economic security. High Representative Borrell will attend the G7 Foreign Ministers meeting in the margins of the MSC.<\/p>\n<p>On Sunday, High Representative Borrell will address the main stage panel, \u201cThe EU&#8217;s Geopolitical Agenda\u201d. He will also attend the annual MSC Foundation meeting hosted by Wolfgang Ischinger and deliver opening remarks at the Atlantic Council&#8217;s annual luncheon on \u201ccharting a path for the transatlantic community after Munich\u201d.<\/p>\n<p><a rel=\"noopener\" href=\"https:\/\/ec.europa.eu\/commission\/presscorner\/detail\/en\/mex_24_846\">Read more&gt;&gt;<\/a><\/p>\n<p>Source: <a rel=\"noopener\" href=\"https:\/\/ec.europa.eu\/commission\/presscorner\/detail\/en\/mex_24_846\">Europen Commission<\/a> <\/div>\n<p>The post <a rel=\"noopener\" href=\"https:\/\/vastuullisuusuutiset.fi\/fi\/csr-news-en\/college-members-at-the-munich-security-conference-to-boost-eus-role-in-security-and-defence\/\">College members at the Munich Security Conference to boost EU\u2019s role in security and defence<\/a> appeared first on <a rel=\"noopener\" href=\"https:\/\/vastuullisuusuutiset.fi\/fi\">Vastuullisuusuutiset.fi<\/a>.<\/p>","protected":false},"author":1,"featured_media":0,"comment_status":"closed","ping_status":"closed","sticky":false,"template":"","format":"standard","meta":{"_jetpack_memberships_contains_paid_content":false,"footnotes":""},"categories":[22],"tags":[1697,555,13437,521],"class_list":["post-125414","post","type-post","status-publish","format-standard","hentry","category-news","tag-conference","tag-csr-news-en","tag-municc","tag-security"],"jetpack_featured_media_url":"","jetpack_sharing_enabled":true,"_links":{"self":[{"href":"https:\/\/tietopankki.crnet.fi\/en\/wp-json\/wp\/v2\/posts\/125414","targetHints":{"allow":["GET"]}}],"collection":[{"href":"https:\/\/tietopankki.crnet.fi\/en\/wp-json\/wp\/v2\/posts"}],"about":[{"href":"https:\/\/tietopankki.crnet.fi\/en\/wp-json\/wp\/v2\/types\/post"}],"author":[{"embeddable":true,"href":"https:\/\/tietopankki.crnet.fi\/en\/wp-json\/wp\/v2\/users\/1"}],"replies":[{"embeddable":true,"href":"https:\/\/tietopankki.crnet.fi\/en\/wp-json\/wp\/v2\/comments?post=125414"}],"version-history":[{"count":0,"href":"https:\/\/tietopankki.crnet.fi\/en\/wp-json\/wp\/v2\/posts\/125414\/revisions"}],"wp:attachment":[{"href":"https:\/\/tietopankki.crnet.fi\/en\/wp-json\/wp\/v2\/media?parent=125414"}],"wp:term":[{"taxonomy":"category","embeddable":true,"href":"https:\/\/tietopankki.crnet.fi\/en\/wp-json\/wp\/v2\/categories?post=125414"},{"taxonomy":"post_tag","embeddable":true,"href":"https:\/\/tietopankki.crnet.fi\/en\/wp-json\/wp\/v2\/tags?post=125414"}],"curies":[{"name":"wp","href":"https:\/\/api.w.org\/{rel}","templated":true}]}}