{"id":129218,"date":"2024-03-25T09:40:49","date_gmt":"2024-03-25T07:40:49","guid":{"rendered":"https:\/\/tietopankki.crnet.fi\/fi\/uutiset\/teknologiateollisuus-40-prosenttia-arvioi-vahentavansa-investointeja-suomeen\/"},"modified":"2024-03-25T09:40:49","modified_gmt":"2024-03-25T07:40:49","slug":"teknologiateollisuus-40-prosenttia-arvioi-vahentavansa-investointeja-suomeen","status":"publish","type":"post","link":"https:\/\/tietopankki.crnet.fi\/en\/uutiset\/teknologiateollisuus-40-prosenttia-arvioi-vahentavansa-investointeja-suomeen\/","title":{"rendered":"Teknologiateollisuus: 40 prosenttia arvioi v\u00e4hent\u00e4v\u00e4ns\u00e4 investointeja Suomeen"},"content":{"rendered":"<div class=\"mp_wrapper\">\n  <div class=\"mepr-unauthorized-message\">\n    <p>You are unauthorized to view this page.<\/p>\n  <\/div>\n  <div class=\"mepr-login-form-wrap\">\n            \n<div class=\"mp_wrapper mp_login_form\">\n                  <!-- mp-login-form-start -->     <form name=\"mepr_loginform\" id=\"mepr_loginform\" class=\"mepr-form\" action=\"https:\/\/tietopankki.crnet.fi\/en\/login-2\/\" method=\"post\" data-trp-original-action=\"https:\/\/tietopankki.crnet.fi\/en\/login-2\/\">\n            <div class=\"mp-form-row mepr_username\">\n        <div class=\"mp-form-label\">\n                              <label for=\"user_login\">Username<\/label>\n        <\/div>\n        <input type=\"text\" name=\"log\" id=\"user_login\" value=\"\" \/>\n      <\/div>\n      <div class=\"mp-form-row mepr_password\">\n        <div class=\"mp-form-label\">\n          <label for=\"user_pass\">Password<\/label>\n          <div class=\"mp-hide-pw\">\n            <input type=\"password\" name=\"pwd\" id=\"user_pass\" value=\"\" \/>\n            <button type=\"button\" class=\"button mp-hide-pw hide-if-no-js\" data-toggle=\"0\" aria-label=\"Show password\">\n              <span class=\"dashicons dashicons-visibility\" aria-hidden=\"true\"><\/span>\n            <\/button>\n          <\/div>\n        <\/div>\n      <\/div>\n            <div>\n        <label><input name=\"rememberme\" type=\"checkbox\" id=\"rememberme\" value=\"forever\" \/> Remember Me<\/label>\n      <\/div>\n      <div class=\"mp-spacer\">&nbsp;<\/div>\n      <div class=\"submit\">\n        <input type=\"submit\" name=\"wp-submit\" id=\"wp-submit\" class=\"button-primary mepr-share-button\" value=\"Log In\" \/>\n        <input type=\"hidden\" name=\"redirect_to\" value=\"\/en\/wp-json\/wp\/v2\/posts\/129218\" \/>\n        <input type=\"hidden\" name=\"mepr_process_login_form\" value=\"true\" \/>\n        <input type=\"hidden\" name=\"mepr_is_login_page\" value=\"false\" \/>\n      <\/div>\n    <input type=\"hidden\" name=\"trp-form-language\" value=\"en\"\/><\/form>\n    <div class=\"mp-spacer\">&nbsp;<\/div>\n    <div class=\"mepr-login-actions\">\n        <a\n          href=\"https:\/\/tietopankki.crnet.fi\/en\/login-2\/?action=forgot_password\"\n          title=\"Click here to reset your password\"\n        >\n          Forgot Password        <\/a>\n    <\/div>\n\n      \n    <!-- mp-login-form-end --> \n  <\/div>\n      <\/div>\n<\/div>","protected":false},"excerpt":{"rendered":"<div class=\"smart_content_wrapper\">\nPer\u00e4ti 40 prosenttia Teknologiateollisuuden j\u00e4senkyselyyn vastanneista yrityksist\u00e4 kertoo v\u00e4hent\u00e4v\u00e4ns\u00e4 investointeja Suomeen poliittisten lakkojen vuoksi. Suurista yrityksist\u00e4 joka nelj\u00e4s on jo siirt\u00e4nyt lakon vuoksi tuotantoaan konsernin ulkomaisiin yksik\u00f6ihin, ja joka kolmannessa yrityksess\u00e4 henkil\u00f6st\u00f6\u00e4 joudutaan lomauttamaan tai irtisanomaan. Laajojen lakkojen jatkuminen tulee vaikeuttamaan satojen teknologiateollisuusyritysten tuotantoa.<\/p>\n<p>Teknologiateollisuuden j\u00e4senkysely toteutettiin 13.\u201318. maaliskuuta ja siihen vastasi 645 yrityst\u00e4. Useat ammattiliitot aloittivat 11.3. kaksi viikkoa kest\u00e4v\u00e4n poliittisen lakon, jonka kohteena toimialalla ovat SSAB, Outokumpu Chrome, Outokumpu Stainless sek\u00e4 Okmetic Oy. Samaan aikaan vienti on ollut pys\u00e4hdyksiss\u00e4 lakkojen suljettua k\u00e4yt\u00e4nn\u00f6ss\u00e4 kaikki Suomen vientisatamat. Viime viikolla SAK:laiset ammattiliitot p\u00e4\u00e4ttiv\u00e4t jatkaa lakkoja maaliskuun loppuun saakka. Kyselyss\u00e4 hieman alle kolmannes teollisten yritysten vastaajista kertoo joutuvansa sulkemaan tai rajoittamaan omaa tuotantoaan logistiikkalakkojen vuoksi, vaikka lakkoja ei olisi kohdistettu suoraan heid\u00e4n edustamiinsa yrityksiin. Tuotantoh\u00e4iri\u00f6ist\u00e4 kertoneista useampi kuin joka viides raportoi tuotantotahdin putoavan lakkojen aiheuttamien ongelmien takia alle puoleen normaalista. Kysely todistaa, ett\u00e4 useiden kuukausien aikana j\u00e4rjestettyjen poliittisten lakkojen vaikutukset ovat laajoja ja rajuja. &#8220;Lakkojen pitkittyess\u00e4 yritysten ongelmat kasaantuvat ja kertaantuvat jyrk\u00e4sti nousevalla kulmakertoimella. Vastausten perusteella voi p\u00e4\u00e4ty\u00e4 arvioon, jonka mukaan tuotanto tulee h\u00e4iriintym\u00e4\u00e4n sadoissa yrityksiss\u00e4 ja h\u00e4iri\u00f6t tulevat koskemaan jopa 20\u202f000:ta ty\u00f6ntekij\u00e4\u00e4. Merkitt\u00e4v\u00e4 joukko ihmisi\u00e4 tulee j\u00e4\u00e4m\u00e4\u00e4n tulevien viikkojen aikana ilman palkkaa, osa pahimmillaan ilman ty\u00f6paikkaa, sanoo johtaja&#8221;, p\u00e4\u00e4ekonomisti Petteri Rautaporras.<\/p>\n<p>Vastaajista noin 40 prosenttia kertoo kokevansa hankaluuksia tuotantopanosten saannissa, viennin selv\u00e4sti vaikeutuneen sek\u00e4 kokee, ett\u00e4 yritykselle on tullut mainehaittaa ep\u00e4varmana kumppanina. Per\u00e4ti 60 prosenttia kertoo asiakkaidensa k\u00e4rsiv\u00e4n lakoista.\u202fYli 250 henke\u00e4 ty\u00f6llist\u00e4vist\u00e4 yrityksist\u00e4 noin joka nelj\u00e4s kertoo siirt\u00e4neens\u00e4 tuotantoa konsernin ulkomaisiin yksik\u00f6ihin lakon vuoksi. &#8220;Lukema on h\u00e4tk\u00e4hdytt\u00e4v\u00e4. N\u00e4in heikossa suhdannetilanteessa on ilmeinen riski, ett\u00e4 tuotantoa j\u00e4\u00e4 pysyv\u00e4sti ulkomaille. Tuolloin vaikutukset tulevat n\u00e4kym\u00e4\u00e4n viiveell\u00e4 my\u00f6s suomalaisessa alihankintasektorissa kysynn\u00e4n heikkenemisen\u00e4&#8221;, Rautaporras toteaa. Yrityksilt\u00e4 kysyttiin \u201dv\u00e4hent\u00e4v\u00e4tk\u00f6 lakot yrityksenne investointeja l\u00e4hivuosien aikana\u201d. V\u00e4hent\u00e4v\u00e4t joko selv\u00e4sti tai hieman, kertoo jopa 40 prosenttia kaikista vastaajista. Suurista yrityksist\u00e4 yli puolet kertoo lakkojen vaikuttavan negatiivisesti tuleviin investointeihinsa Suomessa.<\/p>\n<p>&#8220;T\u00e4m\u00e4 on eritt\u00e4in huolestuttava uutinen. N\u00e4in massiivisilla ja ylimitoitetuilla ty\u00f6taisteluilla on todistetusti vaikutusta yritysten todellisiin p\u00e4\u00e4t\u00f6ksiin, kun ne arvioivat investoinneilleen sopivaa sijaintipaikkaa.\u202fIsoilla yrityksill\u00e4 lakkojen negatiiviset vaikutukset ovat kaikkein suurimmat, koska niille kynnys siirt\u00e4\u00e4 toimintojensa painopistett\u00e4 Suomen sijaan muualle on pienempi. Erityisesti ulkomaisella omistajalla on ik\u00e4v\u00e4 kyll\u00e4 usein hyvin v\u00e4h\u00e4n ymm\u00e4rryst\u00e4 sille, ett\u00e4 poliittiset lakot sy\u00f6v\u00e4t vuoden tulosta dramaattisesti.&#8221; toteaa Rautaporras. Sek\u00e4 yritysten taloudelliset menetykset ett\u00e4 Suomen saama kolhu luotettavana ja vakaana investointiymp\u00e4rist\u00f6n\u00e4 voivat n\u00e4ky\u00e4 l\u00e4hivuosina eritt\u00e4in merkitt\u00e4vin\u00e4 kansantaloudellisina ja yhteiskunnallisina heikennyksin\u00e4.<\/p>\n<p>Vajaa kolmannes (31 prosenttia) teollisuusyritysten vastaajista kertoi joutuvansa lomauttamaan henkil\u00f6st\u00f6\u00e4\u00e4n ty\u00f6taisteluiden aiheuttamien h\u00e4iri\u00f6iden takia ja 14 prosenttia joutuvansa turvautumaan irtisanomisiin. Tulosten perusteella siis joka kolmannessa yrityksess\u00e4 osa henkil\u00f6st\u00f6\u00e4 j\u00e4\u00e4 lakkojen takia ilman ty\u00f6t\u00e4. &#8220;N\u00e4iden lakkojen on v\u00e4itetty kohdistuvan ihmisten arjen sijaan vain muutamaan yritykseen. Kyselymme osoittaa, ett\u00e4 todellisuudessa vaikutukset my\u00f6s lakkojen ulkopuolelle j\u00e4\u00e4neisiin ty\u00f6ntekij\u00f6ihin tulevat olemaan hurjat jo pelk\u00e4st\u00e4\u00e4n teknologiateollisuudessa. Ihmiset menett\u00e4v\u00e4t palkkojaan, liian moni jopa ty\u00f6ns\u00e4. Olemme tilanteesta eritt\u00e4in huolissamme&#8221;, sanoo varatoimitusjohtaja Minna Helle.<\/p>\n<p>Kysely Teknologiateollisuus ry:n j\u00e4senille:<\/p>\n<ul>\n<li>Kysely poliittisten lakkojen vaikutuksista toteutettiin Teknologiateollisuus ry:n j\u00e4senyrityksille 13.\u201318. maaliskuuta.<\/li>\n<li>Kyselyyn vastasi 645 yrityst\u00e4 eli useampi kuin joka kolmas j\u00e4senyritys.<\/li>\n<li>Yrityksilt\u00e4 kysyttiin, millaisia vaikutuksia 11.\u201324.3. toteutetuilla sek\u00e4 talven 2023\u20132024 aikana jo koetuilla poliittisilla lakoilla on ollut ja tulee olemaan yritysten toimintaedellytyksiin sek\u00e4 kykyyn ja haluun ty\u00f6llist\u00e4\u00e4 Suomessa.<\/li>\n<li>Lis\u00e4ksi yrityksilt\u00e4 kysyttiin \u201dv\u00e4hent\u00e4v\u00e4tk\u00f6 lakot yrityksenne investointeja l\u00e4hivuosien aikana\u201d.<\/li>\n<li>Kyselyss\u00e4 oli mahdollisuus antaa my\u00f6s avoimia kommentteja.<\/li>\n<\/ul>\n<p>L\u00e4hde: <a rel=\"noopener\" href=\"https:\/\/www.sttinfo.fi\/tiedote\/70125975\/teknologiateollisuuden-yrityskysely-40-percent-arvioi-vahentavansa-investointeja-suomeen-poliittisten-lakkojen-vuoksi-myos-irtisanomisiin-joudutaan?publisherId=69819513&amp;lang=fi\">Teknologiateollisuus ry | STT info<\/a><\/p>\n<\/div>\n<p>The post <a rel=\"noopener\" href=\"https:\/\/vastuullisuusuutiset.fi\/fi\/vau-viikkokatsaus\/teknologiateollisuus-40-prosenttia-arvioi-vahentavansa-investointeja-suomeen\/\">Teknologiateollisuus: 40 prosenttia arvioi v\u00e4hent\u00e4v\u00e4ns\u00e4 investointeja Suomeen<\/a> appeared first on <a rel=\"noopener\" href=\"https:\/\/vastuullisuusuutiset.fi\/fi\">Vastuullisuusuutiset.fi<\/a>.<\/p>","protected":false},"author":1,"featured_media":0,"comment_status":"closed","ping_status":"closed","sticky":false,"template":"","format":"standard","meta":{"_jetpack_memberships_contains_paid_content":false,"footnotes":""},"categories":[21],"tags":[],"class_list":["post-129218","post","type-post","status-publish","format-standard","hentry","category-uutiset"],"jetpack_featured_media_url":"","jetpack_sharing_enabled":true,"_links":{"self":[{"href":"https:\/\/tietopankki.crnet.fi\/en\/wp-json\/wp\/v2\/posts\/129218","targetHints":{"allow":["GET"]}}],"collection":[{"href":"https:\/\/tietopankki.crnet.fi\/en\/wp-json\/wp\/v2\/posts"}],"about":[{"href":"https:\/\/tietopankki.crnet.fi\/en\/wp-json\/wp\/v2\/types\/post"}],"author":[{"embeddable":true,"href":"https:\/\/tietopankki.crnet.fi\/en\/wp-json\/wp\/v2\/users\/1"}],"replies":[{"embeddable":true,"href":"https:\/\/tietopankki.crnet.fi\/en\/wp-json\/wp\/v2\/comments?post=129218"}],"version-history":[{"count":0,"href":"https:\/\/tietopankki.crnet.fi\/en\/wp-json\/wp\/v2\/posts\/129218\/revisions"}],"wp:attachment":[{"href":"https:\/\/tietopankki.crnet.fi\/en\/wp-json\/wp\/v2\/media?parent=129218"}],"wp:term":[{"taxonomy":"category","embeddable":true,"href":"https:\/\/tietopankki.crnet.fi\/en\/wp-json\/wp\/v2\/categories?post=129218"},{"taxonomy":"post_tag","embeddable":true,"href":"https:\/\/tietopankki.crnet.fi\/en\/wp-json\/wp\/v2\/tags?post=129218"}],"curies":[{"name":"wp","href":"https:\/\/api.w.org\/{rel}","templated":true}]}}