{"id":129385,"date":"2024-04-02T10:38:45","date_gmt":"2024-04-02T07:38:45","guid":{"rendered":"https:\/\/tietopankki.crnet.fi\/fi\/uutiset\/suomi-rikkoo-kansainvalista-sopimusta-koska-sosiaaliturva-on-liian-alhainen\/"},"modified":"2024-04-02T10:38:45","modified_gmt":"2024-04-02T07:38:45","slug":"suomi-rikkoo-kansainvalista-sopimusta-koska-sosiaaliturva-on-liian-alhainen","status":"publish","type":"post","link":"https:\/\/tietopankki.crnet.fi\/en\/uutiset\/suomi-rikkoo-kansainvalista-sopimusta-koska-sosiaaliturva-on-liian-alhainen\/","title":{"rendered":"Suomi rikkoo kansainv\u00e4list\u00e4 sopimusta, koska sosiaaliturva on liian alhainen"},"content":{"rendered":"<div class=\"mp_wrapper\">\n  <div class=\"mepr-unauthorized-message\">\n    <p>You are unauthorized to view this page.<\/p>\n  <\/div>\n  <div class=\"mepr-login-form-wrap\">\n            \n<div class=\"mp_wrapper mp_login_form\">\n                  <!-- mp-login-form-start -->     <form name=\"mepr_loginform\" id=\"mepr_loginform\" class=\"mepr-form\" action=\"https:\/\/tietopankki.crnet.fi\/en\/login-2\/\" method=\"post\" data-trp-original-action=\"https:\/\/tietopankki.crnet.fi\/en\/login-2\/\">\n            <div class=\"mp-form-row mepr_username\">\n        <div class=\"mp-form-label\">\n                              <label for=\"user_login\">Username<\/label>\n        <\/div>\n        <input type=\"text\" name=\"log\" id=\"user_login\" value=\"\" \/>\n      <\/div>\n      <div class=\"mp-form-row mepr_password\">\n        <div class=\"mp-form-label\">\n          <label for=\"user_pass\">Password<\/label>\n          <div class=\"mp-hide-pw\">\n            <input type=\"password\" name=\"pwd\" id=\"user_pass\" value=\"\" \/>\n            <button type=\"button\" class=\"button mp-hide-pw hide-if-no-js\" data-toggle=\"0\" aria-label=\"Show password\">\n              <span class=\"dashicons dashicons-visibility\" aria-hidden=\"true\"><\/span>\n            <\/button>\n          <\/div>\n        <\/div>\n      <\/div>\n            <div>\n        <label><input name=\"rememberme\" type=\"checkbox\" id=\"rememberme\" value=\"forever\" \/> Remember Me<\/label>\n      <\/div>\n      <div class=\"mp-spacer\">&nbsp;<\/div>\n      <div class=\"submit\">\n        <input type=\"submit\" name=\"wp-submit\" id=\"wp-submit\" class=\"button-primary mepr-share-button\" value=\"Log In\" \/>\n        <input type=\"hidden\" name=\"redirect_to\" value=\"\/en\/wp-json\/wp\/v2\/posts\/129385\" \/>\n        <input type=\"hidden\" name=\"mepr_process_login_form\" value=\"true\" \/>\n        <input type=\"hidden\" name=\"mepr_is_login_page\" value=\"false\" \/>\n      <\/div>\n    <input type=\"hidden\" name=\"trp-form-language\" value=\"en\"\/><\/form>\n    <div class=\"mp-spacer\">&nbsp;<\/div>\n    <div class=\"mepr-login-actions\">\n        <a\n          href=\"https:\/\/tietopankki.crnet.fi\/en\/login-2\/?action=forgot_password\"\n          title=\"Click here to reset your password\"\n        >\n          Forgot Password        <\/a>\n    <\/div>\n\n      \n    <!-- mp-login-form-end --> \n  <\/div>\n      <\/div>\n<\/div>","protected":false},"excerpt":{"rendered":"<div class=\"smart_content_wrapper\">\nSuomi ei noudata kansainv\u00e4list\u00e4 sopimusta, joka m\u00e4\u00e4rittelee sosiaaliturvan minimitason. Petteri Orpon (kok.) hallituksen leikkaukset ajavat Suomea yh\u00e4 kauemmas sopimuksen vaatimuksista. Sosiaaliturvan minimitason m\u00e4\u00e4rittelee Euroopan sosiaalinen peruskirja, jonka Suomikin on allekirjoittanut. Peruskirjan noudattamista valvoo Euroopan neuvoston sosiaalisten oikeuksien komitea. Euroopan neuvosto on hallitustenv\u00e4linen ihmisoikeusj\u00e4rjest\u00f6. Komitea on moittinut Suomea liian alhaisesta sosiaaliturvasta kolmesti, viimeksi edellisen hallituksen aikana helmikuussa 2023. Tuolloin komitea totesi, etteiv\u00e4t v\u00e4himm\u00e4isetuudet kata tuensaajan perustarpeita. Komitea m\u00e4\u00e4rittelee sosiaaliturvaetuuden liian alhaiseksi, jos se j\u00e4\u00e4 alle puoleen maan mediaanitulosta. Suomessa Ihmisoikeusliitto on ihmetellyt, miksei hallitus puutu sopimusrikkomukseen. Sopimus on osa Suomen lains\u00e4\u00e4d\u00e4nt\u00f6\u00e4.<\/p>\n<p>Moitteista huolimatta Suomen perusturva on Euroopan mittapuulla parhaimpien joukossa, sanoo sosiaaliturva- ja vakuutusosaston p\u00e4\u00e4llikk\u00f6 Liisa Siika-aho sosiaali- ja terveysministeri\u00f6st\u00e4 (STM). Perusturvaetuuksia ovat esimerkiksi ty\u00f6tt\u00f6myysturva ja sairausp\u00e4iv\u00e4raha. Toisin sanoen monet muutkin Euroopan neuvoston j\u00e4senmaat saisivat moitteita, jos sosiaaliturvan tasosta voisi kannella. Suomi on yksi harvoista j\u00e4senmaista, joka on ratifioinut j\u00e4rjest\u00f6kantelut mahdollistavan lis\u00e4p\u00f6yt\u00e4kirjan. &#8220;Intuitiivisesti voisi ajatella, ett\u00e4 esimerkiksi Romania voisi saada moitteita, mutta heill\u00e4 ei ole kantelumahdollisuutta&#8221;, Siika-aho selitt\u00e4\u00e4. Lis\u00e4ksi Euroopan sosiaalinen peruskirja ei ota huomioon Suomen j\u00e4rjestelm\u00e4n erityispiirteit\u00e4, Siika-aho sanoo. Erityispiirteit\u00e4 ovat palvelut, jotka kattavat osan sosiaaliturvasta, sek\u00e4 asumistuki. &#8220;Asumistuki on poikkeuksellinen elementti. Asumista tuetaan eri tavoin eri maissa, eik\u00e4 muualla ole vastaavaa tukimuotoa kuin Suomessa. Sit\u00e4 ei voida ottaa vertailussa huomioon.&#8221;, h\u00e4n jatkaa.<\/p>\n<p>Julkisoikeuden emeritaprofessori Raija Huhtanen ei osta selityksi\u00e4. &#8220;Se, ett\u00e4 komitea on uusinut moitteensa, kertoo mielest\u00e4ni, ett\u00e4 komitea ei hyv\u00e4ksy Suomen selityksi\u00e4. Niin kauan kuin Suomi ei osaa perustella vakuuttavasti omia ratkaisujaan, on komitean n\u00e4kemykset otettava vakavasti&#8221;, Huhtanen painottaa. My\u00f6sk\u00e4\u00e4n kantelumahdollisuus ei ole Huhtasen mielest\u00e4 vett\u00e4 pit\u00e4v\u00e4 perustelu. &#8220;Suomi on sitoutunut noudattamaan peruskirjaa ja kantelumahdollisuutta. Ei kritiikki\u00e4 voi mitenk\u00e4\u00e4n sill\u00e4 torjua, ett\u00e4 muista maista ei voi tehd\u00e4 kanteluja&#8221;, h\u00e4n toteaa.<\/p>\n<p>Euroopan neuvostolla ei ole valtaa m\u00e4\u00e4r\u00e4t\u00e4 j\u00e4senmailleen sanktioita. Moite sosiaaliturvan tasosta on l\u00e4hinn\u00e4 mainehaitta valtiolle. Komitean moitteilla pit\u00e4isi kuitenkin olla vaikutusta Suomen sosiaalipolitiikkaan, sanovat professori Huhtanen sek\u00e4 Ihmisoikeusliiton Anna Salmivaara. &#8220;Vaikuttaa, ett\u00e4 moitteet halutaan j\u00e4tt\u00e4\u00e4 huomioimatta. Leikkauksia perustellaan sill\u00e4, ett\u00e4 rahat eiv\u00e4t riit\u00e4, on pakko. Eiv\u00e4t ihmisoikeusvelvoitteet est\u00e4 valtiota tekem\u00e4st\u00e4 s\u00e4\u00e4st\u00f6j\u00e4, mutta pit\u00e4isi l\u00f6yt\u00e4\u00e4 keinot, joilla jokaisen ihmisen minimitason oikeudet turvataan&#8221;, Salmivaara sanoo.<\/p>\n<p>Raija Huhtanen kritisoi Orpon hallituksen sosiaaliturvaleikkausten valmistelua: perustuslakivaliokunnalla ei ollut riitt\u00e4v\u00e4\u00e4 arviota siit\u00e4, miten leikkausten kokonaisuus vaikuttaa perus- ja ihmisoikeuksiin. &#8220;Kansainv\u00e4liset sopimukset j\u00e4iv\u00e4t vaille riitt\u00e4v\u00e4\u00e4 huomiota viel\u00e4 valiokunnankin k\u00e4sittelyss\u00e4.&#8221;, h\u00e4n sanoo. Perustuslain mukaan perustuslakivaliokunnan teht\u00e4viin kuuluu arvioida lakiesitysten suhdetta kansainv\u00e4lisiin ihmisoikeusvelvoitteisiin. STM:n Liisa Siika-aho kiist\u00e4\u00e4, ettei moitteilla tai kansainv\u00e4lisill\u00e4 sopimuksilla olisi mit\u00e4\u00e4n vaikutusta. Lains\u00e4\u00e4t\u00e4j\u00e4t kuitenkin kiinnitt\u00e4v\u00e4t enemm\u00e4n huomiota vaikutuksiin Suomen sis\u00e4ll\u00e4, h\u00e4n sanoo. &#8220;Mutta toki, kyll\u00e4h\u00e4n leikkauksia on tehty, ja olemme aiemmin saaneet huomautuksia. On todenn\u00e4k\u00f6ist\u00e4, ett\u00e4 palautetta tulee my\u00f6s jatkossa.&#8221;, Siika-aho sanoo. Yle pyysi my\u00f6s sosiaaliturvaministeri Sanni Grahn-Laasosta (kok.) kommentoimaan asiaa. Ministeri viestitti erityisavustajansa v\u00e4lityksell\u00e4, ettei h\u00e4nell\u00e4 ole lis\u00e4tt\u00e4v\u00e4\u00e4 Liisa Siika-ahon kommentteihin.<\/p>\n<p>Kelan laskelmien mukaan uudet etuusleikkaukset vaikuttavat eniten pienituloisiin nuoriin. Samaan p\u00e4\u00e4tyi my\u00f6s STM omissa laskuissaan. &#8220;Sit\u00e4 pidettiin hallituksen piiriss\u00e4 v\u00e4hiten huonona vaikutuksena. Leikkauksia pyrittiin kohdentamaan sellaisiin ryhmiin, joilla on omilla toimillaan eniten mahdollisuuksia p\u00e4\u00e4st\u00e4 esimerkiksi ty\u00f6el\u00e4m\u00e4\u00e4n&#8221;, Siika-aho sanoo.<\/p>\n<p>L\u00e4hde:<a rel=\"noopener\" href=\"https:\/\/yle.fi\/a\/74-20081049?origin=rss\"> Yle<\/a><\/p>\n<\/div>\n<p>The post <a rel=\"noopener\" href=\"https:\/\/vastuullisuusuutiset.fi\/fi\/vau-viikkokatsaus\/suomi-rikkoo-kansainvalista-sopimusta-koska-sosiaaliturva-on-liian-alhainen\/\">Suomi rikkoo kansainv\u00e4list\u00e4 sopimusta, koska sosiaaliturva on liian alhainen<\/a> appeared first on <a rel=\"noopener\" href=\"https:\/\/vastuullisuusuutiset.fi\/fi\">Vastuullisuusuutiset.fi<\/a>.<\/p>","protected":false},"author":1,"featured_media":0,"comment_status":"closed","ping_status":"closed","sticky":false,"template":"","format":"standard","meta":{"_jetpack_memberships_contains_paid_content":false,"footnotes":""},"categories":[21],"tags":[],"class_list":["post-129385","post","type-post","status-publish","format-standard","hentry","category-uutiset"],"jetpack_featured_media_url":"","jetpack_sharing_enabled":true,"_links":{"self":[{"href":"https:\/\/tietopankki.crnet.fi\/en\/wp-json\/wp\/v2\/posts\/129385","targetHints":{"allow":["GET"]}}],"collection":[{"href":"https:\/\/tietopankki.crnet.fi\/en\/wp-json\/wp\/v2\/posts"}],"about":[{"href":"https:\/\/tietopankki.crnet.fi\/en\/wp-json\/wp\/v2\/types\/post"}],"author":[{"embeddable":true,"href":"https:\/\/tietopankki.crnet.fi\/en\/wp-json\/wp\/v2\/users\/1"}],"replies":[{"embeddable":true,"href":"https:\/\/tietopankki.crnet.fi\/en\/wp-json\/wp\/v2\/comments?post=129385"}],"version-history":[{"count":0,"href":"https:\/\/tietopankki.crnet.fi\/en\/wp-json\/wp\/v2\/posts\/129385\/revisions"}],"wp:attachment":[{"href":"https:\/\/tietopankki.crnet.fi\/en\/wp-json\/wp\/v2\/media?parent=129385"}],"wp:term":[{"taxonomy":"category","embeddable":true,"href":"https:\/\/tietopankki.crnet.fi\/en\/wp-json\/wp\/v2\/categories?post=129385"},{"taxonomy":"post_tag","embeddable":true,"href":"https:\/\/tietopankki.crnet.fi\/en\/wp-json\/wp\/v2\/tags?post=129385"}],"curies":[{"name":"wp","href":"https:\/\/api.w.org\/{rel}","templated":true}]}}