{"id":129405,"date":"2024-04-03T08:20:53","date_gmt":"2024-04-03T05:20:53","guid":{"rendered":"https:\/\/tietopankki.crnet.fi\/fi\/uutiset\/pohjalaisjokien-virtaamat-ja-vedenpinnat-nousivat-nopeasti-paasiaisena\/"},"modified":"2024-04-03T08:20:53","modified_gmt":"2024-04-03T05:20:53","slug":"pohjalaisjokien-virtaamat-ja-vedenpinnat-nousivat-nopeasti-paasiaisena","status":"publish","type":"post","link":"https:\/\/tietopankki.crnet.fi\/en\/uutiset\/pohjalaisjokien-virtaamat-ja-vedenpinnat-nousivat-nopeasti-paasiaisena\/","title":{"rendered":"Pohjalaisjokien virtaamat ja vedenpinnat nousivat nopeasti p\u00e4\u00e4si\u00e4isen\u00e4"},"content":{"rendered":"<div class=\"mp_wrapper\">\n  <div class=\"mepr-unauthorized-message\">\n    <p>You are unauthorized to view this page.<\/p>\n  <\/div>\n  <div class=\"mepr-login-form-wrap\">\n            \n<div class=\"mp_wrapper mp_login_form\">\n                  <!-- mp-login-form-start -->     <form name=\"mepr_loginform\" id=\"mepr_loginform\" class=\"mepr-form\" action=\"https:\/\/tietopankki.crnet.fi\/en\/login-2\/\" method=\"post\" data-trp-original-action=\"https:\/\/tietopankki.crnet.fi\/en\/login-2\/\">\n            <div class=\"mp-form-row mepr_username\">\n        <div class=\"mp-form-label\">\n                              <label for=\"user_login\">Username<\/label>\n        <\/div>\n        <input type=\"text\" name=\"log\" id=\"user_login\" value=\"\" \/>\n      <\/div>\n      <div class=\"mp-form-row mepr_password\">\n        <div class=\"mp-form-label\">\n          <label for=\"user_pass\">Password<\/label>\n          <div class=\"mp-hide-pw\">\n            <input type=\"password\" name=\"pwd\" id=\"user_pass\" value=\"\" \/>\n            <button type=\"button\" class=\"button mp-hide-pw hide-if-no-js\" data-toggle=\"0\" aria-label=\"Show password\">\n              <span class=\"dashicons dashicons-visibility\" aria-hidden=\"true\"><\/span>\n            <\/button>\n          <\/div>\n        <\/div>\n      <\/div>\n            <div>\n        <label><input name=\"rememberme\" type=\"checkbox\" id=\"rememberme\" value=\"forever\" \/> Remember Me<\/label>\n      <\/div>\n      <div class=\"mp-spacer\">&nbsp;<\/div>\n      <div class=\"submit\">\n        <input type=\"submit\" name=\"wp-submit\" id=\"wp-submit\" class=\"button-primary mepr-share-button\" value=\"Log In\" \/>\n        <input type=\"hidden\" name=\"redirect_to\" value=\"\/en\/wp-json\/wp\/v2\/posts\/129405\" \/>\n        <input type=\"hidden\" name=\"mepr_process_login_form\" value=\"true\" \/>\n        <input type=\"hidden\" name=\"mepr_is_login_page\" value=\"false\" \/>\n      <\/div>\n    <input type=\"hidden\" name=\"trp-form-language\" value=\"en\"\/><\/form>\n    <div class=\"mp-spacer\">&nbsp;<\/div>\n    <div class=\"mepr-login-actions\">\n        <a\n          href=\"https:\/\/tietopankki.crnet.fi\/en\/login-2\/?action=forgot_password\"\n          title=\"Click here to reset your password\"\n        >\n          Forgot Password        <\/a>\n    <\/div>\n\n      \n    <!-- mp-login-form-end --> \n  <\/div>\n      <\/div>\n<\/div>","protected":false},"excerpt":{"rendered":"<div class=\"smart_content_wrapper\">\nL\u00e4mmin s\u00e4\u00e4 sai pohjalaisjokien virtaamat nousuun ja vedenpinnat kohoamaan p\u00e4\u00e4si\u00e4isen\u00e4. Sateiden vuoksi virtaamat nousivat nopeasti maanantaina etenkin Kauhajoen ja Jalasj\u00e4rven alueilla, ja t\u00e4ll\u00e4 oli vaikutuksensa Kyr\u00f6njoen virtaamiin. &#8220;Virtaamat olivat melko suuria etenkin alueemme etel\u00e4isimmill\u00e4, pienill\u00e4 vesist\u00f6alueilla sek\u00e4 Kyr\u00f6njoella ja Lapuanjoella&#8221;, kertoo johtava vesist\u00f6asiantuntija Katja Haukilehto Etel\u00e4-Pohjanmaan ely-keskuksesta. Suurilta j\u00e4\u00e4padoilta on toistaiseksi v\u00e4ltytty, vaikka virtaamat nousivat jo sille tasolle, ett\u00e4 j\u00e4it\u00e4 olisi voinut l\u00e4hte\u00e4 liikkeelle. &#8220;Eilen maanantaina seurasimme aktiivisesti etenkin Kyr\u00f6njoen j\u00e4it\u00e4 ja Lapv\u00e4\u00e4rtinjoen j\u00e4\u00e4tilannetta. K\u00e4vimme maastokierroksillakin.&#8221;, h\u00e4n jatkaa.<\/p>\n<p>Ely-keskus aloitti tulvap\u00e4ivystyksen p\u00e4\u00e4si\u00e4isen\u00e4. H\u00e4lytyksi\u00e4kin tuli. &#8220;Lapv\u00e4\u00e4rtinjoella Kristiinankaupungissa oli jonkin verran ongelmia, ja vett\u00e4 p\u00e4\u00e4si ainakin yhden talon kellariin&#8221;, Katja Haukilehto selvitt\u00e4\u00e4. Alavilla alueilla vesi on noussut pelloille. Vett\u00e4 lainehtii pelloilla j\u00e4lleen etenkin Kauhavan Liinamaassa Lapuanjoen varrella.<\/p>\n<p>Isokyr\u00f6l\u00e4inen Reijo K\u00e4rkk\u00e4inen on seurannut pohjalaisjokien tulvia vuosikymmeni\u00e4. T\u00e4n\u00e4kin vuonna h\u00e4n on kulkenut jokien varsia jo toista viikkoa. &#8220;Eilisest\u00e4 Kyr\u00f6njoen vedenpinta on noussut Ylistaron ja Isonkyr\u00f6n alueella parisenkymment\u00e4 sentti\u00e4.&#8221;, K\u00e4rkk\u00e4inen kertoo. K\u00e4rkk\u00e4ist\u00e4 kiehtoo tulvien seuraamisessa etenkin j\u00e4iden l\u00e4ht\u00f6. &#8220;Yleens\u00e4 ne tosin l\u00e4htev\u00e4t \u00f6isin, mutta aina joskus se tapahtuu p\u00e4iv\u00e4ll\u00e4kin. Tykk\u00e4\u00e4n seurata tulvien kehittymist\u00e4, kunhan ei vain vahinkoja synny.&#8221;, h\u00e4n jatkaa.<\/p>\n<p>P\u00e4\u00e4si\u00e4isen j\u00e4lkeen s\u00e4\u00e4 on j\u00e4lleen viilentynyt, ja y\u00f6t ovat ennusteiden mukaan alkaneella viikolla pakkasella. &#8220;Virtaamat k\u00e4\u00e4ntyv\u00e4t todenn\u00e4k\u00f6isesti jo t\u00e4n\u00e4\u00e4n laskuun&#8221;, Katja Haukilehto arvioi. Etel\u00e4-Pohjanmaalla ja Pohjanmaalla tulvahuippu koittanee huhtikuun puolessav\u00e4liss\u00e4, Keski-Pohjanmaalla huhtikuun lopulla. &#8220;T\u00e4m\u00e4 viikko on melko kylm\u00e4\u00e4, ja sitten taas l\u00e4mpenee. Tulvahuipun tarkka ajankohta riippuu t\u00e4ysin s\u00e4ist\u00e4 ja sadem\u00e4\u00e4rist\u00e4.&#8221;, h\u00e4n jatkaa.<\/p>\n<p>L\u00e4hde: <a rel=\"noopener\" href=\"https:\/\/yle.fi\/a\/74-20081692\">Yle<\/a><\/p>\n<\/div>\n<p>The post <a rel=\"noopener\" href=\"https:\/\/vastuullisuusuutiset.fi\/fi\/ymparistouutiset-fi\/pohjalaisjokien-virtaamat-ja-vedenpinnat-nousivat-nopeasti-paasiaisena\/\">Pohjalaisjokien virtaamat ja vedenpinnat nousivat nopeasti p\u00e4\u00e4si\u00e4isen\u00e4<\/a> appeared first on <a rel=\"noopener\" href=\"https:\/\/vastuullisuusuutiset.fi\/fi\">Vastuullisuusuutiset.fi<\/a>.<\/p>","protected":false},"author":1,"featured_media":0,"comment_status":"closed","ping_status":"closed","sticky":false,"template":"","format":"standard","meta":{"_jetpack_memberships_contains_paid_content":false,"footnotes":""},"categories":[21],"tags":[13580,13968,11778,269,629,630],"class_list":["post-129405","post","type-post","status-publish","format-standard","hentry","category-uutiset","tag-pohjalaisjoet","tag-paasiainen","tag-vedenpinnat","tag-ymparisto","tag-ymparistouutiset-fi","tag-ymparistouutiset_viikkokatsaus"],"jetpack_featured_media_url":"","jetpack_sharing_enabled":true,"_links":{"self":[{"href":"https:\/\/tietopankki.crnet.fi\/en\/wp-json\/wp\/v2\/posts\/129405","targetHints":{"allow":["GET"]}}],"collection":[{"href":"https:\/\/tietopankki.crnet.fi\/en\/wp-json\/wp\/v2\/posts"}],"about":[{"href":"https:\/\/tietopankki.crnet.fi\/en\/wp-json\/wp\/v2\/types\/post"}],"author":[{"embeddable":true,"href":"https:\/\/tietopankki.crnet.fi\/en\/wp-json\/wp\/v2\/users\/1"}],"replies":[{"embeddable":true,"href":"https:\/\/tietopankki.crnet.fi\/en\/wp-json\/wp\/v2\/comments?post=129405"}],"version-history":[{"count":0,"href":"https:\/\/tietopankki.crnet.fi\/en\/wp-json\/wp\/v2\/posts\/129405\/revisions"}],"wp:attachment":[{"href":"https:\/\/tietopankki.crnet.fi\/en\/wp-json\/wp\/v2\/media?parent=129405"}],"wp:term":[{"taxonomy":"category","embeddable":true,"href":"https:\/\/tietopankki.crnet.fi\/en\/wp-json\/wp\/v2\/categories?post=129405"},{"taxonomy":"post_tag","embeddable":true,"href":"https:\/\/tietopankki.crnet.fi\/en\/wp-json\/wp\/v2\/tags?post=129405"}],"curies":[{"name":"wp","href":"https:\/\/api.w.org\/{rel}","templated":true}]}}