{"id":129416,"date":"2024-04-03T09:35:22","date_gmt":"2024-04-03T06:35:22","guid":{"rendered":"https:\/\/tietopankki.crnet.fi\/fi\/uutiset\/vantaan-kouluampumisen-uhreja-muistetaan-tanaan-suruliputuksella\/"},"modified":"2024-04-03T09:35:22","modified_gmt":"2024-04-03T06:35:22","slug":"vantaan-kouluampumisen-uhreja-muistetaan-tanaan-suruliputuksella","status":"publish","type":"post","link":"https:\/\/tietopankki.crnet.fi\/en\/uutiset\/vantaan-kouluampumisen-uhreja-muistetaan-tanaan-suruliputuksella\/","title":{"rendered":"Vantaan kouluampumisen uhreja muistetaan t\u00e4n\u00e4\u00e4n suruliputuksella"},"content":{"rendered":"<div class=\"mp_wrapper\">\n  <div class=\"mepr-unauthorized-message\">\n    <p>You are unauthorized to view this page.<\/p>\n  <\/div>\n  <div class=\"mepr-login-form-wrap\">\n            \n<div class=\"mp_wrapper mp_login_form\">\n                  <!-- mp-login-form-start -->     <form name=\"mepr_loginform\" id=\"mepr_loginform\" class=\"mepr-form\" action=\"https:\/\/tietopankki.crnet.fi\/en\/login-2\/\" method=\"post\" data-trp-original-action=\"https:\/\/tietopankki.crnet.fi\/en\/login-2\/\">\n            <div class=\"mp-form-row mepr_username\">\n        <div class=\"mp-form-label\">\n                              <label for=\"user_login\">Username<\/label>\n        <\/div>\n        <input type=\"text\" name=\"log\" id=\"user_login\" value=\"\" \/>\n      <\/div>\n      <div class=\"mp-form-row mepr_password\">\n        <div class=\"mp-form-label\">\n          <label for=\"user_pass\">Password<\/label>\n          <div class=\"mp-hide-pw\">\n            <input type=\"password\" name=\"pwd\" id=\"user_pass\" value=\"\" \/>\n            <button type=\"button\" class=\"button mp-hide-pw hide-if-no-js\" data-toggle=\"0\" aria-label=\"Show password\">\n              <span class=\"dashicons dashicons-visibility\" aria-hidden=\"true\"><\/span>\n            <\/button>\n          <\/div>\n        <\/div>\n      <\/div>\n            <div>\n        <label><input name=\"rememberme\" type=\"checkbox\" id=\"rememberme\" value=\"forever\" \/> Remember Me<\/label>\n      <\/div>\n      <div class=\"mp-spacer\">&nbsp;<\/div>\n      <div class=\"submit\">\n        <input type=\"submit\" name=\"wp-submit\" id=\"wp-submit\" class=\"button-primary mepr-share-button\" value=\"Log In\" \/>\n        <input type=\"hidden\" name=\"redirect_to\" value=\"\/en\/wp-json\/wp\/v2\/posts\/129416\" \/>\n        <input type=\"hidden\" name=\"mepr_process_login_form\" value=\"true\" \/>\n        <input type=\"hidden\" name=\"mepr_is_login_page\" value=\"false\" \/>\n      <\/div>\n    <input type=\"hidden\" name=\"trp-form-language\" value=\"en\"\/><\/form>\n    <div class=\"mp-spacer\">&nbsp;<\/div>\n    <div class=\"mepr-login-actions\">\n        <a\n          href=\"https:\/\/tietopankki.crnet.fi\/en\/login-2\/?action=forgot_password\"\n          title=\"Click here to reset your password\"\n        >\n          Forgot Password        <\/a>\n    <\/div>\n\n      \n    <!-- mp-login-form-end --> \n  <\/div>\n      <\/div>\n<\/div>","protected":false},"excerpt":{"rendered":"<div class=\"smart_content_wrapper\">\nValtion virastoissa ja laitoksissa j\u00e4rjestet\u00e4\u00e4n t\u00e4n\u00e4\u00e4n sis\u00e4ministeri\u00f6n m\u00e4\u00e4r\u00e4\u00e4m\u00e4 suruliputus. Liputuksella muistetaan eilisen kouluampumisen uhreja. Sis\u00e4ministeri Mari Rantanen on esitt\u00e4nyt toiveen, ett\u00e4 koko Suomi osallistuu liputukseen. Suruliputus alkaa aamulla kello kahdeksalta ja p\u00e4\u00e4ttyy auringon laskiessa. Liputuksen alkaessa lippu vedet\u00e4\u00e4n ensin salossa yl\u00f6s asti ja lasketaan sen j\u00e4lkeen kolmanneksen tangon mittaa alas niin, ett\u00e4 lipun alareuna asettuu salon puoliv\u00e4liin.<\/p>\n<p>Vantaalla Viertolan koulussa yksi oppilas kuoli ja kaksi haavoittui eritt\u00e4in vakavasti kouluampumisessa eilen. Kosovon ulkoministeri\u00f6n mukaan toinen Vantaan kouluampumisessa haavoittuneista on kosovolainen tytt\u00f6. Poliisi kertoi eilen p\u00e4\u00e4sseens\u00e4 kuulemaan teosta ep\u00e4ilty\u00e4 12-vuotiasta poikaa, joka on tiett\u00e4v\u00e4sti uhrien luokkatoveri. &#8220;Poliisi selvitt\u00e4\u00e4 muun muassa teon motiivia sek\u00e4 tapahtuneeseen johtaneita syit\u00e4\u201d, rikoskomisario Marko S\u00e4rkk\u00e4 kertoi tiedotteessa eilen. Poliisin on m\u00e4\u00e4r\u00e4 tiedottaa asiasta lis\u00e4\u00e4 t\u00e4n\u00e4\u00e4n kello 14:\u00e4\u00e4n menness\u00e4.<\/p>\n<p>Viertolan koulussa on t\u00e4n\u00e4\u00e4n koulup\u00e4iv\u00e4. Vantaan kaupungin perusopetuksen johtajan Ilkka Kalon mukaan jokaisessa koulun luokassa on t\u00e4n\u00e4\u00e4n v\u00e4hint\u00e4\u00e4n yksi kriisity\u00f6ntekij\u00e4 oman opettajan lis\u00e4ksi. Eilisi\u00e4 tapahtumia k\u00e4sitell\u00e4\u00e4n oppilaiden ik\u00e4tasoon sopivalla tavalla. Koulussa on noin 830 oppilasta, joista l\u00e4hes kaikki ovat luokkien 1\u20136 oppilaita. Kalo toivoo, ett\u00e4 mahdollisimman moni oppilas tulee t\u00e4n\u00e4\u00e4n kouluun. Koulup\u00e4iv\u00e4 on tavallista lyhyempi, eik\u00e4 esimerkiksi liikunta- tai k\u00e4sity\u00f6tunteja j\u00e4rjestet\u00e4. Vanhemmille on l\u00e4hetetty viesti koulup\u00e4iv\u00e4n kulusta. &#8220;Toivomme, ett\u00e4 asiasta keskustellaan kotona, ja sitten koulussa keskustelu jatkuu.\u201d h\u00e4n sanoo. Kalon mukaan asiaa k\u00e4sitelless\u00e4 kuullaan oppilaiden tarpeita. &#8220;Keskustelemme niin kauan kuin sille on tarvetta.\u201d, Kalo jatkaa. Normaalien kouluteht\u00e4vien tekeminen alkaa, kun sille on tilaa. Koulussa halutaan keskitty\u00e4 oppilaiden tukemiseen. Siksi Kalo toivoo, ett\u00e4 esimerkiksi media kunnioittaa koulun ty\u00f6rauhaa.<\/p>\n<p>L\u00e4hde: <a rel=\"noopener\" href=\"https:\/\/www.maaseuduntulevaisuus.fi\/uutiset\/3172d065-96d4-4dc5-9394-9f21e5a59de5\">Maaseudun tulevaisuus<\/a><\/p>\n<\/div>\n<p>The post <a rel=\"noopener\" href=\"https:\/\/vastuullisuusuutiset.fi\/fi\/vau-viikkokatsaus\/vantaan-kouluampumisen-uhreja-muistetaan-tanaan-suruliputuksella\/\">Vantaan kouluampumisen uhreja muistetaan t\u00e4n\u00e4\u00e4n suruliputuksella<\/a> appeared first on <a rel=\"noopener\" href=\"https:\/\/vastuullisuusuutiset.fi\/fi\">Vastuullisuusuutiset.fi<\/a>.<\/p>","protected":false},"author":1,"featured_media":0,"comment_status":"closed","ping_status":"closed","sticky":false,"template":"","format":"standard","meta":{"_jetpack_memberships_contains_paid_content":false,"footnotes":""},"categories":[21],"tags":[],"class_list":["post-129416","post","type-post","status-publish","format-standard","hentry","category-uutiset"],"jetpack_featured_media_url":"","jetpack_sharing_enabled":true,"_links":{"self":[{"href":"https:\/\/tietopankki.crnet.fi\/en\/wp-json\/wp\/v2\/posts\/129416","targetHints":{"allow":["GET"]}}],"collection":[{"href":"https:\/\/tietopankki.crnet.fi\/en\/wp-json\/wp\/v2\/posts"}],"about":[{"href":"https:\/\/tietopankki.crnet.fi\/en\/wp-json\/wp\/v2\/types\/post"}],"author":[{"embeddable":true,"href":"https:\/\/tietopankki.crnet.fi\/en\/wp-json\/wp\/v2\/users\/1"}],"replies":[{"embeddable":true,"href":"https:\/\/tietopankki.crnet.fi\/en\/wp-json\/wp\/v2\/comments?post=129416"}],"version-history":[{"count":0,"href":"https:\/\/tietopankki.crnet.fi\/en\/wp-json\/wp\/v2\/posts\/129416\/revisions"}],"wp:attachment":[{"href":"https:\/\/tietopankki.crnet.fi\/en\/wp-json\/wp\/v2\/media?parent=129416"}],"wp:term":[{"taxonomy":"category","embeddable":true,"href":"https:\/\/tietopankki.crnet.fi\/en\/wp-json\/wp\/v2\/categories?post=129416"},{"taxonomy":"post_tag","embeddable":true,"href":"https:\/\/tietopankki.crnet.fi\/en\/wp-json\/wp\/v2\/tags?post=129416"}],"curies":[{"name":"wp","href":"https:\/\/api.w.org\/{rel}","templated":true}]}}