{"id":129555,"date":"2024-04-10T08:30:39","date_gmt":"2024-04-10T05:30:39","guid":{"rendered":"https:\/\/tietopankki.crnet.fi\/fi\/uutiset\/mittaushistorian-kuumin-maaliskuu-oli-jo-kymmenes-perattainen-ennatyskuuma-kuukausi\/"},"modified":"2024-04-10T08:30:39","modified_gmt":"2024-04-10T05:30:39","slug":"mittaushistorian-kuumin-maaliskuu-oli-jo-kymmenes-perattainen-ennatyskuuma-kuukausi","status":"publish","type":"post","link":"https:\/\/tietopankki.crnet.fi\/en\/uutiset\/mittaushistorian-kuumin-maaliskuu-oli-jo-kymmenes-perattainen-ennatyskuuma-kuukausi\/","title":{"rendered":"Mit\u00adtaus\u00adhis\u00adto\u00adrian kuumin maa\u00adlis\u00adkuu oli jo kym\u00adme\u00adnes pe\u00adr\u00e4t\u00adt\u00e4i\u00adnen en\u00adn\u00e4\u00adtys\u00adkuu\u00adma kuu\u00adkau\u00adsi"},"content":{"rendered":"<div class=\"mp_wrapper\">\n  <div class=\"mepr-unauthorized-message\">\n    <p>You are unauthorized to view this page.<\/p>\n  <\/div>\n  <div class=\"mepr-login-form-wrap\">\n            \n<div class=\"mp_wrapper mp_login_form\">\n                  <!-- mp-login-form-start -->     <form name=\"mepr_loginform\" id=\"mepr_loginform\" class=\"mepr-form\" action=\"https:\/\/tietopankki.crnet.fi\/en\/login-2\/\" method=\"post\" data-trp-original-action=\"https:\/\/tietopankki.crnet.fi\/en\/login-2\/\">\n            <div class=\"mp-form-row mepr_username\">\n        <div class=\"mp-form-label\">\n                              <label for=\"user_login\">Username<\/label>\n        <\/div>\n        <input type=\"text\" name=\"log\" id=\"user_login\" value=\"\" \/>\n      <\/div>\n      <div class=\"mp-form-row mepr_password\">\n        <div class=\"mp-form-label\">\n          <label for=\"user_pass\">Password<\/label>\n          <div class=\"mp-hide-pw\">\n            <input type=\"password\" name=\"pwd\" id=\"user_pass\" value=\"\" \/>\n            <button type=\"button\" class=\"button mp-hide-pw hide-if-no-js\" data-toggle=\"0\" aria-label=\"Show password\">\n              <span class=\"dashicons dashicons-visibility\" aria-hidden=\"true\"><\/span>\n            <\/button>\n          <\/div>\n        <\/div>\n      <\/div>\n            <div>\n        <label><input name=\"rememberme\" type=\"checkbox\" id=\"rememberme\" value=\"forever\" \/> Remember Me<\/label>\n      <\/div>\n      <div class=\"mp-spacer\">&nbsp;<\/div>\n      <div class=\"submit\">\n        <input type=\"submit\" name=\"wp-submit\" id=\"wp-submit\" class=\"button-primary mepr-share-button\" value=\"Log In\" \/>\n        <input type=\"hidden\" name=\"redirect_to\" value=\"\/en\/wp-json\/wp\/v2\/posts\/129555\" \/>\n        <input type=\"hidden\" name=\"mepr_process_login_form\" value=\"true\" \/>\n        <input type=\"hidden\" name=\"mepr_is_login_page\" value=\"false\" \/>\n      <\/div>\n    <input type=\"hidden\" name=\"trp-form-language\" value=\"en\"\/><\/form>\n    <div class=\"mp-spacer\">&nbsp;<\/div>\n    <div class=\"mepr-login-actions\">\n        <a\n          href=\"https:\/\/tietopankki.crnet.fi\/en\/login-2\/?action=forgot_password\"\n          title=\"Click here to reset your password\"\n        >\n          Forgot Password        <\/a>\n    <\/div>\n\n      \n    <!-- mp-login-form-end --> \n  <\/div>\n      <\/div>\n<\/div>","protected":false},"excerpt":{"rendered":"<div class=\"smart_content_wrapper\">\nP\u00e4\u00e4ttynyt maaliskuu oli mittaushistorian kuumin maaliskuu ja jo kymmenes per\u00e4tt\u00e4inen enn\u00e4tyskuuma kuukausi putkeen, raportoi ilmastonmuutosta seuraava EU:n Copernicus-palvelu. Maaliskuu oli 1,68 celsiusastetta l\u00e4mpim\u00e4mpi verrattuna esiteolliseen aikaan eli vuosiin 1850\u20131900. Palvelun varajohtajan Samantha Burgessin mukaan aiempi maaliskuun l\u00e4mp\u00f6enn\u00e4tys ylittyi vain asteen kymmenesosalla, mutta h\u00e4nen mukaansa h\u00e4lytt\u00e4v\u00e4mp\u00e4\u00e4 on pidemm\u00e4n aikav\u00e4lin trendi. Maaliskuun loppuun p\u00e4\u00e4ttynyt 12 kuukauden jakso oli mittaushistorian kuumin vuosi, joka oli esiteolliseen aikaan verrattuna 1,58 celsiusastetta l\u00e4mpim\u00e4mpi. Burgessin mukaan 1,5 asteen l\u00e4mpenemisen rajaa ei ole viel\u00e4 ylitetty, sill\u00e4 sit\u00e4 tarkkaillaan vuosikymmenien, ei vuosien tarkkuudella. &#8220;Todellisuudessa olemme \u00e4\u00e4rimm\u00e4isen l\u00e4hell\u00e4 ja el\u00e4mme jo velaksi&#8221;, Burgess kertoi uutistoimisto AFP:lle.<\/p>\n<p>Burgess totesi, ett\u00e4 tilanne on eritt\u00e4in h\u00e4lytt\u00e4v\u00e4 my\u00f6s merell\u00e4. Maaliskuussa mitattiin uusi enn\u00e4tys my\u00f6s valtamerten pintal\u00e4mp\u00f6tiloissa. Edellinen enn\u00e4tys syntyi helmikuussa. Valtameret ovat varastoineet 90 prosenttia ylim\u00e4\u00e4r\u00e4isest\u00e4 l\u00e4mm\u00f6st\u00e4, joka on syntynyt kasvaneiden hiilidioksidip\u00e4\u00e4st\u00f6jen my\u00f6t\u00e4. L\u00e4mpim\u00e4mpi merivesi merkitsee, ett\u00e4 ilmastoon voi varastoitua entist\u00e4 enemm\u00e4n vett\u00e4. Se kasvattaa s\u00e4\u00e4n \u00e4\u00e4ri-ilmi\u00f6iden todenn\u00e4k\u00f6isyytt\u00e4 ja tuo mukanaan lis\u00e4\u00e4 rankkasateita ja myrskytuulia. Hallitustenv\u00e4linen ilmastonmuutospaneeli on varoittanut, ett\u00e4 maapallon l\u00e4mpeneminen nousee todenn\u00e4k\u00f6isesti kriittisen 1,5 asteen rajan yl\u00e4puolelle pysyv\u00e4sti ensi vuosikymmenen alkupuolella. Vaikka Copernicuksen k\u00e4ytt\u00e4m\u00e4\u00e4 dataa on ker\u00e4tty vasta vuodesta 1940, muun muassa j\u00e4\u00e4kairausn\u00e4ytteiden ja puiden vuosilustojen perusteella varhaisempienkin aikojen l\u00e4mp\u00f6tiloista voidaan tehd\u00e4 p\u00e4\u00e4telmi\u00e4. &#8220;Tied\u00e4mme, ett\u00e4 el\u00e4m\u00e4mme aikakausi on nyt todenn\u00e4k\u00f6isesti l\u00e4mpimin sataantuhanteen vuoteen&#8221;, Burgess sanoi. My\u00f6s helmikuussa mitattu uusi meril\u00e4mp\u00f6tilaenn\u00e4tys rikottiin maaliskuussa.<\/p>\n<p>L\u00e4hde: <a rel=\"noopener\" href=\"https:\/\/www.lapinkansa.fi\/mittaushistorian-kuumin-maaliskuu-oli-jo-kymmenes\/6292002?utm_campaign=Feedit&amp;utm_source=Lapin%20Kansa&amp;utm_medium=RSS\">Lapin Kansa<\/a><\/p>\n<\/div>\n<p>The post <a rel=\"noopener\" href=\"https:\/\/vastuullisuusuutiset.fi\/fi\/ymparistouutiset-fi\/mittaushistorian-kuumin-maaliskuu-oli-jo-kymmenes-perattainen-ennatyskuuma-kuukausi\/\">Mit\u00adtaus\u00adhis\u00adto\u00adrian kuumin maa\u00adlis\u00adkuu oli jo kym\u00adme\u00adnes pe\u00adr\u00e4t\u00adt\u00e4i\u00adnen en\u00adn\u00e4\u00adtys\u00adkuu\u00adma kuu\u00adkau\u00adsi<\/a> appeared first on <a rel=\"noopener\" href=\"https:\/\/vastuullisuusuutiset.fi\/fi\">Vastuullisuusuutiset.fi<\/a>.<\/p>","protected":false},"author":1,"featured_media":0,"comment_status":"closed","ping_status":"closed","sticky":false,"template":"","format":"standard","meta":{"_jetpack_memberships_contains_paid_content":false,"footnotes":""},"categories":[21],"tags":[286,7337,7477,269,629,630],"class_list":["post-129555","post","type-post","status-publish","format-standard","hentry","category-uutiset","tag-ilmasto","tag-maaliskuu","tag-mittaushistoria","tag-ymparisto","tag-ymparistouutiset-fi","tag-ymparistouutiset_viikkokatsaus"],"jetpack_featured_media_url":"","jetpack_sharing_enabled":true,"_links":{"self":[{"href":"https:\/\/tietopankki.crnet.fi\/en\/wp-json\/wp\/v2\/posts\/129555","targetHints":{"allow":["GET"]}}],"collection":[{"href":"https:\/\/tietopankki.crnet.fi\/en\/wp-json\/wp\/v2\/posts"}],"about":[{"href":"https:\/\/tietopankki.crnet.fi\/en\/wp-json\/wp\/v2\/types\/post"}],"author":[{"embeddable":true,"href":"https:\/\/tietopankki.crnet.fi\/en\/wp-json\/wp\/v2\/users\/1"}],"replies":[{"embeddable":true,"href":"https:\/\/tietopankki.crnet.fi\/en\/wp-json\/wp\/v2\/comments?post=129555"}],"version-history":[{"count":0,"href":"https:\/\/tietopankki.crnet.fi\/en\/wp-json\/wp\/v2\/posts\/129555\/revisions"}],"wp:attachment":[{"href":"https:\/\/tietopankki.crnet.fi\/en\/wp-json\/wp\/v2\/media?parent=129555"}],"wp:term":[{"taxonomy":"category","embeddable":true,"href":"https:\/\/tietopankki.crnet.fi\/en\/wp-json\/wp\/v2\/categories?post=129555"},{"taxonomy":"post_tag","embeddable":true,"href":"https:\/\/tietopankki.crnet.fi\/en\/wp-json\/wp\/v2\/tags?post=129555"}],"curies":[{"name":"wp","href":"https:\/\/api.w.org\/{rel}","templated":true}]}}