{"id":129854,"date":"2024-04-18T08:15:44","date_gmt":"2024-04-18T05:15:44","guid":{"rendered":"https:\/\/tietopankki.crnet.fi\/fi\/uutiset\/pitkaan-pysyneet-jaat-ovat-johtaneet-hapen-maaran-vahenemiseen-pohjois-pohjanmaan-jarvissa\/"},"modified":"2024-04-18T08:15:44","modified_gmt":"2024-04-18T05:15:44","slug":"pitkaan-pysyneet-jaat-ovat-johtaneet-hapen-maaran-vahenemiseen-pohjois-pohjanmaan-jarvissa","status":"publish","type":"post","link":"https:\/\/tietopankki.crnet.fi\/en\/uutiset\/pitkaan-pysyneet-jaat-ovat-johtaneet-hapen-maaran-vahenemiseen-pohjois-pohjanmaan-jarvissa\/","title":{"rendered":"Pitk\u00e4\u00e4n pysyneet j\u00e4\u00e4t ovat johtaneet hapen m\u00e4\u00e4r\u00e4n v\u00e4henemiseen Pohjois-Pohjanmaan j\u00e4rviss\u00e4"},"content":{"rendered":"<div class=\"mp_wrapper\">\n  <div class=\"mepr-unauthorized-message\">\n    <p>You are unauthorized to view this page.<\/p>\n  <\/div>\n  <div class=\"mepr-login-form-wrap\">\n            \n<div class=\"mp_wrapper mp_login_form\">\n                  <!-- mp-login-form-start -->     <form name=\"mepr_loginform\" id=\"mepr_loginform\" class=\"mepr-form\" action=\"https:\/\/tietopankki.crnet.fi\/en\/login-2\/\" method=\"post\" data-trp-original-action=\"https:\/\/tietopankki.crnet.fi\/en\/login-2\/\">\n            <div class=\"mp-form-row mepr_username\">\n        <div class=\"mp-form-label\">\n                              <label for=\"user_login\">Username<\/label>\n        <\/div>\n        <input type=\"text\" name=\"log\" id=\"user_login\" value=\"\" \/>\n      <\/div>\n      <div class=\"mp-form-row mepr_password\">\n        <div class=\"mp-form-label\">\n          <label for=\"user_pass\">Password<\/label>\n          <div class=\"mp-hide-pw\">\n            <input type=\"password\" name=\"pwd\" id=\"user_pass\" value=\"\" \/>\n            <button type=\"button\" class=\"button mp-hide-pw hide-if-no-js\" data-toggle=\"0\" aria-label=\"Show password\">\n              <span class=\"dashicons dashicons-visibility\" aria-hidden=\"true\"><\/span>\n            <\/button>\n          <\/div>\n        <\/div>\n      <\/div>\n            <div>\n        <label><input name=\"rememberme\" type=\"checkbox\" id=\"rememberme\" value=\"forever\" \/> Remember Me<\/label>\n      <\/div>\n      <div class=\"mp-spacer\">&nbsp;<\/div>\n      <div class=\"submit\">\n        <input type=\"submit\" name=\"wp-submit\" id=\"wp-submit\" class=\"button-primary mepr-share-button\" value=\"Log In\" \/>\n        <input type=\"hidden\" name=\"redirect_to\" value=\"\/en\/wp-json\/wp\/v2\/posts\/129854\" \/>\n        <input type=\"hidden\" name=\"mepr_process_login_form\" value=\"true\" \/>\n        <input type=\"hidden\" name=\"mepr_is_login_page\" value=\"false\" \/>\n      <\/div>\n    <input type=\"hidden\" name=\"trp-form-language\" value=\"en\"\/><\/form>\n    <div class=\"mp-spacer\">&nbsp;<\/div>\n    <div class=\"mepr-login-actions\">\n        <a\n          href=\"https:\/\/tietopankki.crnet.fi\/en\/login-2\/?action=forgot_password\"\n          title=\"Click here to reset your password\"\n        >\n          Forgot Password        <\/a>\n    <\/div>\n\n      \n    <!-- mp-login-form-end --> \n  <\/div>\n      <\/div>\n<\/div>","protected":false},"excerpt":{"rendered":"<div class=\"smart_content_wrapper\">\nPitk\u00e4 j\u00e4rvien j\u00e4\u00e4tyminen on vaikuttanut Pohjois-Pohjanmaan j\u00e4rvien happitilanteeseen t\u00e4n\u00e4 talvena. Happi on ollut v\u00e4hiss\u00e4 etenkin reheviss\u00e4 ja matalissa j\u00e4rviss\u00e4, tiedottaa Pohjois-Pohjanmaan ely-keskus. Ely-keskus selvitti maalis-huhtikuun aikana 38 j\u00e4rven happitilannetta Pohjois-Pohjanmaalla. Aikaisin syksyll\u00e4 tullut j\u00e4\u00e4peite on vaikuttanut hapen m\u00e4\u00e4r\u00e4\u00e4n etenkin matalissa ja reheviss\u00e4 j\u00e4rviss\u00e4. J\u00e4\u00e4peitteen vuoksi happea ei liukene ilmasta vesist\u00f6\u00f6n.<\/p>\n<p>Etenkin Oulun Papinj\u00e4rvess\u00e4 ja Niilesj\u00e4rvess\u00e4 sek\u00e4 Ainalinj\u00e4rvess\u00e4 Haapavedell\u00e4 happitilanne oli ely-keskukseen mukaan heikko. Happi oli l\u00e4hes lopussa muun muassa Komuj\u00e4rvess\u00e4 Pyh\u00e4j\u00e4rvell\u00e4, Pudasj\u00e4rven Jaurakaisj\u00e4rvess\u00e4 ja Haapaveden Kuusaanj\u00e4rvess\u00e4. My\u00f6s joissain syvemmiss\u00e4 j\u00e4rviss\u00e4 hapen m\u00e4\u00e4r\u00e4 l\u00e4hell\u00e4 pohjaa oli v\u00e4hiss\u00e4, ely-keskukselta kerrotaan. Syvemmiss\u00e4 j\u00e4rviss\u00e4 hapen m\u00e4\u00e4r\u00e4 voi v\u00e4henty\u00e4 pohjan l\u00e4helt\u00e4 kun eri l\u00e4mp\u00f6tiloissa olevat vesikerrokset eiv\u00e4t sekoitu kesken\u00e4\u00e4n. Hapen puute vedess\u00e4 voi johtaa kalojen kuolemiin. Esimerkiksi Sievin Jyringinj\u00e4rvess\u00e4 oli tullut ilmoituksia kalakuolemista ja happi oli j\u00e4rvest\u00e4 melkein lopussa. Osa kalalajeista pystyy el\u00e4m\u00e4\u00e4n pienemmiss\u00e4 happipitoisuuksia toisia paremmin. Ely-keskuksen mukaan happitilanne voi heikenty\u00e4 viel\u00e4kin j\u00e4iden l\u00e4hd\u00f6n viiv\u00e4styess\u00e4. J\u00e4rvien j\u00e4\u00e4npaksuus Pohjois-Pohjanmaalla vaihteli maalis-huhtikuussa keskim\u00e4\u00e4rin puolesta metrist\u00e4 80 senttimetriin.<\/p>\n<p>L\u00e4hde: <a rel=\"noopener\" href=\"https:\/\/yle.fi\/a\/74-20084251\">Yle<\/a><\/p>\n<\/div>\n<p>The post <a rel=\"noopener\" href=\"https:\/\/vastuullisuusuutiset.fi\/fi\/ymparistouutiset-fi\/pitkaan-pysyneet-jaat-ovat-johtaneet-hapen-maaran-vahenemiseen-pohjois-pohjanmaan-jarvissa\/\">Pitk\u00e4\u00e4n pysyneet j\u00e4\u00e4t ovat johtaneet hapen m\u00e4\u00e4r\u00e4n v\u00e4henemiseen Pohjois-Pohjanmaan j\u00e4rviss\u00e4<\/a> appeared first on <a rel=\"noopener\" href=\"https:\/\/vastuullisuusuutiset.fi\/fi\">Vastuullisuusuutiset.fi<\/a>.<\/p>","protected":false},"author":1,"featured_media":0,"comment_status":"closed","ping_status":"closed","sticky":false,"template":"","format":"standard","meta":{"_jetpack_memberships_contains_paid_content":false,"footnotes":""},"categories":[21],"tags":[14212,3937,12530,2387,1400,1441,2900,629,630],"class_list":["post-129854","post","type-post","status-publish","format-standard","hentry","category-uutiset","tag-happi","tag-jarvet","tag-jaat","tag-kalat","tag-kuolema","tag-maara","tag-pohjois-pohjanmaa","tag-ymparistouutiset-fi","tag-ymparistouutiset_viikkokatsaus"],"jetpack_featured_media_url":"","jetpack_sharing_enabled":true,"_links":{"self":[{"href":"https:\/\/tietopankki.crnet.fi\/en\/wp-json\/wp\/v2\/posts\/129854","targetHints":{"allow":["GET"]}}],"collection":[{"href":"https:\/\/tietopankki.crnet.fi\/en\/wp-json\/wp\/v2\/posts"}],"about":[{"href":"https:\/\/tietopankki.crnet.fi\/en\/wp-json\/wp\/v2\/types\/post"}],"author":[{"embeddable":true,"href":"https:\/\/tietopankki.crnet.fi\/en\/wp-json\/wp\/v2\/users\/1"}],"replies":[{"embeddable":true,"href":"https:\/\/tietopankki.crnet.fi\/en\/wp-json\/wp\/v2\/comments?post=129854"}],"version-history":[{"count":0,"href":"https:\/\/tietopankki.crnet.fi\/en\/wp-json\/wp\/v2\/posts\/129854\/revisions"}],"wp:attachment":[{"href":"https:\/\/tietopankki.crnet.fi\/en\/wp-json\/wp\/v2\/media?parent=129854"}],"wp:term":[{"taxonomy":"category","embeddable":true,"href":"https:\/\/tietopankki.crnet.fi\/en\/wp-json\/wp\/v2\/categories?post=129854"},{"taxonomy":"post_tag","embeddable":true,"href":"https:\/\/tietopankki.crnet.fi\/en\/wp-json\/wp\/v2\/tags?post=129854"}],"curies":[{"name":"wp","href":"https:\/\/api.w.org\/{rel}","templated":true}]}}