{"id":129910,"date":"2024-04-19T09:50:38","date_gmt":"2024-04-19T06:50:38","guid":{"rendered":"https:\/\/tietopankki.crnet.fi\/fi\/uutiset\/suomen-tuulivoimayhdistys-laajentaa-toimintaansa-aurinkovoimaan\/"},"modified":"2024-04-19T09:50:38","modified_gmt":"2024-04-19T06:50:38","slug":"suomen-tuulivoimayhdistys-laajentaa-toimintaansa-aurinkovoimaan","status":"publish","type":"post","link":"https:\/\/tietopankki.crnet.fi\/en\/uutiset\/suomen-tuulivoimayhdistys-laajentaa-toimintaansa-aurinkovoimaan\/","title":{"rendered":"Suomen Tuulivoimayhdistys laajentaa toimintaansa aurinkovoimaan"},"content":{"rendered":"<div class=\"mp_wrapper\">\n  <div class=\"mepr-unauthorized-message\">\n    <p>You are unauthorized to view this page.<\/p>\n  <\/div>\n  <div class=\"mepr-login-form-wrap\">\n            \n<div class=\"mp_wrapper mp_login_form\">\n                  <!-- mp-login-form-start -->     <form name=\"mepr_loginform\" id=\"mepr_loginform\" class=\"mepr-form\" action=\"https:\/\/tietopankki.crnet.fi\/en\/login-2\/\" method=\"post\" data-trp-original-action=\"https:\/\/tietopankki.crnet.fi\/en\/login-2\/\">\n            <div class=\"mp-form-row mepr_username\">\n        <div class=\"mp-form-label\">\n                              <label for=\"user_login\">Username<\/label>\n        <\/div>\n        <input type=\"text\" name=\"log\" id=\"user_login\" value=\"\" \/>\n      <\/div>\n      <div class=\"mp-form-row mepr_password\">\n        <div class=\"mp-form-label\">\n          <label for=\"user_pass\">Password<\/label>\n          <div class=\"mp-hide-pw\">\n            <input type=\"password\" name=\"pwd\" id=\"user_pass\" value=\"\" \/>\n            <button type=\"button\" class=\"button mp-hide-pw hide-if-no-js\" data-toggle=\"0\" aria-label=\"Show password\">\n              <span class=\"dashicons dashicons-visibility\" aria-hidden=\"true\"><\/span>\n            <\/button>\n          <\/div>\n        <\/div>\n      <\/div>\n            <div>\n        <label><input name=\"rememberme\" type=\"checkbox\" id=\"rememberme\" value=\"forever\" \/> Remember Me<\/label>\n      <\/div>\n      <div class=\"mp-spacer\">&nbsp;<\/div>\n      <div class=\"submit\">\n        <input type=\"submit\" name=\"wp-submit\" id=\"wp-submit\" class=\"button-primary mepr-share-button\" value=\"Log In\" \/>\n        <input type=\"hidden\" name=\"redirect_to\" value=\"\/en\/wp-json\/wp\/v2\/posts\/129910\" \/>\n        <input type=\"hidden\" name=\"mepr_process_login_form\" value=\"true\" \/>\n        <input type=\"hidden\" name=\"mepr_is_login_page\" value=\"false\" \/>\n      <\/div>\n    <input type=\"hidden\" name=\"trp-form-language\" value=\"en\"\/><\/form>\n    <div class=\"mp-spacer\">&nbsp;<\/div>\n    <div class=\"mepr-login-actions\">\n        <a\n          href=\"https:\/\/tietopankki.crnet.fi\/en\/login-2\/?action=forgot_password\"\n          title=\"Click here to reset your password\"\n        >\n          Forgot Password        <\/a>\n    <\/div>\n\n      \n    <!-- mp-login-form-end --> \n  <\/div>\n      <\/div>\n<\/div>","protected":false},"excerpt":{"rendered":"<div class=\"smart_content_wrapper\">\nSTY:n vuosikokouksessa p\u00e4\u00e4tettiin eilen 18.4. s\u00e4\u00e4nt\u00f6muutoksista, jotka mahdollistavat yhdistyksen toiminnan laajentamisen teollisen kokoluokan aurinkovoiman edunvalvontaan. Jatkossa yhdistys tulee edist\u00e4m\u00e4\u00e4n kotimaisen maa- ja merituulivoiman lis\u00e4ksi aurinkovoiman toimintaedellytyksi\u00e4 Suomessa. Lis\u00e4ksi muutetut s\u00e4\u00e4nn\u00f6t sallivat aurinko- ja tuulivoimahankkeisiin liittyvien muiden toimintojen, esimerkiksi hankkeiden yhteyteen rakennettavien energiavarastojen, edunvalvonnan. S\u00e4\u00e4nt\u00f6muutos mahdollistaa tulevaisuudessa my\u00f6s muiden uusimpien energiantuotannon ratkaisujen liitt\u00e4misen yhdistyksen edunvalvonnan alle, mik\u00e4li niin erikseen p\u00e4\u00e4tet\u00e4\u00e4n.<\/p>\n<p>\u201dToisiaan hyvin tukevien tuuli- ja aurinkovoiman edunvalvonnan yhdistyminen luo monia synergiaetuja ja vahvistaa yhdistyksen roolia kotimaisen uusiutuvan energian kent\u00e4ll\u00e4. Tuuli- ja aurinkovoimalla on yhdess\u00e4 todella merkitt\u00e4v\u00e4 puhtaan s\u00e4hk\u00f6n tuotantopotentiaali Suomessa ja ylpe\u00e4n\u00e4 edustamme jatkossa kumpaakin energiamurroksen suunnann\u00e4ytt\u00e4j\u00e4\u00e4\u201d, iloitsee Suomen Tuulivoimayhdistyksen toimitusjohtaja Anni Mikkonen.<\/p>\n<p>Teollisen kokoluokan aurinkovoima on nousemassa vauhdilla t\u00e4rke\u00e4ksi osaksi maamme laajempaa uusiutuvan energian ja energiaomavaraisuuden strategiaa. Yhdess\u00e4 tuulivoiman kanssa tuotantoalat tulevat pian kattamaan suurimman osan maamme uusiutuvasta s\u00e4hk\u00f6ntuotannosta, ja luovat Suomelle vahvan pohjan toimia tulevaisuudessa esimerkiksi vetyyn perustuvan teollisuuden kotimaana.<\/p>\n<p>\u201dSuomella on mahdollisuus toimia strategisesti t\u00e4rke\u00e4n\u00e4 energiamurroksen kumppanina ja puhtaan energian mallimaana koko Euroopalle. Toimiva ja kasvuun kannustava investointiymp\u00e4rist\u00f6 on kotimaisen aurinkovoiman kasvun edellytys ja siksi onkin erinomainen uutinen, ett\u00e4 aurinkovoimalla ja tuulivoimalla on jatkossa vahva yhteinen rintama uusiutuvan energian edunvalvonnan edist\u00e4miseksi\u201d, kommentoi globaalisti uusiutuvaan energiaan ja my\u00f6s aurinkovoimaan sijoittavan Korkian perustajaosakas- ja hallituksen j\u00e4sen Martti Malmivirta.<\/p>\n<p>P\u00e4\u00e4t\u00f6ksen my\u00f6t\u00e4 on laitettu vireille yhdistyksen nimenmuutos, joka vahvistuu kev\u00e4\u00e4n aikana. Siihen saakka yhdistys toimii vanhalla nimell\u00e4\u00e4n ja samoilla yhteystiedoilla. Yhdistyksen laajentumiseen liittyvi\u00e4 k\u00e4yt\u00e4nn\u00f6n muutost\u00f6it\u00e4 tehd\u00e4\u00e4n parhaillaan ja aurinkovoimaan keskittyv\u00e4n henkil\u00f6st\u00f6n rekrytointi on k\u00e4ynnistetty. Uusia j\u00e4senyrityksi\u00e4 otetaan vastaan 6.5.2024 l\u00e4htien yhdistyksen verkkosivuilla.<\/p>\n<p>L\u00e4hde: <a rel=\"noopener\" href=\"https:\/\/www.epressi.com\/tiedotteet\/energia\/suomen-tuulivoimayhdistys-laajentaa-toimintaansa-aurinkovoimaan.html\">Suomen Tuulivoimayhdistys ry | Epressi<\/a><\/p>\n<\/div>\n<p>The post <a rel=\"noopener\" href=\"https:\/\/vastuullisuusuutiset.fi\/fi\/vau-viikkokatsaus\/suomen-tuulivoimayhdistys-laajentaa-toimintaansa-aurinkovoimaan\/\">Suomen Tuulivoimayhdistys laajentaa toimintaansa aurinkovoimaan<\/a> appeared first on <a rel=\"noopener\" href=\"https:\/\/vastuullisuusuutiset.fi\/fi\">Vastuullisuusuutiset.fi<\/a>.<\/p>","protected":false},"author":1,"featured_media":0,"comment_status":"closed","ping_status":"closed","sticky":false,"template":"","format":"standard","meta":{"_jetpack_memberships_contains_paid_content":false,"footnotes":""},"categories":[21],"tags":[],"class_list":["post-129910","post","type-post","status-publish","format-standard","hentry","category-uutiset"],"jetpack_featured_media_url":"","jetpack_sharing_enabled":true,"_links":{"self":[{"href":"https:\/\/tietopankki.crnet.fi\/en\/wp-json\/wp\/v2\/posts\/129910","targetHints":{"allow":["GET"]}}],"collection":[{"href":"https:\/\/tietopankki.crnet.fi\/en\/wp-json\/wp\/v2\/posts"}],"about":[{"href":"https:\/\/tietopankki.crnet.fi\/en\/wp-json\/wp\/v2\/types\/post"}],"author":[{"embeddable":true,"href":"https:\/\/tietopankki.crnet.fi\/en\/wp-json\/wp\/v2\/users\/1"}],"replies":[{"embeddable":true,"href":"https:\/\/tietopankki.crnet.fi\/en\/wp-json\/wp\/v2\/comments?post=129910"}],"version-history":[{"count":0,"href":"https:\/\/tietopankki.crnet.fi\/en\/wp-json\/wp\/v2\/posts\/129910\/revisions"}],"wp:attachment":[{"href":"https:\/\/tietopankki.crnet.fi\/en\/wp-json\/wp\/v2\/media?parent=129910"}],"wp:term":[{"taxonomy":"category","embeddable":true,"href":"https:\/\/tietopankki.crnet.fi\/en\/wp-json\/wp\/v2\/categories?post=129910"},{"taxonomy":"post_tag","embeddable":true,"href":"https:\/\/tietopankki.crnet.fi\/en\/wp-json\/wp\/v2\/tags?post=129910"}],"curies":[{"name":"wp","href":"https:\/\/api.w.org\/{rel}","templated":true}]}}