{"id":129911,"date":"2024-04-19T09:45:21","date_gmt":"2024-04-19T06:45:21","guid":{"rendered":"https:\/\/tietopankki.crnet.fi\/fi\/uutiset\/suomen-yrittajat-kysely-joka-viides-pk-yritys-kertoo-olevansa-huonossa-taloudellisessa-tilanteessa\/"},"modified":"2024-04-19T09:45:21","modified_gmt":"2024-04-19T06:45:21","slug":"suomen-yrittajat-kysely-joka-viides-pk-yritys-kertoo-olevansa-huonossa-taloudellisessa-tilanteessa","status":"publish","type":"post","link":"https:\/\/tietopankki.crnet.fi\/en\/uutiset\/suomen-yrittajat-kysely-joka-viides-pk-yritys-kertoo-olevansa-huonossa-taloudellisessa-tilanteessa\/","title":{"rendered":"Suomen Yritt\u00e4j\u00e4t Kysely: Joka viides pk-yritys kertoo olevansa huonossa taloudellisessa tilanteessa"},"content":{"rendered":"<div class=\"mp_wrapper\">\n  <div class=\"mepr-unauthorized-message\">\n    <p>You are unauthorized to view this page.<\/p>\n  <\/div>\n  <div class=\"mepr-login-form-wrap\">\n            \n<div class=\"mp_wrapper mp_login_form\">\n                  <!-- mp-login-form-start -->     <form name=\"mepr_loginform\" id=\"mepr_loginform\" class=\"mepr-form\" action=\"https:\/\/tietopankki.crnet.fi\/en\/login-2\/\" method=\"post\" data-trp-original-action=\"https:\/\/tietopankki.crnet.fi\/en\/login-2\/\">\n            <div class=\"mp-form-row mepr_username\">\n        <div class=\"mp-form-label\">\n                              <label for=\"user_login\">Username<\/label>\n        <\/div>\n        <input type=\"text\" name=\"log\" id=\"user_login\" value=\"\" \/>\n      <\/div>\n      <div class=\"mp-form-row mepr_password\">\n        <div class=\"mp-form-label\">\n          <label for=\"user_pass\">Password<\/label>\n          <div class=\"mp-hide-pw\">\n            <input type=\"password\" name=\"pwd\" id=\"user_pass\" value=\"\" \/>\n            <button type=\"button\" class=\"button mp-hide-pw hide-if-no-js\" data-toggle=\"0\" aria-label=\"Show password\">\n              <span class=\"dashicons dashicons-visibility\" aria-hidden=\"true\"><\/span>\n            <\/button>\n          <\/div>\n        <\/div>\n      <\/div>\n            <div>\n        <label><input name=\"rememberme\" type=\"checkbox\" id=\"rememberme\" value=\"forever\" \/> Remember Me<\/label>\n      <\/div>\n      <div class=\"mp-spacer\">&nbsp;<\/div>\n      <div class=\"submit\">\n        <input type=\"submit\" name=\"wp-submit\" id=\"wp-submit\" class=\"button-primary mepr-share-button\" value=\"Log In\" \/>\n        <input type=\"hidden\" name=\"redirect_to\" value=\"\/en\/wp-json\/wp\/v2\/posts\/129911\" \/>\n        <input type=\"hidden\" name=\"mepr_process_login_form\" value=\"true\" \/>\n        <input type=\"hidden\" name=\"mepr_is_login_page\" value=\"false\" \/>\n      <\/div>\n    <input type=\"hidden\" name=\"trp-form-language\" value=\"en\"\/><\/form>\n    <div class=\"mp-spacer\">&nbsp;<\/div>\n    <div class=\"mepr-login-actions\">\n        <a\n          href=\"https:\/\/tietopankki.crnet.fi\/en\/login-2\/?action=forgot_password\"\n          title=\"Click here to reset your password\"\n        >\n          Forgot Password        <\/a>\n    <\/div>\n\n      \n    <!-- mp-login-form-end --> \n  <\/div>\n      <\/div>\n<\/div>","protected":false},"excerpt":{"rendered":"<div class=\"smart_content_wrapper\">\nPienist\u00e4 ja keskisuurista yrityksist\u00e4 noin viidesosa eli 19 prosenttia kertoo olevansa melko huonossa tai eritt\u00e4in huonossa taloudellisessa tilanteessa. Asia k\u00e4y ilmi Suomen Yritt\u00e4jien teett\u00e4m\u00e4st\u00e4 kyselyst\u00e4. Osuus on suurin sitten vuoden 2022 toukokuun, jolloin asiaa kysyttiin vastaavassa kyselyss\u00e4 ensimm\u00e4ist\u00e4 kertaa, Suomen Yritt\u00e4jien tiedotteessa kerrotaan. Osuus on kasvanut hieman my\u00f6s helmikuusta, jolloin Suomen Yritt\u00e4j\u00e4t viimeksi kysyi asiaa vastaavassa kyselyss\u00e4\u00e4n. Tuolloin 17 prosenttia pk-yrityksist\u00e4 kertoi olevansa melko huonossa tai eritt\u00e4in huonossa taloudellisessa tilanteessa. Suomen Yritt\u00e4jien toimitusjohtaja Mikael Pentik\u00e4inen n\u00e4kee, ett\u00e4 kehityksen taustalla ovat niin poliittiset lakot kuin talouden hyytyminen. &#8220;Yritysten tilanne on kev\u00e4\u00e4n mittaan heikentynyt. Siin\u00e4 n\u00e4kyy erityisesti poliittisten lakkojen aiheuttamat ongelmat ja talouden hyytyminen&#8221;, Pentik\u00e4inen sanoo tiedotteessa. &#8220;Valitettavasti kehysriihen verop\u00e4\u00e4t\u00f6ksill\u00e4 moni ahtaalla oleva yritt\u00e4j\u00e4 uhkaa joutuu viel\u00e4 ahtaammalle.&#8221;, h\u00e4n jatkaa. Tutkimusyhti\u00f6 Verianin toteuttamaan kyselyyn vastasi huhtikuussa runsaat tuhat pk-yritysten edustajaa.<\/p>\n<p>Kyselyss\u00e4 huonossa tilanteessa olevia yrityksi\u00e4 on suhteellisesti eniten kaupan alalla. Noin nelj\u00e4nnes eli 24 prosenttia kaupan alan pk-yrityksist\u00e4 kertoo tilanteensa olevan huono. Teollisuudessa osuus on hieman pienempi eli 22 prosenttia. Eritt\u00e4in huonosta tilanteesta kertovien pk-teollisuusyritysten osuus on noin kymmenkertaistunut helmikuun kyselyst\u00e4. Tuolloin vain prosentti kertoi tilanteensa olevan eritt\u00e4in huono, kun huhtikuussa osuus oli noussut 11 prosenttiin. Puolet tuoreeseen kyselyyn vastanneista pk-yrityksist\u00e4 sen sijaan sanoo olevansa melko hyv\u00e4ss\u00e4 tai eritt\u00e4in hyv\u00e4ss\u00e4 taloudellisessa tilanteessa. Osuus on pysynyt jotakuinkin samana verrattuna helmikuun kyselyyn. Pk-yrityksist\u00e4 19 prosenttia arvioi tilanteensa heikkenev\u00e4n seuraavan vuoden aikana. Osuus on hieman laskenut helmikuusta, jolloin 22 prosenttia arvioi tilanteensa heikkenev\u00e4n. Eniten tulevaisuudenuskoa l\u00f6ytyy teollisuudesta ja kaupan alalta, joissa kummassakin reilu kolmannes yrityksist\u00e4 arvioi tilanteensa paranevan vuoden aikana. 49 prosenttia yrityksist\u00e4 sanoo, ett\u00e4 ay-liikkeen lakoilla ei ole ollut vaikutusta yrityksen toimintaan. Vastaavasti kielteisist\u00e4 vaikutuksista kertoo 46 prosenttia. Prosentti vastaajista sanoo, ett\u00e4 lakot ovat vaikuttaneet my\u00f6nteisesti.<\/p>\n<p>L\u00e4hde: <a rel=\"noopener\" href=\"https:\/\/yle.fi\/a\/74-20084488?origin=rss\">Yle<\/a><\/p>\n<\/div>\n<p>The post <a rel=\"noopener\" href=\"https:\/\/vastuullisuusuutiset.fi\/fi\/vau-viikkokatsaus\/kysely-joka-viides-pk-yritys-kertoo-olevansa-huonossa-taloudellisessa-tilanteessa\/\">Suomen Yritt\u00e4j\u00e4t Kysely: Joka viides pk-yritys kertoo olevansa huonossa taloudellisessa tilanteessa<\/a> appeared first on <a rel=\"noopener\" href=\"https:\/\/vastuullisuusuutiset.fi\/fi\">Vastuullisuusuutiset.fi<\/a>.<\/p>","protected":false},"author":1,"featured_media":0,"comment_status":"closed","ping_status":"closed","sticky":false,"template":"","format":"standard","meta":{"_jetpack_memberships_contains_paid_content":false,"footnotes":""},"categories":[21],"tags":[],"class_list":["post-129911","post","type-post","status-publish","format-standard","hentry","category-uutiset"],"jetpack_featured_media_url":"","jetpack_sharing_enabled":true,"_links":{"self":[{"href":"https:\/\/tietopankki.crnet.fi\/en\/wp-json\/wp\/v2\/posts\/129911","targetHints":{"allow":["GET"]}}],"collection":[{"href":"https:\/\/tietopankki.crnet.fi\/en\/wp-json\/wp\/v2\/posts"}],"about":[{"href":"https:\/\/tietopankki.crnet.fi\/en\/wp-json\/wp\/v2\/types\/post"}],"author":[{"embeddable":true,"href":"https:\/\/tietopankki.crnet.fi\/en\/wp-json\/wp\/v2\/users\/1"}],"replies":[{"embeddable":true,"href":"https:\/\/tietopankki.crnet.fi\/en\/wp-json\/wp\/v2\/comments?post=129911"}],"version-history":[{"count":0,"href":"https:\/\/tietopankki.crnet.fi\/en\/wp-json\/wp\/v2\/posts\/129911\/revisions"}],"wp:attachment":[{"href":"https:\/\/tietopankki.crnet.fi\/en\/wp-json\/wp\/v2\/media?parent=129911"}],"wp:term":[{"taxonomy":"category","embeddable":true,"href":"https:\/\/tietopankki.crnet.fi\/en\/wp-json\/wp\/v2\/categories?post=129911"},{"taxonomy":"post_tag","embeddable":true,"href":"https:\/\/tietopankki.crnet.fi\/en\/wp-json\/wp\/v2\/tags?post=129911"}],"curies":[{"name":"wp","href":"https:\/\/api.w.org\/{rel}","templated":true}]}}