{"id":129990,"date":"2024-04-24T08:25:05","date_gmt":"2024-04-24T05:25:05","guid":{"rendered":"https:\/\/tietopankki.crnet.fi\/fi\/uutiset\/ilmatieteen-laitos-auringon-uv-sateilylta-pitaa-suojautua-suomessakin-kevaasta-syksyyn\/"},"modified":"2024-04-24T08:25:05","modified_gmt":"2024-04-24T05:25:05","slug":"ilmatieteen-laitos-auringon-uv-sateilylta-pitaa-suojautua-suomessakin-kevaasta-syksyyn","status":"publish","type":"post","link":"https:\/\/tietopankki.crnet.fi\/en\/uutiset\/ilmatieteen-laitos-auringon-uv-sateilylta-pitaa-suojautua-suomessakin-kevaasta-syksyyn\/","title":{"rendered":"Ilmatieteen laitos: Auringon UV-s\u00e4teilylt\u00e4 pit\u00e4\u00e4 suojautua Suomessakin kev\u00e4\u00e4st\u00e4 syksyyn"},"content":{"rendered":"<div class=\"mp_wrapper\">\n  <div class=\"mepr-unauthorized-message\">\n    <p>You are unauthorized to view this page.<\/p>\n  <\/div>\n  <div class=\"mepr-login-form-wrap\">\n            \n<div class=\"mp_wrapper mp_login_form\">\n                  <!-- mp-login-form-start -->     <form name=\"mepr_loginform\" id=\"mepr_loginform\" class=\"mepr-form\" action=\"https:\/\/tietopankki.crnet.fi\/en\/login-2\/\" method=\"post\" data-trp-original-action=\"https:\/\/tietopankki.crnet.fi\/en\/login-2\/\">\n            <div class=\"mp-form-row mepr_username\">\n        <div class=\"mp-form-label\">\n                              <label for=\"user_login\">Username<\/label>\n        <\/div>\n        <input type=\"text\" name=\"log\" id=\"user_login\" value=\"\" \/>\n      <\/div>\n      <div class=\"mp-form-row mepr_password\">\n        <div class=\"mp-form-label\">\n          <label for=\"user_pass\">Password<\/label>\n          <div class=\"mp-hide-pw\">\n            <input type=\"password\" name=\"pwd\" id=\"user_pass\" value=\"\" \/>\n            <button type=\"button\" class=\"button mp-hide-pw hide-if-no-js\" data-toggle=\"0\" aria-label=\"Show password\">\n              <span class=\"dashicons dashicons-visibility\" aria-hidden=\"true\"><\/span>\n            <\/button>\n          <\/div>\n        <\/div>\n      <\/div>\n            <div>\n        <label><input name=\"rememberme\" type=\"checkbox\" id=\"rememberme\" value=\"forever\" \/> Remember Me<\/label>\n      <\/div>\n      <div class=\"mp-spacer\">&nbsp;<\/div>\n      <div class=\"submit\">\n        <input type=\"submit\" name=\"wp-submit\" id=\"wp-submit\" class=\"button-primary mepr-share-button\" value=\"Log In\" \/>\n        <input type=\"hidden\" name=\"redirect_to\" value=\"\/en\/wp-json\/wp\/v2\/posts\/129990\" \/>\n        <input type=\"hidden\" name=\"mepr_process_login_form\" value=\"true\" \/>\n        <input type=\"hidden\" name=\"mepr_is_login_page\" value=\"false\" \/>\n      <\/div>\n    <input type=\"hidden\" name=\"trp-form-language\" value=\"en\"\/><\/form>\n    <div class=\"mp-spacer\">&nbsp;<\/div>\n    <div class=\"mepr-login-actions\">\n        <a\n          href=\"https:\/\/tietopankki.crnet.fi\/en\/login-2\/?action=forgot_password\"\n          title=\"Click here to reset your password\"\n        >\n          Forgot Password        <\/a>\n    <\/div>\n\n      \n    <!-- mp-login-form-end --> \n  <\/div>\n      <\/div>\n<\/div>","protected":false},"excerpt":{"rendered":"<div class=\"smart_content_wrapper\">\nParhaillaan Suomessa elet\u00e4\u00e4n aikoja, jolloin auringon UV-s\u00e4teilyn voimakkuutta kuvaava UV-indeksi voi saavuttaa suojautumisrajan eli arvon 3 koko maassa. Ihon ja silmien suojaamiseen auringon UV-s\u00e4teilylt\u00e4 kannattaakin nyt kiinnitt\u00e4\u00e4 huomiota. Pohjois-Suomessa kev\u00e4thanget heijastavat UV-s\u00e4teily\u00e4 erityisesti kasvoille. Etel\u00e4isess\u00e4 Suomessa UV-indeksi nousee yli suojautumisrajan aurinkoisina p\u00e4ivin\u00e4 huhtikuun puoliv\u00e4list\u00e4 syyskuuhun saakka. Pohjois-Suomessa raja ylittyy keskim\u00e4\u00e4rin toukokuusta elokuun alkup\u00e4iviin. Voimakkaimmillaan auringon UV-s\u00e4teily on Suomessa juhannusta edelt\u00e4v\u00e4ll\u00e4 ja muutamalla sen j\u00e4lkeisell\u00e4 viikolla. T\u00e4ll\u00f6in UV-indeksi voi ylitt\u00e4\u00e4 maan etel\u00e4osissa voimakkaan s\u00e4teilyn rajan eli arvon 6. &#8220;Ilmastonmuutoksen vaikutuksesta Suomessakin kes\u00e4t todenn\u00e4k\u00f6isesti l\u00e4mpenev\u00e4t. Hellejaksoja ennakoidaan tulevaisuuden ilmastossa esiintyv\u00e4n aikaisempaa useammin, mik\u00e4 voi houkutella kevyemp\u00e4\u00e4n vaatetukseen ja altistaa suomalaisia nykyist\u00e4 enemm\u00e4n auringon UV-s\u00e4teilylle&#8221;, sanoo Ilmatieteen laitoksen tutkija Kaisa Lakkala. Tuoreimpien tutkimusten mukaan my\u00f6s helleaaltojen ankaruus ja auringons\u00e4teilyn m\u00e4\u00e4r\u00e4 saattavat lis\u00e4\u00e4nty\u00e4 kes\u00e4isin.<\/p>\n<p>Runsas UV-s\u00e4teilyn m\u00e4\u00e4r\u00e4 ja ihon palaminen lis\u00e4\u00e4v\u00e4t riski\u00e4 sairastua melanoomaan. Suomen Sy\u00f6p\u00e4rekisterin tilastojen mukaan vuonna 2023 melanoomaan sairastui 1028 miest\u00e4 ja 811 naista. Melanoomaan sairastuneista viiden vuoden p\u00e4\u00e4st\u00e4 on elossa noin 94 prosenttia. &#8220;Melanooman ilmaantuvuus on kasvanut 2000-luvulla nopeasti, vajaa 5 prosenttia vuodessa. Ennusteen mukaan vuoteen 2040 menness\u00e4 melanoomaan arvioidaan sairastuvan vuosittain Suomessa jo l\u00e4hes 3 000 henkil\u00f6\u00e4&#8221;, kertoo Karri Sepp\u00e4 Sy\u00f6p\u00e4j\u00e4rjest\u00f6jen tutkimuslaitoksesta Suomen Sy\u00f6p\u00e4rekisterist\u00e4. Riitt\u00e4v\u00e4ll\u00e4 suojautumisella UV-s\u00e4teilylt\u00e4 pystytt\u00e4isiin ehk\u00e4isem\u00e4\u00e4n nelj\u00e4 viidest\u00e4 melanoomatapauksesta.<\/p>\n<p>Usein ajatellaan aurinkosuojautumisen olevan yksil\u00f6n itsens\u00e4 vastuulla, mutta my\u00f6s yhteiskunta voi edesauttaa kansalaisten suojautumista. &#8220;Varjo on tehokas keino UV-altistumisen v\u00e4hent\u00e4miseen, sill\u00e4 varjossa UV-s\u00e4teily\u00e4 voi olla jopa 50 % v\u00e4hemm\u00e4n kuin paljaan taivaan alla&#8221;, S\u00e4teilyturvakeskuksen erityisasiantuntija Anne H\u00f6yt\u00f6 kertoo. Kunnat ja yksityiset toimijat voivat edist\u00e4\u00e4 aurinkosuojautumista rakentamalla varjopaikkoja jo olemassa oleville sek\u00e4 uusille ulkoilualueille.<\/p>\n<p>Erityisesti lasten ja nuorten suosimille alueille, kuten p\u00e4iv\u00e4kotien ja koulujen pihoihin, leikkikentille sek\u00e4 urheilukentille varjopaikkojen lis\u00e4\u00e4minen on t\u00e4rke\u00e4\u00e4, mutta vanhemman v\u00e4est\u00f6n ulkoilualueitakaan ei kannata unohtaa. Erityisen t\u00e4rke\u00e4\u00e4 on lasten ja nuorten suojaaminen liialta auringolta, koska heid\u00e4n ihonsa suojamekanismit ovat vasta kehittym\u00e4ss\u00e4. Ihosy\u00f6v\u00e4n merkitt\u00e4vimpi\u00e4 riskitekij\u00f6it\u00e4 ovat ihon toistuvat palamiset erityisesti lapsena ja nuoruusi\u00e4ll\u00e4 sek\u00e4 ihon runsas altistuminen UV-s\u00e4teilylle elini\u00e4n aikana. Vanhempien lis\u00e4ksi varhaiskasvatuksen ja koulujen ammattilaisten on t\u00e4rke\u00e4 huomioida aurinkosuojautuminen osana arkea. &#8220;Aurinkosuojautuminen ei ole vain rantap\u00e4ivien asia vaan kuuluu arjen kaikkiin ulkopuuhiin ulkoilusta puutarhat\u00f6ihin ja ulkoleikeist\u00e4 retkeilyyn. Lasten ja aikuisten ihon suojaamiseen p\u00e4tev\u00e4t samat perusohjeet: varjo, vaate ja voide. Ensisijaisesti iho suojataan varjon ja vaatteen avulla. Lis\u00e4suojaksi kannattaa valita aurinkovoide, jonka suojakerroin on v\u00e4hint\u00e4\u00e4n 30. Lis\u00e4ksi ulkoilua voi voimakkaimman s\u00e4teilyn aikoina pyrki\u00e4 ajoittamaan aamuun, my\u00f6hemp\u00e4\u00e4n iltap\u00e4iv\u00e4\u00e4n tai iltaan, jolloin UV-s\u00e4teily on heikompaa&#8221;, kertoo Sy\u00f6p\u00e4j\u00e4rjest\u00f6jen terveyden edist\u00e4misen p\u00e4\u00e4llikk\u00f6 Heidi L\u00f6flund-Kuusela.<\/p>\n<p>L\u00e4hde: <a rel=\"noopener\" href=\"https:\/\/www.ilmatieteenlaitos.fi\/uutinen\/3k6SYuesL89k9kEGfJtGN5\">Ilmatieteen laitos<\/a><\/p>\n<\/div>\n<p>The post <a rel=\"noopener\" href=\"https:\/\/vastuullisuusuutiset.fi\/fi\/ymparistouutiset-fi\/ilmatieteen-laitos-auringon-uv-sateilylta-pitaa-suojautua-suomessakin-kevaasta-syksyyn\/\">Ilmatieteen laitos: Auringon UV-s\u00e4teilylt\u00e4 pit\u00e4\u00e4 suojautua Suomessakin kev\u00e4\u00e4st\u00e4 syksyyn<\/a> appeared first on <a rel=\"noopener\" href=\"https:\/\/vastuullisuusuutiset.fi\/fi\">Vastuullisuusuutiset.fi<\/a>.<\/p>","protected":false},"author":1,"featured_media":0,"comment_status":"closed","ping_status":"closed","sticky":false,"template":"","format":"standard","meta":{"_jetpack_memberships_contains_paid_content":false,"footnotes":""},"categories":[21],"tags":[6766,5033,7140,1390,6562,269,629,630],"class_list":["post-129990","post","type-post","status-publish","format-standard","hentry","category-uutiset","tag-aurinko","tag-ilmatieteen-laitos","tag-suojaus","tag-terveys","tag-uv-sateily","tag-ymparisto","tag-ymparistouutiset-fi","tag-ymparistouutiset_viikkokatsaus"],"jetpack_featured_media_url":"","jetpack_sharing_enabled":true,"_links":{"self":[{"href":"https:\/\/tietopankki.crnet.fi\/en\/wp-json\/wp\/v2\/posts\/129990","targetHints":{"allow":["GET"]}}],"collection":[{"href":"https:\/\/tietopankki.crnet.fi\/en\/wp-json\/wp\/v2\/posts"}],"about":[{"href":"https:\/\/tietopankki.crnet.fi\/en\/wp-json\/wp\/v2\/types\/post"}],"author":[{"embeddable":true,"href":"https:\/\/tietopankki.crnet.fi\/en\/wp-json\/wp\/v2\/users\/1"}],"replies":[{"embeddable":true,"href":"https:\/\/tietopankki.crnet.fi\/en\/wp-json\/wp\/v2\/comments?post=129990"}],"version-history":[{"count":0,"href":"https:\/\/tietopankki.crnet.fi\/en\/wp-json\/wp\/v2\/posts\/129990\/revisions"}],"wp:attachment":[{"href":"https:\/\/tietopankki.crnet.fi\/en\/wp-json\/wp\/v2\/media?parent=129990"}],"wp:term":[{"taxonomy":"category","embeddable":true,"href":"https:\/\/tietopankki.crnet.fi\/en\/wp-json\/wp\/v2\/categories?post=129990"},{"taxonomy":"post_tag","embeddable":true,"href":"https:\/\/tietopankki.crnet.fi\/en\/wp-json\/wp\/v2\/tags?post=129990"}],"curies":[{"name":"wp","href":"https:\/\/api.w.org\/{rel}","templated":true}]}}