{"id":130327,"date":"2024-05-13T08:35:39","date_gmt":"2024-05-13T05:35:39","guid":{"rendered":"https:\/\/tietopankki.crnet.fi\/fi\/uutiset\/suomi-moittii-eun-ilmastopolitiikkaa-liian-pikkutarkaksi-napertelyksi-nain-komissio-vastaa-kritiikkiin\/"},"modified":"2024-05-13T08:35:39","modified_gmt":"2024-05-13T05:35:39","slug":"suomi-moittii-eun-ilmastopolitiikkaa-liian-pikkutarkaksi-napertelyksi-nain-komissio-vastaa-kritiikkiin","status":"publish","type":"post","link":"https:\/\/tietopankki.crnet.fi\/en\/uutiset\/suomi-moittii-eun-ilmastopolitiikkaa-liian-pikkutarkaksi-napertelyksi-nain-komissio-vastaa-kritiikkiin\/","title":{"rendered":"Suomi moittii EU:n ilmastopolitiikkaa liian pikkutarkaksi n\u00e4pertelyksi \u2013 n\u00e4in komissio vastaa kritiikkiin"},"content":{"rendered":"<div class=\"mp_wrapper\">\n  <div class=\"mepr-unauthorized-message\">\n    <p>You are unauthorized to view this page.<\/p>\n  <\/div>\n  <div class=\"mepr-login-form-wrap\">\n            \n<div class=\"mp_wrapper mp_login_form\">\n                  <!-- mp-login-form-start -->     <form name=\"mepr_loginform\" id=\"mepr_loginform\" class=\"mepr-form\" action=\"https:\/\/tietopankki.crnet.fi\/en\/login-2\/\" method=\"post\" data-trp-original-action=\"https:\/\/tietopankki.crnet.fi\/en\/login-2\/\">\n            <div class=\"mp-form-row mepr_username\">\n        <div class=\"mp-form-label\">\n                              <label for=\"user_login\">Username<\/label>\n        <\/div>\n        <input type=\"text\" name=\"log\" id=\"user_login\" value=\"\" \/>\n      <\/div>\n      <div class=\"mp-form-row mepr_password\">\n        <div class=\"mp-form-label\">\n          <label for=\"user_pass\">Password<\/label>\n          <div class=\"mp-hide-pw\">\n            <input type=\"password\" name=\"pwd\" id=\"user_pass\" value=\"\" \/>\n            <button type=\"button\" class=\"button mp-hide-pw hide-if-no-js\" data-toggle=\"0\" aria-label=\"Show password\">\n              <span class=\"dashicons dashicons-visibility\" aria-hidden=\"true\"><\/span>\n            <\/button>\n          <\/div>\n        <\/div>\n      <\/div>\n            <div>\n        <label><input name=\"rememberme\" type=\"checkbox\" id=\"rememberme\" value=\"forever\" \/> Remember Me<\/label>\n      <\/div>\n      <div class=\"mp-spacer\">&nbsp;<\/div>\n      <div class=\"submit\">\n        <input type=\"submit\" name=\"wp-submit\" id=\"wp-submit\" class=\"button-primary mepr-share-button\" value=\"Log In\" \/>\n        <input type=\"hidden\" name=\"redirect_to\" value=\"\/en\/wp-json\/wp\/v2\/posts\/130327\" \/>\n        <input type=\"hidden\" name=\"mepr_process_login_form\" value=\"true\" \/>\n        <input type=\"hidden\" name=\"mepr_is_login_page\" value=\"false\" \/>\n      <\/div>\n    <input type=\"hidden\" name=\"trp-form-language\" value=\"en\"\/><\/form>\n    <div class=\"mp-spacer\">&nbsp;<\/div>\n    <div class=\"mepr-login-actions\">\n        <a\n          href=\"https:\/\/tietopankki.crnet.fi\/en\/login-2\/?action=forgot_password\"\n          title=\"Click here to reset your password\"\n        >\n          Forgot Password        <\/a>\n    <\/div>\n\n      \n    <!-- mp-login-form-end --> \n  <\/div>\n      <\/div>\n<\/div>","protected":false},"excerpt":{"rendered":"<div class=\"smart_content_wrapper\">\nSuomen mukaan EU:n ilmasto- ja ymp\u00e4rist\u00f6politiikkaa koskeva s\u00e4\u00e4ntely on ollut liian yksityiskohtaista, eik\u00e4 se ole ottanut huomioon eri maiden eroja. Elina Bardramin mukaan yhteist\u00e4 s\u00e4\u00e4ntely\u00e4 tarvitaan, jotta ilmastotavoitteiden saavuttaminen voidaan todentaa.<\/p>\n<p>Suomen hallituksia ei ole miss\u00e4\u00e4n vaiheessa tarvinnut houkutella EU:n ilmastotavoitteiden taakse. Suomi on sitoutunut EU:n p\u00e4\u00e4st\u00f6v\u00e4hennystavoitteisiin ja siihen, ett\u00e4 luonnon monimuotoisuutta tulee suojella. Perussuomalaiset, kokoomus ja keskusta ovat kuitenkin nostaneet eurovaalien alla tikunnokkaan EU:n ilmasto- ja ymp\u00e4rist\u00f6politiikkaa koskevan s\u00e4\u00e4ntelyn, jota puolueet pit\u00e4v\u00e4t liian yksityiskohtaisena. Viime viikonloppuna Helsingiss\u00e4 j\u00e4rjestetyss\u00e4 suuressa EU-vaalitentiss\u00e4 perussuomalaisten puheenjohtaja Riikka Purra vaati j\u00e4rke\u00e4 ilmastopolitiikkaan ja puhui Suomea haittaavasta EU:n \u201dpienest\u00e4 n\u00e4pertelyst\u00e4\u201d. Kokoomuksen puheenjohtajan Petteri Orpon mukaan unionin ei tarvitse tulla Suomeen kertomaan pikkutarkasti, miten metsi\u00e4 hoidetaan.<\/p>\n<p>Valtioneuvoston kanslian EU-asioiden osastop\u00e4\u00e4llik\u00f6n Jari Luodon mukaan kuluneella kaudella Brysselist\u00e4 on todella saatu poikkeuksellisen paljon laajoja lains\u00e4\u00e4d\u00e4nt\u00f6esityksi\u00e4, joilla on pyritty toteuttamaan EU:n ilmasto- ja ymp\u00e4rist\u00f6tavoitteita. \u2013 Suurta linjaa on voitu tukea niin edellisen kuin t\u00e4m\u00e4nkin hallituksen aikana, mutta yksityiskohtiin on liittynyt paljon sellaista, jossa on parantamisen varaa. Kritiikki ei ole Luodon mukaan vain p\u00e4\u00e4ministeri Orpon hallituksen aikainen ilmi\u00f6, vaan tyytym\u00e4tt\u00f6myys alkoi jo edellisen SDP-vetoisen hallituksen aikana. Suomen mielest\u00e4 s\u00e4\u00e4ntely on ollut liian yksityiskohtaista, eik\u00e4 se ole huomioinut j\u00e4senmaiden eroja.<\/p>\n<p>S\u00e4\u00e4telyn yksityiskohtaisuus on johtanut siihen, ettei ilmasto- ja ymp\u00e4rist\u00f6tavoitteita ole aina mahdollista toteuttaa parhaalla, my\u00f6s taloudelliset ja sosiaaliset vaikutukset huomioivalla tavalla. Suomessa tyytym\u00e4tt\u00f6myytt\u00e4 on aiheuttanut etenkin metsien k\u00e4ytt\u00f6\u00e4 koskeva s\u00e4\u00e4ntely, joka on meille my\u00f6s merkitt\u00e4v\u00e4 kansantaloudellinen kysymys. \u2013 Olemme joutuneet kiinnitt\u00e4m\u00e4\u00e4n kriittist\u00e4 huomiota siihen, ett\u00e4 metsien k\u00e4yt\u00f6n kannalta esitykset menev\u00e4t hyvin pitk\u00e4lle yksityiskohtiin, jotka meid\u00e4n mielest\u00e4mme sopisivat paremmin kansallisesti p\u00e4\u00e4tett\u00e4v\u00e4ksi, Luoto sanoo. Suomen mukaan my\u00f6s maat, jotka ovat jo tehneet huomattavan m\u00e4\u00e4r\u00e4n p\u00e4\u00e4st\u00f6v\u00e4hennystoimia, tarvitsisivat enemm\u00e4n liikkumatilaa lis\u00e4toimien tekemiseen.<\/p>\n<p><a rel=\"noopener\" href=\"https:\/\/yle.fi\/a\/74-20087955\">Lue lis\u00e4\u00e4&gt;&gt;<\/a><\/p>\n<p>L\u00e4hde: <a rel=\"noopener\" href=\"https:\/\/yle.fi\/a\/74-20087955\">Yle<\/a><\/p>\n<\/div>\n<p>The post <a rel=\"noopener\" href=\"https:\/\/vastuullisuusuutiset.fi\/fi\/ymparistouutiset-fi\/suomi-moittii-eun-ilmastopolitiikkaa-liian-pikkutarkaksi-napertelyksi-nain-komissio-vastaa-kritiikkiin\/\">Suomi moittii EU:n ilmastopolitiikkaa liian pikkutarkaksi n\u00e4pertelyksi \u2013 n\u00e4in komissio vastaa kritiikkiin<\/a> appeared first on <a rel=\"noopener\" href=\"https:\/\/vastuullisuusuutiset.fi\/fi\">Vastuullisuusuutiset.fi<\/a>.<\/p>","protected":false},"author":1,"featured_media":0,"comment_status":"closed","ping_status":"closed","sticky":false,"template":"","format":"standard","meta":{"_jetpack_memberships_contains_paid_content":false,"footnotes":""},"categories":[21],"tags":[274,14486,86,629,630],"class_list":["post-130327","post","type-post","status-publish","format-standard","hentry","category-uutiset","tag-eu","tag-ilmasopolitiikka","tag-suomi","tag-ymparistouutiset-fi","tag-ymparistouutiset_viikkokatsaus"],"jetpack_featured_media_url":"","jetpack_sharing_enabled":true,"_links":{"self":[{"href":"https:\/\/tietopankki.crnet.fi\/en\/wp-json\/wp\/v2\/posts\/130327","targetHints":{"allow":["GET"]}}],"collection":[{"href":"https:\/\/tietopankki.crnet.fi\/en\/wp-json\/wp\/v2\/posts"}],"about":[{"href":"https:\/\/tietopankki.crnet.fi\/en\/wp-json\/wp\/v2\/types\/post"}],"author":[{"embeddable":true,"href":"https:\/\/tietopankki.crnet.fi\/en\/wp-json\/wp\/v2\/users\/1"}],"replies":[{"embeddable":true,"href":"https:\/\/tietopankki.crnet.fi\/en\/wp-json\/wp\/v2\/comments?post=130327"}],"version-history":[{"count":0,"href":"https:\/\/tietopankki.crnet.fi\/en\/wp-json\/wp\/v2\/posts\/130327\/revisions"}],"wp:attachment":[{"href":"https:\/\/tietopankki.crnet.fi\/en\/wp-json\/wp\/v2\/media?parent=130327"}],"wp:term":[{"taxonomy":"category","embeddable":true,"href":"https:\/\/tietopankki.crnet.fi\/en\/wp-json\/wp\/v2\/categories?post=130327"},{"taxonomy":"post_tag","embeddable":true,"href":"https:\/\/tietopankki.crnet.fi\/en\/wp-json\/wp\/v2\/tags?post=130327"}],"curies":[{"name":"wp","href":"https:\/\/api.w.org\/{rel}","templated":true}]}}