{"id":135064,"date":"2024-11-01T08:30:57","date_gmt":"2024-11-01T06:30:57","guid":{"rendered":"https:\/\/tietopankki.crnet.fi\/fi\/uutiset\/ymparistoministerio-aloittaa-aran-lakkauttamista-ja-sen-tehtavien-ymparistoministerioon-siirtamista-koskevat-yhteistoimintaneuvottelut\/"},"modified":"2024-11-01T08:30:57","modified_gmt":"2024-11-01T06:30:57","slug":"ymparistoministerio-aloittaa-aran-lakkauttamista-ja-sen-tehtavien-ymparistoministerioon-siirtamista-koskevat-yhteistoimintaneuvottelut","status":"publish","type":"post","link":"https:\/\/tietopankki.crnet.fi\/en\/uutiset\/ymparistoministerio-aloittaa-aran-lakkauttamista-ja-sen-tehtavien-ymparistoministerioon-siirtamista-koskevat-yhteistoimintaneuvottelut\/","title":{"rendered":"Ymp\u00e4rist\u00f6ministeri\u00f6 aloittaa Aran lakkauttamista ja sen teht\u00e4vien ymp\u00e4rist\u00f6ministeri\u00f6\u00f6n siirt\u00e4mist\u00e4 koskevat yhteistoimintaneuvottelut"},"content":{"rendered":"<div class=\"mp_wrapper\">\n  <div class=\"mepr-unauthorized-message\">\n    <p>You are unauthorized to view this page.<\/p>\n  <\/div>\n  <div class=\"mepr-login-form-wrap\">\n            \n<div class=\"mp_wrapper mp_login_form\">\n                  <!-- mp-login-form-start -->     <form name=\"mepr_loginform\" id=\"mepr_loginform\" class=\"mepr-form\" action=\"https:\/\/tietopankki.crnet.fi\/en\/login-2\/\" method=\"post\" data-trp-original-action=\"https:\/\/tietopankki.crnet.fi\/en\/login-2\/\">\n            <div class=\"mp-form-row mepr_username\">\n        <div class=\"mp-form-label\">\n                              <label for=\"user_login\">Username<\/label>\n        <\/div>\n        <input type=\"text\" name=\"log\" id=\"user_login\" value=\"\" \/>\n      <\/div>\n      <div class=\"mp-form-row mepr_password\">\n        <div class=\"mp-form-label\">\n          <label for=\"user_pass\">Password<\/label>\n          <div class=\"mp-hide-pw\">\n            <input type=\"password\" name=\"pwd\" id=\"user_pass\" value=\"\" \/>\n            <button type=\"button\" class=\"button mp-hide-pw hide-if-no-js\" data-toggle=\"0\" aria-label=\"Show password\">\n              <span class=\"dashicons dashicons-visibility\" aria-hidden=\"true\"><\/span>\n            <\/button>\n          <\/div>\n        <\/div>\n      <\/div>\n            <div>\n        <label><input name=\"rememberme\" type=\"checkbox\" id=\"rememberme\" value=\"forever\" \/> Remember Me<\/label>\n      <\/div>\n      <div class=\"mp-spacer\">&nbsp;<\/div>\n      <div class=\"submit\">\n        <input type=\"submit\" name=\"wp-submit\" id=\"wp-submit\" class=\"button-primary mepr-share-button\" value=\"Log In\" \/>\n        <input type=\"hidden\" name=\"redirect_to\" value=\"\/en\/wp-json\/wp\/v2\/posts\/135064\" \/>\n        <input type=\"hidden\" name=\"mepr_process_login_form\" value=\"true\" \/>\n        <input type=\"hidden\" name=\"mepr_is_login_page\" value=\"false\" \/>\n      <\/div>\n    <input type=\"hidden\" name=\"trp-form-language\" value=\"en\"\/><\/form>\n    <div class=\"mp-spacer\">&nbsp;<\/div>\n    <div class=\"mepr-login-actions\">\n        <a\n          href=\"https:\/\/tietopankki.crnet.fi\/en\/login-2\/?action=forgot_password\"\n          title=\"Click here to reset your password\"\n        >\n          Forgot Password        <\/a>\n    <\/div>\n\n      \n    <!-- mp-login-form-end --> \n  <\/div>\n      <\/div>\n<\/div>","protected":false},"excerpt":{"rendered":"<div class=\"smart_content_wrapper\">\nYmp\u00e4rist\u00f6ministeri\u00f6 aloittaa Asumisen rahoitus- ja kehitt\u00e4miskeskuksen (Ara) lakkauttamista ja sen teht\u00e4vien ymp\u00e4rist\u00f6ministeri\u00f6\u00f6n siirt\u00e4mist\u00e4 koskevat yhteistoimintaneuvottelut. Ministeri\u00f6 on antanut 29.10.2024 neuvotteluesityksen yhteistoimintaneuvottelujen aloittamiseksi ja perustanut erillisen hallinnonalan yt-elimen, jonka toimikausi on 31.12.2024 saakka. Yt-elimess\u00e4 on ty\u00f6nantajan edustus ymp\u00e4rist\u00f6ministeri\u00f6st\u00e4 ja Arasta sek\u00e4 Julkisalan koulutettujen neuvotteluj\u00e4rjest\u00f6 JUKO ry:n ja Ammattiliitto PRO ry:n henkil\u00f6st\u00f6n edustajat ministeri\u00f6st\u00e4 ja Arasta. Neuvottelut kest\u00e4v\u00e4t kuusi viikkoa.<\/p>\n<p>Yhteistoimintaneuvottelussa ei tavoitella henkil\u00f6st\u00f6v\u00e4hennyksi\u00e4. Neuvottelussa k\u00e4sitell\u00e4\u00e4n Asumisen rahoitus- ja kehitt\u00e4miskeskuksen (Ara) lakkauttamisesta ja ymp\u00e4rist\u00f6ministeri\u00f6\u00f6n siirt\u00e4misest\u00e4 johtuvat henkil\u00f6st\u00f6vaikutukset sek\u00e4 siit\u00e4 johtuva organisaatiomuutos ymp\u00e4rist\u00f6ministeri\u00f6ss\u00e4.<\/p>\n<p>Niill\u00e4 Aran virkamiehill\u00e4, joilla virka siirrett\u00e4isiin virkamiehen ty\u00f6ss\u00e4k\u00e4yntialueen ulkopuolelle (yli 80 km virkamiehen asuinpaikasta) siirto edellytt\u00e4\u00e4 virkamiehen suostumusta (valtion virkamieslain 5 a \u00a7). Mik\u00e4li suostumusta virkasiirtoon ei saada yksitt\u00e4iselt\u00e4 virkamiehelt\u00e4, virkasiirtoa ei voida tehd\u00e4 ja joudutaan harkitsemaan virkamiehen irtisanomista valtion virkamieslain 27 \u00a7:n perusteella.<\/p>\n<p>Talouspoliittinen ministerivaliokunta linjasi 24.6.2024, ett\u00e4 Asumisen rahoitus- ja kehitt\u00e4miskeskus Aran teht\u00e4v\u00e4t siirret\u00e4\u00e4n ymp\u00e4rist\u00f6ministeri\u00f6\u00f6n ja Ara lakkautetaan erillisen\u00e4 virastona 31.12.2024. Linjaus on valmisteltu valtiosihteeri Mika Nyk\u00e4sen johtamassa valtion tukeman asuntotuotannon kehitt\u00e4misen ty\u00f6ryhm\u00e4ss\u00e4. Ymp\u00e4rist\u00f6ministeri\u00f6\u00f6n perustettavan Valtion asuntorakentamisen keskuksen on m\u00e4\u00e4r\u00e4 huolehtia jatkossa Aralta siirtyvist\u00e4 teht\u00e4vist\u00e4.<\/p>\n<p>L\u00e4hde:<a rel=\"noopener\" href=\"https:\/\/ym.fi\/-\/ymparistoministerio-aloittaa-aran-lakkauttamista-ja-sen-tehtavien-ymparistoministerioon-siirtamista-koskevat-yhteistoimintaneuvottelut\"> Ymp\u00e4rist\u00f6ministeri\u00f6<\/a><\/p>\n<\/div>\n<p>The post <a rel=\"noopener\" href=\"https:\/\/vastuullisuusuutiset.fi\/fi\/ymparistouutiset-fi\/ymparistoministerio-aloittaa-aran-lakkauttamista-ja-sen-tehtavien-ymparistoministerioon-siirtamista-koskevat-yhteistoimintaneuvottelut\/\">Ymp\u00e4rist\u00f6ministeri\u00f6 aloittaa Aran lakkauttamista ja sen teht\u00e4vien ymp\u00e4rist\u00f6ministeri\u00f6\u00f6n siirt\u00e4mist\u00e4 koskevat yhteistoimintaneuvottelut<\/a> appeared first on <a rel=\"noopener\" href=\"https:\/\/vastuullisuusuutiset.fi\/fi\">Vastuullisuusuutiset.fi<\/a>.<\/p>","protected":false},"author":1,"featured_media":0,"comment_status":"closed","ping_status":"closed","sticky":false,"template":"","format":"standard","meta":{"_jetpack_memberships_contains_paid_content":false,"footnotes":""},"categories":[21],"tags":[15281,15282,16769,857,629,630],"class_list":["post-135064","post","type-post","status-publish","format-standard","hentry","category-uutiset","tag-ara","tag-lakkauttaminen","tag-yhteistoimintaneuvottelut","tag-ymparistoministerio","tag-ymparistouutiset-fi","tag-ymparistouutiset_viikkokatsaus"],"jetpack_featured_media_url":"","jetpack_sharing_enabled":true,"_links":{"self":[{"href":"https:\/\/tietopankki.crnet.fi\/en\/wp-json\/wp\/v2\/posts\/135064","targetHints":{"allow":["GET"]}}],"collection":[{"href":"https:\/\/tietopankki.crnet.fi\/en\/wp-json\/wp\/v2\/posts"}],"about":[{"href":"https:\/\/tietopankki.crnet.fi\/en\/wp-json\/wp\/v2\/types\/post"}],"author":[{"embeddable":true,"href":"https:\/\/tietopankki.crnet.fi\/en\/wp-json\/wp\/v2\/users\/1"}],"replies":[{"embeddable":true,"href":"https:\/\/tietopankki.crnet.fi\/en\/wp-json\/wp\/v2\/comments?post=135064"}],"version-history":[{"count":0,"href":"https:\/\/tietopankki.crnet.fi\/en\/wp-json\/wp\/v2\/posts\/135064\/revisions"}],"wp:attachment":[{"href":"https:\/\/tietopankki.crnet.fi\/en\/wp-json\/wp\/v2\/media?parent=135064"}],"wp:term":[{"taxonomy":"category","embeddable":true,"href":"https:\/\/tietopankki.crnet.fi\/en\/wp-json\/wp\/v2\/categories?post=135064"},{"taxonomy":"post_tag","embeddable":true,"href":"https:\/\/tietopankki.crnet.fi\/en\/wp-json\/wp\/v2\/tags?post=135064"}],"curies":[{"name":"wp","href":"https:\/\/api.w.org\/{rel}","templated":true}]}}