{"id":136268,"date":"2024-12-31T09:45:29","date_gmt":"2024-12-31T07:45:29","guid":{"rendered":"https:\/\/tietopankki.crnet.fi\/fi\/uutiset\/suomalaisten-elakkeisiin-useita-muutoksia-1-1-2025-verotus-kiristyy\/"},"modified":"2024-12-31T09:45:29","modified_gmt":"2024-12-31T07:45:29","slug":"suomalaisten-elakkeisiin-useita-muutoksia-1-1-2025-verotus-kiristyy","status":"publish","type":"post","link":"https:\/\/tietopankki.crnet.fi\/en\/uutiset\/suomalaisten-elakkeisiin-useita-muutoksia-1-1-2025-verotus-kiristyy\/","title":{"rendered":"Suomalaisten el\u00e4kkeisiin useita muutoksia 1.1.2025 \u2013 verotus kiristyy"},"content":{"rendered":"<div class=\"mp_wrapper\">\n  <div class=\"mepr-unauthorized-message\">\n    <p>You are unauthorized to view this page.<\/p>\n  <\/div>\n  <div class=\"mepr-login-form-wrap\">\n            \n<div class=\"mp_wrapper mp_login_form\">\n                  <!-- mp-login-form-start -->     <form name=\"mepr_loginform\" id=\"mepr_loginform\" class=\"mepr-form\" action=\"https:\/\/tietopankki.crnet.fi\/en\/login-2\/\" method=\"post\" data-trp-original-action=\"https:\/\/tietopankki.crnet.fi\/en\/login-2\/\">\n            <div class=\"mp-form-row mepr_username\">\n        <div class=\"mp-form-label\">\n                              <label for=\"user_login\">Username<\/label>\n        <\/div>\n        <input type=\"text\" name=\"log\" id=\"user_login\" value=\"\" \/>\n      <\/div>\n      <div class=\"mp-form-row mepr_password\">\n        <div class=\"mp-form-label\">\n          <label for=\"user_pass\">Password<\/label>\n          <div class=\"mp-hide-pw\">\n            <input type=\"password\" name=\"pwd\" id=\"user_pass\" value=\"\" \/>\n            <button type=\"button\" class=\"button mp-hide-pw hide-if-no-js\" data-toggle=\"0\" aria-label=\"Show password\">\n              <span class=\"dashicons dashicons-visibility\" aria-hidden=\"true\"><\/span>\n            <\/button>\n          <\/div>\n        <\/div>\n      <\/div>\n            <div>\n        <label><input name=\"rememberme\" type=\"checkbox\" id=\"rememberme\" value=\"forever\" \/> Remember Me<\/label>\n      <\/div>\n      <div class=\"mp-spacer\">&nbsp;<\/div>\n      <div class=\"submit\">\n        <input type=\"submit\" name=\"wp-submit\" id=\"wp-submit\" class=\"button-primary mepr-share-button\" value=\"Log In\" \/>\n        <input type=\"hidden\" name=\"redirect_to\" value=\"\/en\/wp-json\/wp\/v2\/posts\/136268\" \/>\n        <input type=\"hidden\" name=\"mepr_process_login_form\" value=\"true\" \/>\n        <input type=\"hidden\" name=\"mepr_is_login_page\" value=\"false\" \/>\n      <\/div>\n    <input type=\"hidden\" name=\"trp-form-language\" value=\"en\"\/><\/form>\n    <div class=\"mp-spacer\">&nbsp;<\/div>\n    <div class=\"mepr-login-actions\">\n        <a\n          href=\"https:\/\/tietopankki.crnet.fi\/en\/login-2\/?action=forgot_password\"\n          title=\"Click here to reset your password\"\n        >\n          Forgot Password        <\/a>\n    <\/div>\n\n      \n    <!-- mp-login-form-end --> \n  <\/div>\n      <\/div>\n<\/div>","protected":false},"excerpt":{"rendered":"<div class=\"smart_content_wrapper\">\nEnsinn\u00e4kin verokortit tulevat voimaan heti vuoden alusta. Aiemmin verokortit tulivat voimaan helmikuussa. Muutoksella pyrit\u00e4\u00e4n helpottamaan veroprosentin ja tulorajan seuraamista. Vuoden 2025 verokortin tuloraja lasketaan koko vuodelle. Hyv\u00e4 uutinen on, ett\u00e4 vuoden alussa ty\u00f6el\u00e4kkeet nousevat 2025 ty\u00f6el\u00e4keindeksill\u00e4 1,3 prosenttia. Ty\u00f6el\u00e4keindeksill\u00e4 tarkistetaan maksussa olevat ty\u00f6el\u00e4kkeet, jotka ovat alkaneet viimeist\u00e4\u00e4n 1.12.2024. Korotettavia ty\u00f6el\u00e4kkeit\u00e4 ovat: vanhuusel\u00e4ke, osittainen vanhuusel\u00e4ke, ty\u00f6kyvytt\u00f6myysel\u00e4ke, osaty\u00f6kyvytt\u00f6myysel\u00e4ke, kuntoutustuki ja osakuntoutustuki, kuntoutusraha, ty\u00f6urael\u00e4ke, perhe-el\u00e4ke eli lesken- ja lapsenel\u00e4ke. Indeksikorotusta ei tarvitse erikseen hakea. Verottaja lis\u00e4\u00e4 sen automaattisesti tammikuun el\u00e4kkeeseen.<\/p>\n<p>Samalla el\u00e4ketulon verotus kiristyy. Kiristyminen kohdistuu noin 22 500\u201357 500 euroa vuodessa el\u00e4kett\u00e4 saaviin, joten pienimpien el\u00e4kkeiden verotus ei kiristy. Hallitus p\u00e4\u00e4tti asiasta kev\u00e4\u00e4n kehysriihess\u00e4\u00e4n. Hallituksen esityksess\u00e4 todetaan, ett\u00e4 muutos kirist\u00e4\u00e4 noin 830 000 verovelvollisen el\u00e4ketulon verotusta. El\u00e4ketulov\u00e4hennys ulottuu nykyisin tulotasolle noin 57 500 euroa vuodessa, ja kirist\u00e4misen j\u00e4lkeen se ulottuu tulotasolle noin 49 300 euroa vuodessa, hallitus kertoo. El\u00e4ketulon verotus kiristyy enimmill\u00e4\u00e4n noin 1,15 prosenttiyksikk\u00f6\u00e4. Muutos vie keskim\u00e4\u00e4rin naisilta 163 euroa ja miehilt\u00e4 199 euroa vuodessa.<\/p>\n<p>Lis\u00e4ksi Kelan maksamaa el\u00e4kkeensaajien asumistukea pienennettiin, joten tulot ja omaisuus pienent\u00e4v\u00e4t asumistukea aikaisempaa enemm\u00e4n. Keskim\u00e4\u00e4rin tuki pienenee 15,60 euroa kuukaudessa. Kokonaan se lakkaa noin 7 600 saajalta. Sosiaali- ja terveysministeri\u00f6 vahvisti asetuksella elinaikakertoimen ensi vuodelle. Kerroin pienent\u00e4\u00e4 alkavia el\u00e4kkeit\u00e4 5,2 prosenttia. El\u00e4ke kerrotaan elinaikakertoimella, kun se alkaa. Elinaikakerroin vaikuttaa pysyv\u00e4sti el\u00e4kkeen m\u00e4\u00e4r\u00e4\u00e4n. Ministeri\u00f6n asetuksen mukaan vuoden 2025 eli vuonna 1963 syntyneiden elinaikakerroin on 0,94759. Sen vaikutus on noin 100 euroa. My\u00f6s kansanel\u00e4kkeen maksu ulkomaille p\u00e4\u00e4ttyy. El\u00e4kett\u00e4 maksetaan kuitenkin viel\u00e4 viiteen maahan: Australiaan, Chileen, Israeliin, Kanadaan ja Yhdysvaltoihin.<\/p>\n<p>L\u00e4hde: <a rel=\"noopener\" href=\"https:\/\/www.uusisuomi.fi\/uutiset\/us\/6fd85f9d-3f1f-4c58-ad94-b53c8b000c21?ref=ampparit:c394&amp;_gl=1*1itaw74*_ga*MTgyMjUxODYxNS4xNjU5MDM1MTU5*_ga_3L539PMN3X*MTczNTYyODQ4MC4zNDguMS4xNzM1NjI5NjkxLjAuMC4w\">Uusi suomi<\/a><\/p>\n<\/div>\n<p>The post <a rel=\"noopener\" href=\"https:\/\/vastuullisuusuutiset.fi\/fi\/vau-viikkokatsaus\/suomalaisten-elakkeisiin-useita-muutoksia-1-1-2025-verotus-kiristyy\/\">Suomalaisten el\u00e4kkeisiin useita muutoksia 1.1.2025 \u2013 verotus kiristyy<\/a> appeared first on <a rel=\"noopener\" href=\"https:\/\/vastuullisuusuutiset.fi\/fi\">Vastuullisuusuutiset.fi<\/a>.<\/p>","protected":false},"author":1,"featured_media":0,"comment_status":"closed","ping_status":"closed","sticky":false,"template":"","format":"standard","meta":{"_jetpack_memberships_contains_paid_content":false,"footnotes":""},"categories":[21],"tags":[],"class_list":["post-136268","post","type-post","status-publish","format-standard","hentry","category-uutiset"],"jetpack_featured_media_url":"","jetpack_sharing_enabled":true,"_links":{"self":[{"href":"https:\/\/tietopankki.crnet.fi\/en\/wp-json\/wp\/v2\/posts\/136268","targetHints":{"allow":["GET"]}}],"collection":[{"href":"https:\/\/tietopankki.crnet.fi\/en\/wp-json\/wp\/v2\/posts"}],"about":[{"href":"https:\/\/tietopankki.crnet.fi\/en\/wp-json\/wp\/v2\/types\/post"}],"author":[{"embeddable":true,"href":"https:\/\/tietopankki.crnet.fi\/en\/wp-json\/wp\/v2\/users\/1"}],"replies":[{"embeddable":true,"href":"https:\/\/tietopankki.crnet.fi\/en\/wp-json\/wp\/v2\/comments?post=136268"}],"version-history":[{"count":0,"href":"https:\/\/tietopankki.crnet.fi\/en\/wp-json\/wp\/v2\/posts\/136268\/revisions"}],"wp:attachment":[{"href":"https:\/\/tietopankki.crnet.fi\/en\/wp-json\/wp\/v2\/media?parent=136268"}],"wp:term":[{"taxonomy":"category","embeddable":true,"href":"https:\/\/tietopankki.crnet.fi\/en\/wp-json\/wp\/v2\/categories?post=136268"},{"taxonomy":"post_tag","embeddable":true,"href":"https:\/\/tietopankki.crnet.fi\/en\/wp-json\/wp\/v2\/tags?post=136268"}],"curies":[{"name":"wp","href":"https:\/\/api.w.org\/{rel}","templated":true}]}}