{"id":136792,"date":"2025-01-23T08:05:42","date_gmt":"2025-01-23T06:05:42","guid":{"rendered":"https:\/\/tietopankki.crnet.fi\/fi\/uutiset\/polaaripyorteen-ennustetaan-pysyvan-vahvana\/"},"modified":"2025-01-23T08:05:42","modified_gmt":"2025-01-23T06:05:42","slug":"polaaripyorteen-ennustetaan-pysyvan-vahvana","status":"publish","type":"post","link":"https:\/\/tietopankki.crnet.fi\/en\/uutiset\/polaaripyorteen-ennustetaan-pysyvan-vahvana\/","title":{"rendered":"Polaaripy\u00f6rteen ennustetaan pysyv\u00e4n vahvana"},"content":{"rendered":"<div class=\"mp_wrapper\">\n  <div class=\"mepr-unauthorized-message\">\n    <p>You are unauthorized to view this page.<\/p>\n  <\/div>\n  <div class=\"mepr-login-form-wrap\">\n            \n<div class=\"mp_wrapper mp_login_form\">\n                  <!-- mp-login-form-start -->     <form name=\"mepr_loginform\" id=\"mepr_loginform\" class=\"mepr-form\" action=\"https:\/\/tietopankki.crnet.fi\/en\/login-2\/\" method=\"post\" data-trp-original-action=\"https:\/\/tietopankki.crnet.fi\/en\/login-2\/\">\n            <div class=\"mp-form-row mepr_username\">\n        <div class=\"mp-form-label\">\n                              <label for=\"user_login\">Username<\/label>\n        <\/div>\n        <input type=\"text\" name=\"log\" id=\"user_login\" value=\"\" \/>\n      <\/div>\n      <div class=\"mp-form-row mepr_password\">\n        <div class=\"mp-form-label\">\n          <label for=\"user_pass\">Password<\/label>\n          <div class=\"mp-hide-pw\">\n            <input type=\"password\" name=\"pwd\" id=\"user_pass\" value=\"\" \/>\n            <button type=\"button\" class=\"button mp-hide-pw hide-if-no-js\" data-toggle=\"0\" aria-label=\"Show password\">\n              <span class=\"dashicons dashicons-visibility\" aria-hidden=\"true\"><\/span>\n            <\/button>\n          <\/div>\n        <\/div>\n      <\/div>\n            <div>\n        <label><input name=\"rememberme\" type=\"checkbox\" id=\"rememberme\" value=\"forever\" \/> Remember Me<\/label>\n      <\/div>\n      <div class=\"mp-spacer\">&nbsp;<\/div>\n      <div class=\"submit\">\n        <input type=\"submit\" name=\"wp-submit\" id=\"wp-submit\" class=\"button-primary mepr-share-button\" value=\"Log In\" \/>\n        <input type=\"hidden\" name=\"redirect_to\" value=\"\/en\/wp-json\/wp\/v2\/posts\/136792\" \/>\n        <input type=\"hidden\" name=\"mepr_process_login_form\" value=\"true\" \/>\n        <input type=\"hidden\" name=\"mepr_is_login_page\" value=\"false\" \/>\n      <\/div>\n    <input type=\"hidden\" name=\"trp-form-language\" value=\"en\"\/><\/form>\n    <div class=\"mp-spacer\">&nbsp;<\/div>\n    <div class=\"mepr-login-actions\">\n        <a\n          href=\"https:\/\/tietopankki.crnet.fi\/en\/login-2\/?action=forgot_password\"\n          title=\"Click here to reset your password\"\n        >\n          Forgot Password        <\/a>\n    <\/div>\n\n      \n    <!-- mp-login-form-end --> \n  <\/div>\n      <\/div>\n<\/div>","protected":false},"excerpt":{"rendered":"<div class=\"smart_content_wrapper\">\nL\u00e4nsivirtaus on ollut koko talven keskim\u00e4\u00e4r\u00e4ist\u00e4 voimakkaampi, mik\u00e4 selitt\u00e4\u00e4 Suomen toistaiseksi varsin lauhan talven. Ennusteissa helmikuukin n\u00e4ytt\u00e4\u00e4 hyvin lauhalta. Syd\u00e4ntalvi on jo meneill\u00e4\u00e4n, mutta kunnon talvisia s\u00e4it\u00e4 saadaan Suomessa viel\u00e4 odotella.<\/p>\n<p>Kuluvana talvena polaaripy\u00f6rre on pysynyt eritt\u00e4in voimakkaana. Edellisess\u00e4 puheenvuorossa mainittua stratosf\u00e4\u00e4rin \u00e4killist\u00e4 l\u00e4mpenemist\u00e4 ei ole tapahtunut, vaikka joitain yrityksi\u00e4 sille oli joulukuussa. L\u00e4nsivirtaus on pysynyt k\u00e4yt\u00e4nn\u00f6ss\u00e4 marraskuusta alkaen keskim\u00e4\u00e4r\u00e4ist\u00e4 voimakkaampana ja on ollut toisinaan l\u00e4hes enn\u00e4tysvoimakas. Marraskuun alusta aina t\u00e4h\u00e4n p\u00e4iv\u00e4\u00e4n asti (22.1.2025) polaaripy\u00f6rteen solat ovat olleet keskim\u00e4\u00e4rin Pohjois-Amerikan it\u00e4osissa ja Keski-Ven\u00e4j\u00e4ll\u00e4. T\u00e4m\u00e4 on tarkoittanut Suomessa voimakasta l\u00e4nsivirtausta, mik\u00e4 selitt\u00e4\u00e4 varsin lauhan talven. Toki v\u00e4lill\u00e4 lyhytaikaisia solia on tullut my\u00f6s Suomeen ja Eurooppaan, jolloin Etel\u00e4-Suomea my\u00f6ten on ollut talvista pakkass\u00e4\u00e4t\u00e4, mutta kylmemm\u00e4t jaksot ovat j\u00e4\u00e4neet meill\u00e4 lyhyiksi.<\/p>\n<p>Ennusteissa polaaripy\u00f6rre n\u00e4ytt\u00e4\u00e4 pysyv\u00e4n edelleen eritt\u00e4in vahvana, eik\u00e4 sit\u00e4 heikent\u00e4vi\u00e4 \u00e4killisen l\u00e4mpenemisen tilanteita ole n\u00e4ht\u00e4viss\u00e4. Toisin sanoen polaaripy\u00f6rteen muoto n\u00e4ytt\u00e4\u00e4 pysyv\u00e4n samana, ja helmikuukin vaikuttaa ennusteissa Suomessa hyvin lauhalta. Ennusteet ovat aina ennusteita, ja s\u00e4\u00e4ss\u00e4 voi tapahtua viel\u00e4 jotain yll\u00e4tt\u00e4v\u00e4\u00e4 ennen kev\u00e4tauringon l\u00e4mmitt\u00e4v\u00e4\u00e4 vaikutusta. Jo nyt lienee kuitenkin melko varmaa, ett\u00e4 Suomi v\u00e4lttyy t\u00e4n\u00e4 talvena pitk\u00e4kestoiselta kire\u00e4n pakkasen jaksolta.<\/p>\n<p>Polaaripy\u00f6rre hajoaa aikanaan kev\u00e4\u00e4n kuluessa, keskim\u00e4\u00e4rin huhtikuussa, jolloin tavanomaista kylmempi\u00e4 jaksoja voi viel\u00e4 esiinty\u00e4 ennen kes\u00e4n alkua. N\u00e4iss\u00e4 tapauksissa aurinko kuitenkin l\u00e4mmitt\u00e4\u00e4 jo ilmaa p\u00e4ivisin selv\u00e4sti.<\/p>\n<p>L\u00e4hde: <a rel=\"noopener\" href=\"https:\/\/www.ilmatieteenlaitos.fi\/puheenvuoro\/7nIdQHDElEgudyClMOSa5X\">Ilmatieteen laitos<\/a><\/p>\n<\/div>\n<p>The post <a rel=\"noopener\" href=\"https:\/\/vastuullisuusuutiset.fi\/fi\/ymparistouutiset-fi\/polaaripyorteen-ennustetaan-pysyvan-vahvana\/\">Polaaripy\u00f6rteen ennustetaan pysyv\u00e4n vahvana<\/a> appeared first on <a rel=\"noopener\" href=\"https:\/\/vastuullisuusuutiset.fi\/fi\">Vastuullisuusuutiset.fi<\/a>.<\/p>","protected":false},"author":1,"featured_media":0,"comment_status":"closed","ping_status":"closed","sticky":false,"template":"","format":"standard","meta":{"_jetpack_memberships_contains_paid_content":false,"footnotes":""},"categories":[21],"tags":[1863,286,5033,17675,4051,1795,629,630],"class_list":["post-136792","post","type-post","status-publish","format-standard","hentry","category-uutiset","tag-1863","tag-ilmasto","tag-ilmatieteen-laitos","tag-polaaripyorre","tag-saa","tag-talvi","tag-ymparistouutiset-fi","tag-ymparistouutiset_viikkokatsaus"],"jetpack_featured_media_url":"","jetpack_sharing_enabled":true,"_links":{"self":[{"href":"https:\/\/tietopankki.crnet.fi\/en\/wp-json\/wp\/v2\/posts\/136792","targetHints":{"allow":["GET"]}}],"collection":[{"href":"https:\/\/tietopankki.crnet.fi\/en\/wp-json\/wp\/v2\/posts"}],"about":[{"href":"https:\/\/tietopankki.crnet.fi\/en\/wp-json\/wp\/v2\/types\/post"}],"author":[{"embeddable":true,"href":"https:\/\/tietopankki.crnet.fi\/en\/wp-json\/wp\/v2\/users\/1"}],"replies":[{"embeddable":true,"href":"https:\/\/tietopankki.crnet.fi\/en\/wp-json\/wp\/v2\/comments?post=136792"}],"version-history":[{"count":0,"href":"https:\/\/tietopankki.crnet.fi\/en\/wp-json\/wp\/v2\/posts\/136792\/revisions"}],"wp:attachment":[{"href":"https:\/\/tietopankki.crnet.fi\/en\/wp-json\/wp\/v2\/media?parent=136792"}],"wp:term":[{"taxonomy":"category","embeddable":true,"href":"https:\/\/tietopankki.crnet.fi\/en\/wp-json\/wp\/v2\/categories?post=136792"},{"taxonomy":"post_tag","embeddable":true,"href":"https:\/\/tietopankki.crnet.fi\/en\/wp-json\/wp\/v2\/tags?post=136792"}],"curies":[{"name":"wp","href":"https:\/\/api.w.org\/{rel}","templated":true}]}}