{"id":136852,"date":"2025-01-21T11:19:39","date_gmt":"2025-01-21T09:19:39","guid":{"rendered":"https:\/\/tietopankki.crnet.fi\/fi\/uutiset\/wwf-tyrmaa-hallituksen-suunnitelman-lakkauttaa-ilmasto-ja-luontopaneelit\/"},"modified":"2025-01-21T11:19:39","modified_gmt":"2025-01-21T09:19:39","slug":"wwf-tyrmaa-hallituksen-suunnitelman-lakkauttaa-ilmasto-ja-luontopaneelit","status":"publish","type":"post","link":"https:\/\/tietopankki.crnet.fi\/en\/uutiset\/wwf-tyrmaa-hallituksen-suunnitelman-lakkauttaa-ilmasto-ja-luontopaneelit\/","title":{"rendered":"WWF tyrm\u00e4\u00e4 hallituksen suunnitelman lakkauttaa ilmasto- ja luontopaneelit"},"content":{"rendered":"<div class=\"mp_wrapper\">\n  <div class=\"mepr-unauthorized-message\">\n    <p>You are unauthorized to view this page.<\/p>\n  <\/div>\n  <div class=\"mepr-login-form-wrap\">\n            \n<div class=\"mp_wrapper mp_login_form\">\n                  <!-- mp-login-form-start -->     <form name=\"mepr_loginform\" id=\"mepr_loginform\" class=\"mepr-form\" action=\"https:\/\/tietopankki.crnet.fi\/en\/login-2\/\" method=\"post\" data-trp-original-action=\"https:\/\/tietopankki.crnet.fi\/en\/login-2\/\">\n            <div class=\"mp-form-row mepr_username\">\n        <div class=\"mp-form-label\">\n                              <label for=\"user_login\">Username<\/label>\n        <\/div>\n        <input type=\"text\" name=\"log\" id=\"user_login\" value=\"\" \/>\n      <\/div>\n      <div class=\"mp-form-row mepr_password\">\n        <div class=\"mp-form-label\">\n          <label for=\"user_pass\">Password<\/label>\n          <div class=\"mp-hide-pw\">\n            <input type=\"password\" name=\"pwd\" id=\"user_pass\" value=\"\" \/>\n            <button type=\"button\" class=\"button mp-hide-pw hide-if-no-js\" data-toggle=\"0\" aria-label=\"Show password\">\n              <span class=\"dashicons dashicons-visibility\" aria-hidden=\"true\"><\/span>\n            <\/button>\n          <\/div>\n        <\/div>\n      <\/div>\n            <div>\n        <label><input name=\"rememberme\" type=\"checkbox\" id=\"rememberme\" value=\"forever\" \/> Remember Me<\/label>\n      <\/div>\n      <div class=\"mp-spacer\">&nbsp;<\/div>\n      <div class=\"submit\">\n        <input type=\"submit\" name=\"wp-submit\" id=\"wp-submit\" class=\"button-primary mepr-share-button\" value=\"Log In\" \/>\n        <input type=\"hidden\" name=\"redirect_to\" value=\"\/en\/wp-json\/wp\/v2\/posts\/136852\" \/>\n        <input type=\"hidden\" name=\"mepr_process_login_form\" value=\"true\" \/>\n        <input type=\"hidden\" name=\"mepr_is_login_page\" value=\"false\" \/>\n      <\/div>\n    <input type=\"hidden\" name=\"trp-form-language\" value=\"en\"\/><\/form>\n    <div class=\"mp-spacer\">&nbsp;<\/div>\n    <div class=\"mepr-login-actions\">\n        <a\n          href=\"https:\/\/tietopankki.crnet.fi\/en\/login-2\/?action=forgot_password\"\n          title=\"Click here to reset your password\"\n        >\n          Forgot Password        <\/a>\n    <\/div>\n\n      \n    <!-- mp-login-form-end --> \n  <\/div>\n      <\/div>\n<\/div>","protected":false},"excerpt":{"rendered":"<div class=\"smart_content_wrapper\">\n<div class=\"container-fluid\">\n<div class=\"row\">\n<div class=\"col-md-9 offset-md-2\">\n<div class=\"article__ingress\">\n<p>Helsingin Sanomien tietojen mukaan hallitus aikoo yhdist\u00e4\u00e4 kaikki tiedepaneelit poliittiseen ohjaukseen valtioneuvoston kanslian alle. WWF vastustaa hallituksen suunnitelmaa.<\/p>\n<\/div>\n<\/div>\n<\/div>\n<\/div>\n<div class=\"text-block my-2\">\n<div class=\"container-fluid\">\n<div class=\"row\">\n<div class=\"col-md-8\">\n<div class=\"text-block__text\">\n<p>Tiedepaneeleja ovat ilmastopaneeli, luontopaneeli, kest\u00e4vyyspaneeli sek\u00e4 biotalouden tiedepaneeli. Paneelit v\u00e4litt\u00e4v\u00e4t tutkimustietoa ja antavat politiikkasuosituksia.<\/p>\n<p>\u201dIlmasto- ja luontopaneelien riippumattomuudesta s\u00e4\u00e4det\u00e4\u00e4n ilmasto- ja luonnonsuojelulaeissa. Hallitusohjelmaan ei ole kirjattu suunnitelmia paneeleiden yhdist\u00e4miseksi, joten kyseess\u00e4 on t\u00e4ysin puskista tullut soolo hyv\u00e4n hallinnon esimerkkimaana tunnetulta Suomelta\u201d, WWF:n suojelujohtaja <strong>Elina Erkkil\u00e4<\/strong> sanoo.<\/p>\n<p>Erkkil\u00e4n mukaan tiedepaneelien kyky tuottaa tietoa ymp\u00e4rist\u00f6aiheista voisi k\u00e4rsi\u00e4, jos paneelit yhdistett\u00e4isiin.<\/p>\n<p>\u201dPoliittisen ohjauksen alla oleva j\u00e4ttipaneeli ei voisi tuottaa yht\u00e4 hyv\u00e4\u00e4 ja riippumatonta tietoa kuin omillaan toimivat tiedepaneelit. Luonto- ja ilmastokriisien ratkaiseminen edellytt\u00e4\u00e4 enemm\u00e4n tutkittua ja riippumatonta tietoa p\u00e4\u00e4t\u00f6ksenteon tueksi, ei v\u00e4hemp\u00e4\u00e4. Hallituksen valitsema suunta on v\u00e4\u00e4r\u00e4 ja ymp\u00e4rist\u00f6lle vaarallinen.\u201d<\/p>\n<p>L\u00e4hde: <a rel=\"noopener\" href=\"https:\/\/wwf.fi\/uutiset\/2025\/01\/wwf-tyrmaa-hallituksen-suunnitelman-lakkauttaa-ilmasto-ja-luontopaneelit\/\">WWF Suomi<\/a><\/p>\n<\/div>\n<\/div>\n<\/div>\n<\/div>\n<\/div>\n<\/div>\n<p>The post <a rel=\"noopener\" href=\"https:\/\/vastuullisuusuutiset.fi\/fi\/kumppaniuutisetsuomeksi\/wwf-tyrmaa-hallituksen-suunnitelman-lakkauttaa-ilmasto-ja-luontopaneelit\/\">WWF tyrm\u00e4\u00e4 hallituksen suunnitelman lakkauttaa ilmasto- ja luontopaneelit<\/a> appeared first on <a rel=\"noopener\" href=\"https:\/\/vastuullisuusuutiset.fi\/fi\">Vastuullisuusuutiset.fi<\/a>.<\/p>","protected":false},"author":1,"featured_media":0,"comment_status":"closed","ping_status":"closed","sticky":false,"template":"","format":"standard","meta":{"_jetpack_memberships_contains_paid_content":false,"footnotes":""},"categories":[21],"tags":[547,548],"class_list":["post-136852","post","type-post","status-publish","format-standard","hentry","category-uutiset","tag-kumppaneiden-uutiset-suomeksi","tag-wwf-suomi"],"jetpack_featured_media_url":"","jetpack_sharing_enabled":true,"_links":{"self":[{"href":"https:\/\/tietopankki.crnet.fi\/en\/wp-json\/wp\/v2\/posts\/136852","targetHints":{"allow":["GET"]}}],"collection":[{"href":"https:\/\/tietopankki.crnet.fi\/en\/wp-json\/wp\/v2\/posts"}],"about":[{"href":"https:\/\/tietopankki.crnet.fi\/en\/wp-json\/wp\/v2\/types\/post"}],"author":[{"embeddable":true,"href":"https:\/\/tietopankki.crnet.fi\/en\/wp-json\/wp\/v2\/users\/1"}],"replies":[{"embeddable":true,"href":"https:\/\/tietopankki.crnet.fi\/en\/wp-json\/wp\/v2\/comments?post=136852"}],"version-history":[{"count":0,"href":"https:\/\/tietopankki.crnet.fi\/en\/wp-json\/wp\/v2\/posts\/136852\/revisions"}],"wp:attachment":[{"href":"https:\/\/tietopankki.crnet.fi\/en\/wp-json\/wp\/v2\/media?parent=136852"}],"wp:term":[{"taxonomy":"category","embeddable":true,"href":"https:\/\/tietopankki.crnet.fi\/en\/wp-json\/wp\/v2\/categories?post=136852"},{"taxonomy":"post_tag","embeddable":true,"href":"https:\/\/tietopankki.crnet.fi\/en\/wp-json\/wp\/v2\/tags?post=136852"}],"curies":[{"name":"wp","href":"https:\/\/api.w.org\/{rel}","templated":true}]}}