{"id":136890,"date":"2025-01-27T09:40:07","date_gmt":"2025-01-27T07:40:07","guid":{"rendered":"https:\/\/tietopankki.crnet.fi\/fi\/uutiset\/teknologiateollisuuden-ja-kemianteollisuuden-lakot-alkoivat-%e2%88%92-koskevat-noin-50-yritysta\/"},"modified":"2025-01-27T09:40:07","modified_gmt":"2025-01-27T07:40:07","slug":"teknologiateollisuuden-ja-kemianteollisuuden-lakot-alkoivat-%e2%88%92-koskevat-noin-50-yritysta","status":"publish","type":"post","link":"https:\/\/tietopankki.crnet.fi\/en\/uutiset\/teknologiateollisuuden-ja-kemianteollisuuden-lakot-alkoivat-%e2%88%92-koskevat-noin-50-yritysta\/","title":{"rendered":"Teknologiateollisuuden ja kemianteollisuuden lakot alkoivat \u2212 koskevat noin 50 yrityst\u00e4"},"content":{"rendered":"<div class=\"mp_wrapper\">\n  <div class=\"mepr-unauthorized-message\">\n    <p>You are unauthorized to view this page.<\/p>\n  <\/div>\n  <div class=\"mepr-login-form-wrap\">\n            \n<div class=\"mp_wrapper mp_login_form\">\n                  <!-- mp-login-form-start -->     <form name=\"mepr_loginform\" id=\"mepr_loginform\" class=\"mepr-form\" action=\"https:\/\/tietopankki.crnet.fi\/en\/login-2\/\" method=\"post\" data-trp-original-action=\"https:\/\/tietopankki.crnet.fi\/en\/login-2\/\">\n            <div class=\"mp-form-row mepr_username\">\n        <div class=\"mp-form-label\">\n                              <label for=\"user_login\">Username<\/label>\n        <\/div>\n        <input type=\"text\" name=\"log\" id=\"user_login\" value=\"\" \/>\n      <\/div>\n      <div class=\"mp-form-row mepr_password\">\n        <div class=\"mp-form-label\">\n          <label for=\"user_pass\">Password<\/label>\n          <div class=\"mp-hide-pw\">\n            <input type=\"password\" name=\"pwd\" id=\"user_pass\" value=\"\" \/>\n            <button type=\"button\" class=\"button mp-hide-pw hide-if-no-js\" data-toggle=\"0\" aria-label=\"Show password\">\n              <span class=\"dashicons dashicons-visibility\" aria-hidden=\"true\"><\/span>\n            <\/button>\n          <\/div>\n        <\/div>\n      <\/div>\n            <div>\n        <label><input name=\"rememberme\" type=\"checkbox\" id=\"rememberme\" value=\"forever\" \/> Remember Me<\/label>\n      <\/div>\n      <div class=\"mp-spacer\">&nbsp;<\/div>\n      <div class=\"submit\">\n        <input type=\"submit\" name=\"wp-submit\" id=\"wp-submit\" class=\"button-primary mepr-share-button\" value=\"Log In\" \/>\n        <input type=\"hidden\" name=\"redirect_to\" value=\"\/en\/wp-json\/wp\/v2\/posts\/136890\" \/>\n        <input type=\"hidden\" name=\"mepr_process_login_form\" value=\"true\" \/>\n        <input type=\"hidden\" name=\"mepr_is_login_page\" value=\"false\" \/>\n      <\/div>\n    <input type=\"hidden\" name=\"trp-form-language\" value=\"en\"\/><\/form>\n    <div class=\"mp-spacer\">&nbsp;<\/div>\n    <div class=\"mepr-login-actions\">\n        <a\n          href=\"https:\/\/tietopankki.crnet.fi\/en\/login-2\/?action=forgot_password\"\n          title=\"Click here to reset your password\"\n        >\n          Forgot Password        <\/a>\n    <\/div>\n\n      \n    <!-- mp-login-form-end --> \n  <\/div>\n      <\/div>\n<\/div>","protected":false},"excerpt":{"rendered":"<div class=\"smart_content_wrapper\">\nTeollisuusliiton kuusip\u00e4iv\u00e4inen lakko teknologiateollisuudessa ja kemianteollisuudessa alkoi maanantaina puolen y\u00f6n j\u00e4lkeen. Lakko koskee l\u00e4hes sataa toimipaikkaa noin 50 yrityksess\u00e4. Yrityksiss\u00e4 ty\u00f6skentelee reilut 11000 Teollisuusliiton j\u00e4sent\u00e4. Joukossa on raskasta teollisuutta, kuten konepajayhti\u00f6t Valmet ja W\u00e4rtsil\u00e4, ter\u00e4syhti\u00f6 Outokumpu, kaivoslaitteita valmistava Metso sek\u00e4 Meyerin Turun-telakka.<\/p>\n<p>Lis\u00e4ksi puolilta \u00f6in alkoi niin ik\u00e4\u00e4n kuusi p\u00e4iv\u00e4\u00e4 kest\u00e4v\u00e4 Ammattiliitto Pron lakko, joka koskee teknologiateollisuuden toimihenkil\u00f6it\u00e4. Lakon piiriss\u00e4 on noin 3 000 ty\u00f6ntekij\u00e4\u00e4.<\/p>\n<p>Lakkojen taustalla ovat pitk\u00e4\u00e4n jatkuneet neuvottelut uusista ty\u00f6ehtosopimuksista. Sek\u00e4 Teollisuusliitto ett\u00e4 Pro ovat neuvotelleet sopimuksista ty\u00f6nantajapuolen kanssa syksyst\u00e4 saakka. Edelliset ty\u00f6ehtosopimukset p\u00e4\u00e4ttyiv\u00e4t marras\u2013joulukuussa. Teollisuusliiton lakkoa on ilmoittanut tukevansa omilla lakoillaan kolme muuta SAK:hon kuuluvaa ammattiliittoa. Palvelualojen ammattiliitto PAMin, Rakennusliiton ja S\u00e4hk\u00f6liiton kuusip\u00e4iv\u00e4iset tukilakot alkavat nekin maanantaina. Lis\u00e4ksi SAK:laiset Auto- ja Kuljetusalan Ty\u00f6ntekij\u00e4liitto AKT, Julkisten ja hyvinvointialojen liitto JHL sek\u00e4 Suomen Merimies-Unioni SMU aloittavat maanantaina saarrot Teollisuusliiton lakon tueksi. Lakkojen tapaan my\u00f6s saarrot kest\u00e4v\u00e4t kuusi p\u00e4iv\u00e4\u00e4.<\/p>\n<p>Saarron aikana AKT:n ahtaajat eiv\u00e4t lastaa tiettyjen Teollisuusliiton lakkojen kohteina olevien yritysten tavaroita tai lastia satamissa. Saarto koskee kaikkia Suomen satamia. My\u00f6sk\u00e4\u00e4n JHL:n j\u00e4senet eiv\u00e4t lastaa eiv\u00e4tk\u00e4 pura ty\u00f6taistelun kohteena olevien yritysten tuotteita. JHL:n ty\u00f6taistelu vaikuttaa rahdin k\u00e4sittelyyn esimerkiksi satamissa ja raideliikenteen tavarakuljetuksissa. Merimies-Unionin k\u00e4sittelysaarto noudattaa samaa kaavaa. Saarron aikana liiton satamavalvojat tai muissa sataman ty\u00f6teht\u00e4viss\u00e4 toimivat j\u00e4senet eiv\u00e4t k\u00e4sittele tiettyjen Teollisuusliiton lakon kohteina olevien yritysten tavaraa ja lastia.<\/p>\n<p>L\u00e4hde: <a rel=\"noopener\" href=\"https:\/\/www.maaseuduntulevaisuus.fi\/uutiset\/c3f914c9-5874-46c9-b5b8-33009fa75275\">MT<\/a><\/p>\n<\/div>\n<p>The post <a rel=\"noopener\" href=\"https:\/\/vastuullisuusuutiset.fi\/fi\/vau-viikkokatsaus\/teknologiateollisuuden-ja-kemianteollisuuden-lakot-alkoivat-%e2%88%92-koskevat-noin-50-yritysta\/\">Teknologiateollisuuden ja kemianteollisuuden lakot alkoivat \u2212 koskevat noin 50 yrityst\u00e4<\/a> appeared first on <a rel=\"noopener\" href=\"https:\/\/vastuullisuusuutiset.fi\/fi\">Vastuullisuusuutiset.fi<\/a>.<\/p>","protected":false},"author":1,"featured_media":0,"comment_status":"closed","ping_status":"closed","sticky":false,"template":"","format":"standard","meta":{"_jetpack_memberships_contains_paid_content":false,"footnotes":""},"categories":[21],"tags":[],"class_list":["post-136890","post","type-post","status-publish","format-standard","hentry","category-uutiset"],"jetpack_featured_media_url":"","jetpack_sharing_enabled":true,"_links":{"self":[{"href":"https:\/\/tietopankki.crnet.fi\/en\/wp-json\/wp\/v2\/posts\/136890","targetHints":{"allow":["GET"]}}],"collection":[{"href":"https:\/\/tietopankki.crnet.fi\/en\/wp-json\/wp\/v2\/posts"}],"about":[{"href":"https:\/\/tietopankki.crnet.fi\/en\/wp-json\/wp\/v2\/types\/post"}],"author":[{"embeddable":true,"href":"https:\/\/tietopankki.crnet.fi\/en\/wp-json\/wp\/v2\/users\/1"}],"replies":[{"embeddable":true,"href":"https:\/\/tietopankki.crnet.fi\/en\/wp-json\/wp\/v2\/comments?post=136890"}],"version-history":[{"count":0,"href":"https:\/\/tietopankki.crnet.fi\/en\/wp-json\/wp\/v2\/posts\/136890\/revisions"}],"wp:attachment":[{"href":"https:\/\/tietopankki.crnet.fi\/en\/wp-json\/wp\/v2\/media?parent=136890"}],"wp:term":[{"taxonomy":"category","embeddable":true,"href":"https:\/\/tietopankki.crnet.fi\/en\/wp-json\/wp\/v2\/categories?post=136890"},{"taxonomy":"post_tag","embeddable":true,"href":"https:\/\/tietopankki.crnet.fi\/en\/wp-json\/wp\/v2\/tags?post=136890"}],"curies":[{"name":"wp","href":"https:\/\/api.w.org\/{rel}","templated":true}]}}