{"id":136919,"date":"2025-01-28T08:25:03","date_gmt":"2025-01-28T06:25:03","guid":{"rendered":"https:\/\/tietopankki.crnet.fi\/fi\/uutiset\/hallinto-oikeus-vahvisti-pohjois-karjalan-viime-syksyn-karhunkaatoluville-ei-ollut-riittavia-perusteita\/"},"modified":"2025-01-28T08:25:03","modified_gmt":"2025-01-28T06:25:03","slug":"hallinto-oikeus-vahvisti-pohjois-karjalan-viime-syksyn-karhunkaatoluville-ei-ollut-riittavia-perusteita","status":"publish","type":"post","link":"https:\/\/tietopankki.crnet.fi\/en\/uutiset\/hallinto-oikeus-vahvisti-pohjois-karjalan-viime-syksyn-karhunkaatoluville-ei-ollut-riittavia-perusteita\/","title":{"rendered":"Hallinto-oikeus vahvisti: Pohjois-Karjalan viime syksyn karhunkaato\u00adluville ei ollut riitt\u00e4vi\u00e4 perusteita"},"content":{"rendered":"<div class=\"mp_wrapper\">\n  <div class=\"mepr-unauthorized-message\">\n    <p>You are unauthorized to view this page.<\/p>\n  <\/div>\n  <div class=\"mepr-login-form-wrap\">\n            \n<div class=\"mp_wrapper mp_login_form\">\n                  <!-- mp-login-form-start -->     <form name=\"mepr_loginform\" id=\"mepr_loginform\" class=\"mepr-form\" action=\"https:\/\/tietopankki.crnet.fi\/en\/login-2\/\" method=\"post\" data-trp-original-action=\"https:\/\/tietopankki.crnet.fi\/en\/login-2\/\">\n            <div class=\"mp-form-row mepr_username\">\n        <div class=\"mp-form-label\">\n                              <label for=\"user_login\">Username<\/label>\n        <\/div>\n        <input type=\"text\" name=\"log\" id=\"user_login\" value=\"\" \/>\n      <\/div>\n      <div class=\"mp-form-row mepr_password\">\n        <div class=\"mp-form-label\">\n          <label for=\"user_pass\">Password<\/label>\n          <div class=\"mp-hide-pw\">\n            <input type=\"password\" name=\"pwd\" id=\"user_pass\" value=\"\" \/>\n            <button type=\"button\" class=\"button mp-hide-pw hide-if-no-js\" data-toggle=\"0\" aria-label=\"Show password\">\n              <span class=\"dashicons dashicons-visibility\" aria-hidden=\"true\"><\/span>\n            <\/button>\n          <\/div>\n        <\/div>\n      <\/div>\n            <div>\n        <label><input name=\"rememberme\" type=\"checkbox\" id=\"rememberme\" value=\"forever\" \/> Remember Me<\/label>\n      <\/div>\n      <div class=\"mp-spacer\">&nbsp;<\/div>\n      <div class=\"submit\">\n        <input type=\"submit\" name=\"wp-submit\" id=\"wp-submit\" class=\"button-primary mepr-share-button\" value=\"Log In\" \/>\n        <input type=\"hidden\" name=\"redirect_to\" value=\"\/en\/wp-json\/wp\/v2\/posts\/136919\" \/>\n        <input type=\"hidden\" name=\"mepr_process_login_form\" value=\"true\" \/>\n        <input type=\"hidden\" name=\"mepr_is_login_page\" value=\"false\" \/>\n      <\/div>\n    <input type=\"hidden\" name=\"trp-form-language\" value=\"en\"\/><\/form>\n    <div class=\"mp-spacer\">&nbsp;<\/div>\n    <div class=\"mepr-login-actions\">\n        <a\n          href=\"https:\/\/tietopankki.crnet.fi\/en\/login-2\/?action=forgot_password\"\n          title=\"Click here to reset your password\"\n        >\n          Forgot Password        <\/a>\n    <\/div>\n\n      \n    <!-- mp-login-form-end --> \n  <\/div>\n      <\/div>\n<\/div>","protected":false},"excerpt":{"rendered":"<div class=\"smart_content_wrapper\">\nIt\u00e4-Suomen hallinto-oikeus on vahvistanut, ett\u00e4 Lieksaan viime syksyksi my\u00f6nnetyille karhunkaatoluville ei ollut riitt\u00e4vi\u00e4 perusteita. Suomen riistakeskus my\u00f6nsi poikkeusluvan kymmenen karhun tappamiseen. Mets\u00e4stys ei kuitenkaan toteutunut, koska luonnonsuojeluyhdistykset valittivat luvasta. Hallinto-oikeus m\u00e4\u00e4r\u00e4si kaatoluvat t\u00e4yt\u00e4nt\u00f6\u00f6npanokieltoon viime elokuussa. Muualla Suomessa riistakeskus hylk\u00e4si poikkeuslupahakemukset.<\/p>\n<p>Hallinto-oikeuden viime viikolla antaman ratkaisun mukaan poikkeuslupien perusteena tulee olla riitt\u00e4v\u00e4 selvitys karhukannan kasvusta aiheutuviin konkreettisiin vaikutuksiin ja ongelmiin hakemusalueella. Hallinto-oikeus perusteli lupien hylk\u00e4\u00e4mist\u00e4 sill\u00e4, ett\u00e4 karhukannan koosta saadun selvityksen perusteella hakemusalueen karhukanta on v\u00e4hentynyt noin puoleen aikaisemmasta ja alueen maatalousvahinkojen m\u00e4\u00e4r\u00e4 on v\u00e4hentynyt noin kolmasosalla. Esimerkiksi karhujen pihak\u00e4yntien m\u00e4\u00e4r\u00e4st\u00e4 ei oikeuden mielest\u00e4 voi suoraan todeta, ett\u00e4 Lieksassa oli erityinen karhukannan tihentymisest\u00e4 johtuva ongelma. Hallinto-oikeus toteaa, ett\u00e4 Suomen riistakeskus ei ole kyennyt perustelemaan poikkeusluvan tavoitetta selvin ja t\u00e4sm\u00e4llisin perusteluin.<\/p>\n<p>It\u00e4-Suomen hallinto-oikeus hylk\u00e4si my\u00f6s karhun kaatolupia hakeneiden mets\u00e4st\u00e4jien valitukset. He olivat valittaneet Suomen riistakeskuksen p\u00e4\u00e4t\u00f6ksist\u00e4, joilla karhujen tappamista koskevat poikkeuslupahakemukset oli hyl\u00e4tty. Oikeus totesi p\u00e4\u00e4t\u00f6ksiss\u00e4\u00e4n, ett\u00e4 asioissa ei ole esitetty selvityst\u00e4, jonka perusteella hakemusalueilla olisi ollut karhukannasta aiheutunut erityinen ongelma tai tilanne, johon on puututtava. Valittajat eiv\u00e4t siis olleet perustelleet riitt\u00e4v\u00e4ll\u00e4 tavalla poikkeusluvan tarvetta. Karhua mets\u00e4stettiin syksyn jahtikaudella vain poronhoitoalueeella.<\/p>\n<p>Korkein hallinto-oikeus linjasi loppuvuodesta 2023, ett\u00e4 esimerkiksi kannans\u00e4\u00e4tely ei riit\u00e4 perusteeksi EU:n luontodirektiivill\u00e4 suojellun karhun mets\u00e4stykseen, vaan sit\u00e4 on perusteltava tarkemmin muun muassa karhujen aiheuttamilla haitoilla.<\/p>\n<p>L\u00e4hde: <a rel=\"noopener\" href=\"https:\/\/yle.fi\/a\/74-20139524\">Yle<\/a><\/p>\n<\/div>\n<p>The post <a rel=\"noopener\" href=\"https:\/\/vastuullisuusuutiset.fi\/fi\/ymparistouutiset-fi\/hallinto-oikeus-vahvisti-pohjois-karjalan-viime-syksyn-karhunkaatoluville-ei-ollut-riittavia-perusteita\/\">Hallinto-oikeus vahvisti: Pohjois-Karjalan viime syksyn karhunkaato\u00adluville ei ollut riitt\u00e4vi\u00e4 perusteita<\/a> appeared first on <a rel=\"noopener\" href=\"https:\/\/vastuullisuusuutiset.fi\/fi\">Vastuullisuusuutiset.fi<\/a>.<\/p>","protected":false},"author":1,"featured_media":0,"comment_status":"closed","ping_status":"closed","sticky":false,"template":"","format":"standard","meta":{"_jetpack_memberships_contains_paid_content":false,"footnotes":""},"categories":[21],"tags":[17740,1806,1807,5789,269,629,630],"class_list":["post-136919","post","type-post","status-publish","format-standard","hentry","category-uutiset","tag-ita-suomen-hallinto-oikeus","tag-karhu","tag-metsastys","tag-poikkeusluvat","tag-ymparisto","tag-ymparistouutiset-fi","tag-ymparistouutiset_viikkokatsaus"],"jetpack_featured_media_url":"","jetpack_sharing_enabled":true,"_links":{"self":[{"href":"https:\/\/tietopankki.crnet.fi\/en\/wp-json\/wp\/v2\/posts\/136919","targetHints":{"allow":["GET"]}}],"collection":[{"href":"https:\/\/tietopankki.crnet.fi\/en\/wp-json\/wp\/v2\/posts"}],"about":[{"href":"https:\/\/tietopankki.crnet.fi\/en\/wp-json\/wp\/v2\/types\/post"}],"author":[{"embeddable":true,"href":"https:\/\/tietopankki.crnet.fi\/en\/wp-json\/wp\/v2\/users\/1"}],"replies":[{"embeddable":true,"href":"https:\/\/tietopankki.crnet.fi\/en\/wp-json\/wp\/v2\/comments?post=136919"}],"version-history":[{"count":0,"href":"https:\/\/tietopankki.crnet.fi\/en\/wp-json\/wp\/v2\/posts\/136919\/revisions"}],"wp:attachment":[{"href":"https:\/\/tietopankki.crnet.fi\/en\/wp-json\/wp\/v2\/media?parent=136919"}],"wp:term":[{"taxonomy":"category","embeddable":true,"href":"https:\/\/tietopankki.crnet.fi\/en\/wp-json\/wp\/v2\/categories?post=136919"},{"taxonomy":"post_tag","embeddable":true,"href":"https:\/\/tietopankki.crnet.fi\/en\/wp-json\/wp\/v2\/tags?post=136919"}],"curies":[{"name":"wp","href":"https:\/\/api.w.org\/{rel}","templated":true}]}}