{"id":129185,"date":"2024-03-22T09:55:00","date_gmt":"2024-03-22T07:55:00","guid":{"rendered":"https:\/\/tietopankki.crnet.fi\/fi\/uutiset\/veden-kautta-voidaan-edistaa-rauhaa-maailman-vesipaivan-teemana-ajankohtaisesti-vesi-ja-rauha\/"},"modified":"2024-03-22T09:55:00","modified_gmt":"2024-03-22T07:55:00","slug":"veden-kautta-voidaan-edistaa-rauhaa-maailman-vesipaivan-teemana-ajankohtaisesti-vesi-ja-rauha","status":"publish","type":"post","link":"https:\/\/tietopankki.crnet.fi\/fi\/uutiset\/veden-kautta-voidaan-edistaa-rauhaa-maailman-vesipaivan-teemana-ajankohtaisesti-vesi-ja-rauha\/","title":{"rendered":"Veden kautta voidaan edist\u00e4\u00e4 rauhaa \u2013 Maailman vesip\u00e4iv\u00e4n teemana ajankohtaisesti vesi ja rauha"},"content":{"rendered":"<div class=\"mp_wrapper\">\n  <div class=\"mepr-unauthorized-message\">\n    <p>You are unauthorized to view this page.<\/p>\n  <\/div>\n  <div class=\"mepr-login-form-wrap\">\n            \n<div class=\"mp_wrapper mp_login_form\">\n                  <!-- mp-login-form-start -->     <form name=\"mepr_loginform\" id=\"mepr_loginform\" class=\"mepr-form\" action=\"https:\/\/tietopankki.crnet.fi\/fi\/login-2\/\" method=\"post\">\n            <div class=\"mp-form-row mepr_username\">\n        <div class=\"mp-form-label\">\n                              <label for=\"user_login\">Username<\/label>\n        <\/div>\n        <input type=\"text\" name=\"log\" id=\"user_login\" value=\"\" \/>\n      <\/div>\n      <div class=\"mp-form-row mepr_password\">\n        <div class=\"mp-form-label\">\n          <label for=\"user_pass\">Password<\/label>\n          <div class=\"mp-hide-pw\">\n            <input type=\"password\" name=\"pwd\" id=\"user_pass\" value=\"\" \/>\n            <button type=\"button\" class=\"button mp-hide-pw hide-if-no-js\" data-toggle=\"0\" aria-label=\"Show password\">\n              <span class=\"dashicons dashicons-visibility\" aria-hidden=\"true\"><\/span>\n            <\/button>\n          <\/div>\n        <\/div>\n      <\/div>\n            <div>\n        <label><input name=\"rememberme\" type=\"checkbox\" id=\"rememberme\" value=\"forever\" \/> Remember Me<\/label>\n      <\/div>\n      <div class=\"mp-spacer\">&nbsp;<\/div>\n      <div class=\"submit\">\n        <input type=\"submit\" name=\"wp-submit\" id=\"wp-submit\" class=\"button-primary mepr-share-button \" value=\"Log In\" \/>\n        <input type=\"hidden\" name=\"redirect_to\" value=\"\/fi\/wp-json\/wp\/v2\/posts\/129185\" \/>\n        <input type=\"hidden\" name=\"mepr_process_login_form\" value=\"true\" \/>\n        <input type=\"hidden\" name=\"mepr_is_login_page\" value=\"false\" \/>\n      <\/div>\n    <\/form>\n    <div class=\"mp-spacer\">&nbsp;<\/div>\n    <div class=\"mepr-login-actions\">\n        <a\n          href=\"https:\/\/tietopankki.crnet.fi\/fi\/login-2\/?action=forgot_password\"\n          title=\"Click here to reset your password\"\n        >\n          Forgot Password        <\/a>\n    <\/div>\n\n      \n    <!-- mp-login-form-end --> \n  <\/div>\n      <\/div>\n<\/div>\n","protected":false},"excerpt":{"rendered":"<div class=\"smart_content_wrapper\">\nSuomen ymp\u00e4rist\u00f6keskus, Suomen Vesiyhdistys ja ulkoministeri\u00f6 tiedottavat: YK:n Maailman vesip\u00e4iv\u00e4n teema on t\u00e4n\u00e4 vuonna erityisen ajankohtainen \u2013 vesi ja rauha. Vaikka vesivarojen niukkeneminen ja vesipula voi johtaa kiistoihin ja jopa konflikteihin, vesi on my\u00f6s yhteisty\u00f6n mahdollistaja. Suomen Vesiyhdistys yhdess\u00e4 ulkoministeri\u00f6n ja Suomen ymp\u00e4rist\u00f6keskuksen vesidiplomatian yhteishankkeen kanssa j\u00e4rjest\u00e4v\u00e4t Maailman vesip\u00e4iv\u00e4n\u00e4 seminaarin p\u00e4iv\u00e4n teemasta. Tieteiden talolla puhumassa ovat mm. ulkoministeri Elina Valtonen ja Ukrainan sodan ymp\u00e4rist\u00f6vaikutuksia arvioivaa ty\u00f6ryhm\u00e4\u00e4 johtava Margot Wallstr\u00f6m.<\/p>\n<p>Aseellisissa konflikteissa vesivaroja ja -infrastruktuuria k\u00e4ytet\u00e4\u00e4n strategisina kohteina ja niiden hallintaa voimataktiikkana kansainv\u00e4lisist\u00e4 sopimuksista huolimatta. T\u00e4m\u00e4nvuotinen Maailman vesip\u00e4iv\u00e4n teema \u201dWater for Peace\u201d kuitenkin muistuttaa, ett\u00e4 oikeudenmukainen ja kest\u00e4v\u00e4 vesivarojen hallinta voi toimia rauhan vipuvartena.<\/p>\n<p>Teema on eritt\u00e4in ajankohtainen sek\u00e4 maailmalla ett\u00e4 Suomessa. Suomi pyrkii edist\u00e4m\u00e4\u00e4n aktiivisesti rauhaa vesiyhteisty\u00f6n ja diplomatian avulla. Vesidiplomatia on l\u00e4hestymistapa, jolla pyrit\u00e4\u00e4n ehk\u00e4isem\u00e4\u00e4n ja ratkaisemaan veteen liittyvi\u00e4 poliittisia j\u00e4nnitteit\u00e4 vesiosaamisen ja diplomatian keinoin. Vesidiplomatia on yksi Suomen vesialan kansainv\u00e4lisen strategian k\u00e4rjist\u00e4. Suomalaisessa vesidiplomatiaosaamisessa yhdistyv\u00e4t monipuolinen vesialan tuntemus, kokemus kansainv\u00e4lisest\u00e4 rajavesiyhteisty\u00f6st\u00e4 ja rauhanv\u00e4lityksen asiantuntemus.<\/p>\n<p>Suomen Vesiyhdistys yhteisty\u00f6ss\u00e4 ulkoministeri\u00f6n ja Suomen ymp\u00e4rist\u00f6keskuksen koordinoiman vesidiplomatian yhteishankkeen kanssa j\u00e4rjest\u00e4\u00e4 perinteisen Maailman vesip\u00e4iv\u00e4n seminaarin perjantaina 22.3.2024 klo 12\u201316 teemalla \u201dLeveraging Water for Peace \u2013 Vesi rauhan vipuvartena\u201d. Tilaisuus j\u00e4rjestet\u00e4\u00e4n Tieteiden talolla, ja tilaisuutta on mahdollisuus seurata my\u00f6s et\u00e4n\u00e4. Tilaisuuden ensimm\u00e4inen osa on suomeksi ja toinen englanniksi. Seminaarissa tarkastellaan vesiyhteisty\u00f6n ja -diplomatian mahdollisuuksia rauhan edist\u00e4misess\u00e4 ja konfliktien ehk\u00e4isyss\u00e4 sek\u00e4 keskustellaan vesidiplomatian merkityksest\u00e4 ja kansainv\u00e4listen vesisopimusten roolista.<\/p>\n<p>Tilaisuuden avaa ulkoministeri Elina Valtonen. \u201dVedell\u00e4 on suora kytk\u00f6s ulko- ja turvallisuuspolitiikkaan. Vaikka vesivarojen k\u00e4ytt\u00f6 voi muodostaa j\u00e4nnitteit\u00e4 maiden v\u00e4lille, on \u00e4\u00e4rimm\u00e4isen t\u00e4rke\u00e4\u00e4, ett\u00e4 vett\u00e4 ei n\u00e4hd\u00e4 ainoastaan konfliktien aiheuttajana, vaan my\u00f6s yhteisty\u00f6n mahdollistajana\u201d, ulkoministeri Valtonen toteaa. Tilaisuuden englanninkielisess\u00e4 osuudessa puhuu entinen Ruotsin ulkoministeri ja EU:n komissaari Margot Wallstr\u00f6m. H\u00e4n johtaa kansainv\u00e4list\u00e4 ty\u00f6ryhm\u00e4\u00e4, joka on hiljattain julkaissut raportin Ven\u00e4j\u00e4n hy\u00f6kk\u00e4yssodan aiheuttamien ymp\u00e4rist\u00f6tuhojen vaikutuksista Ukrainassa. \u201dEl\u00e4mme aikaa, jossa ymp\u00e4rist\u00f6\u00f6n kohdistuu valtavia paineita. Sodat ja konfliktit pahentavat tilannetta entisest\u00e4\u00e4n. Vesist\u00f6jen saastuminen ja vesi-infrastruktuurin tuhoutuminen vaikuttavat selviytymismahdollisuuksiimme. Rauhan on tarkoitettava my\u00f6s rauhaa luonnon kanssa&#8221;, Wallstr\u00f6m sanoo.<\/p>\n<p>L\u00e4hde: <a rel=\"noopener\" href=\"https:\/\/www.sttinfo.fi\/tiedote\/70125139\/veden-kautta-voidaan-edistaa-rauhaa-maailman-vesipaivan-teemana-ajankohtaisesti-vesi-ja-rauhapublisherId=69819243&amp;lang=fi\">Suomen ymp\u00e4rist\u00f6keskus<\/a><\/p>\n<\/div>\n<p>The post <a rel=\"noopener\" href=\"https:\/\/vastuullisuusuutiset.fi\/fi\/vau-viikkokatsaus\/veden-kautta-voidaan-edistaa-rauhaa-maailman-vesipaivan-teemana-ajankohtaisesti-vesi-ja-rauha\/\">Veden kautta voidaan edist\u00e4\u00e4 rauhaa \u2013 Maailman vesip\u00e4iv\u00e4n teemana ajankohtaisesti vesi ja rauha<\/a> appeared first on <a rel=\"noopener\" href=\"https:\/\/vastuullisuusuutiset.fi\/fi\">Vastuullisuusuutiset.fi<\/a>.<\/p>\n","protected":false},"author":1,"featured_media":0,"comment_status":"closed","ping_status":"closed","sticky":false,"template":"","format":"standard","meta":{"_jetpack_memberships_contains_paid_content":false,"footnotes":""},"categories":[21],"tags":[],"class_list":["post-129185","post","type-post","status-publish","format-standard","hentry","category-uutiset"],"jetpack_featured_media_url":"","jetpack_sharing_enabled":true,"_links":{"self":[{"href":"https:\/\/tietopankki.crnet.fi\/fi\/wp-json\/wp\/v2\/posts\/129185","targetHints":{"allow":["GET"]}}],"collection":[{"href":"https:\/\/tietopankki.crnet.fi\/fi\/wp-json\/wp\/v2\/posts"}],"about":[{"href":"https:\/\/tietopankki.crnet.fi\/fi\/wp-json\/wp\/v2\/types\/post"}],"author":[{"embeddable":true,"href":"https:\/\/tietopankki.crnet.fi\/fi\/wp-json\/wp\/v2\/users\/1"}],"replies":[{"embeddable":true,"href":"https:\/\/tietopankki.crnet.fi\/fi\/wp-json\/wp\/v2\/comments?post=129185"}],"version-history":[{"count":0,"href":"https:\/\/tietopankki.crnet.fi\/fi\/wp-json\/wp\/v2\/posts\/129185\/revisions"}],"wp:attachment":[{"href":"https:\/\/tietopankki.crnet.fi\/fi\/wp-json\/wp\/v2\/media?parent=129185"}],"wp:term":[{"taxonomy":"category","embeddable":true,"href":"https:\/\/tietopankki.crnet.fi\/fi\/wp-json\/wp\/v2\/categories?post=129185"},{"taxonomy":"post_tag","embeddable":true,"href":"https:\/\/tietopankki.crnet.fi\/fi\/wp-json\/wp\/v2\/tags?post=129185"}],"curies":[{"name":"wp","href":"https:\/\/api.w.org\/{rel}","templated":true}]}}