{"id":129187,"date":"2024-03-22T09:45:32","date_gmt":"2024-03-22T07:45:32","guid":{"rendered":"https:\/\/tietopankki.crnet.fi\/fi\/uutiset\/kysely-vientiyrityksille-yli-90-prosenttia-kertoo-poliittisten-lakkojen-vaikuttaneen-toimintaan\/"},"modified":"2024-03-22T09:45:32","modified_gmt":"2024-03-22T07:45:32","slug":"kysely-vientiyrityksille-yli-90-prosenttia-kertoo-poliittisten-lakkojen-vaikuttaneen-toimintaan","status":"publish","type":"post","link":"https:\/\/tietopankki.crnet.fi\/fi\/uutiset\/kysely-vientiyrityksille-yli-90-prosenttia-kertoo-poliittisten-lakkojen-vaikuttaneen-toimintaan\/","title":{"rendered":"Kysely vientiyrityksille: yli 90 prosenttia kertoo poliittisten lakkojen vaikuttaneen toimintaan"},"content":{"rendered":"<div class=\"mp_wrapper\">\n  <div class=\"mepr-unauthorized-message\">\n    <p>You are unauthorized to view this page.<\/p>\n  <\/div>\n  <div class=\"mepr-login-form-wrap\">\n            \n<div class=\"mp_wrapper mp_login_form\">\n                  <!-- mp-login-form-start -->     <form name=\"mepr_loginform\" id=\"mepr_loginform\" class=\"mepr-form\" action=\"https:\/\/tietopankki.crnet.fi\/fi\/login-2\/\" method=\"post\">\n            <div class=\"mp-form-row mepr_username\">\n        <div class=\"mp-form-label\">\n                              <label for=\"user_login\">Username<\/label>\n        <\/div>\n        <input type=\"text\" name=\"log\" id=\"user_login\" value=\"\" \/>\n      <\/div>\n      <div class=\"mp-form-row mepr_password\">\n        <div class=\"mp-form-label\">\n          <label for=\"user_pass\">Password<\/label>\n          <div class=\"mp-hide-pw\">\n            <input type=\"password\" name=\"pwd\" id=\"user_pass\" value=\"\" \/>\n            <button type=\"button\" class=\"button mp-hide-pw hide-if-no-js\" data-toggle=\"0\" aria-label=\"Show password\">\n              <span class=\"dashicons dashicons-visibility\" aria-hidden=\"true\"><\/span>\n            <\/button>\n          <\/div>\n        <\/div>\n      <\/div>\n            <div>\n        <label><input name=\"rememberme\" type=\"checkbox\" id=\"rememberme\" value=\"forever\" \/> Remember Me<\/label>\n      <\/div>\n      <div class=\"mp-spacer\">&nbsp;<\/div>\n      <div class=\"submit\">\n        <input type=\"submit\" name=\"wp-submit\" id=\"wp-submit\" class=\"button-primary mepr-share-button \" value=\"Log In\" \/>\n        <input type=\"hidden\" name=\"redirect_to\" value=\"\/fi\/wp-json\/wp\/v2\/posts\/129187\" \/>\n        <input type=\"hidden\" name=\"mepr_process_login_form\" value=\"true\" \/>\n        <input type=\"hidden\" name=\"mepr_is_login_page\" value=\"false\" \/>\n      <\/div>\n    <\/form>\n    <div class=\"mp-spacer\">&nbsp;<\/div>\n    <div class=\"mepr-login-actions\">\n        <a\n          href=\"https:\/\/tietopankki.crnet.fi\/fi\/login-2\/?action=forgot_password\"\n          title=\"Click here to reset your password\"\n        >\n          Forgot Password        <\/a>\n    <\/div>\n\n      \n    <!-- mp-login-form-end --> \n  <\/div>\n      <\/div>\n<\/div>\n","protected":false},"excerpt":{"rendered":"<div class=\"smart_content_wrapper\">\nYli 90 prosenttia Kauppakamarien kyselyyn vastanneista vientiyrityksist\u00e4 kertoo k\u00e4ynniss\u00e4 olevien poliittisten lakkojen vaikuttaneen niiden toimintaan. Merkitt\u00e4vist\u00e4 vaikutuksista kertoi 37 prosenttia yrityksist\u00e4. Yritysten mukaan poliittisista lakoista aiheutuvat lis\u00e4kustannukset sek\u00e4 mainehaitta vaikuttavat yritysten toimintaan tavalla, joka voi johtaa kauppojen ja asiakkuuksien menett\u00e4miseen, kun toimituslupauksia ei pystyt\u00e4 t\u00e4ytt\u00e4m\u00e4\u00e4n.<\/p>\n<p>&#8220;On hyv\u00e4 muistaa, ett\u00e4 poliittisten lakkojen mainehaitta ei rajoitu pelk\u00e4st\u00e4\u00e4n lakon aikaan vaan niiden j\u00e4lkivaikutukset muutoinkin vaikeassa kansainv\u00e4lisess\u00e4 taloustilanteessa voivat olla hyvin pitk\u00e4t&#8221;, Keskuskauppakamarin kansainv\u00e4listen asioiden johtaja P\u00e4ivi Pohjanheimo toteaa tiedotteessa. Pohjanheimon mukaan viennin pys\u00e4ytt\u00e4minen kahdeksi viikoksi poliittisten lakkojen takia pys\u00e4ytt\u00e4\u00e4 k\u00e4yt\u00e4nn\u00f6ss\u00e4 koko maaliskuun kaupan ja aiheuttaa lomautuksia vientiyrityksiss\u00e4.<\/p>\n<p>Kyselyyn vastanneista vientiyrityksist\u00e4 15 prosenttia kertoi my\u00f6s kokevansa geopoliittisen ep\u00e4varmuuden vaikuttavan yritysten kannattavuuteen merkitt\u00e4v\u00e4sti. 60 prosenttia kokee geopoliittisen ep\u00e4varmuuden vaikuttavan kannattavuuteen jonkin verran. Kauppakamarien vientijohtajakyselyyn vastasi s\u00e4hk\u00f6postitse maaliskuun puoliv\u00e4liss\u00e4 noin 80 vientiyrityst\u00e4. Kolmasosa kyselyyn vastanneista yrityksist\u00e4 ty\u00f6llist\u00e4\u00e4 yli 250 henke\u00e4 ja kolmasosa 5-249 henke\u00e4.<\/p>\n<p>L\u00e4hde: <a rel=\"noopener\" href=\"https:\/\/demokraatti.fi\/kysely-vientiyrityksille-yli-90-prosenttia-kertoo-poliittisten-lakkojen-vaikuttaneen-toimintaan\">Demokraatti<\/a><\/p>\n<\/div>\n<p>The post <a rel=\"noopener\" href=\"https:\/\/vastuullisuusuutiset.fi\/fi\/vau-viikkokatsaus\/kysely-vientiyrityksille-yli-90-prosenttia-kertoo-poliittisten-lakkojen-vaikuttaneen-toimintaan\/\">Kysely vientiyrityksille: yli 90 prosenttia kertoo poliittisten lakkojen vaikuttaneen toimintaan<\/a> appeared first on <a rel=\"noopener\" href=\"https:\/\/vastuullisuusuutiset.fi\/fi\">Vastuullisuusuutiset.fi<\/a>.<\/p>\n","protected":false},"author":1,"featured_media":0,"comment_status":"closed","ping_status":"closed","sticky":false,"template":"","format":"standard","meta":{"_jetpack_memberships_contains_paid_content":false,"footnotes":""},"categories":[21],"tags":[],"class_list":["post-129187","post","type-post","status-publish","format-standard","hentry","category-uutiset"],"jetpack_featured_media_url":"","jetpack_sharing_enabled":true,"_links":{"self":[{"href":"https:\/\/tietopankki.crnet.fi\/fi\/wp-json\/wp\/v2\/posts\/129187","targetHints":{"allow":["GET"]}}],"collection":[{"href":"https:\/\/tietopankki.crnet.fi\/fi\/wp-json\/wp\/v2\/posts"}],"about":[{"href":"https:\/\/tietopankki.crnet.fi\/fi\/wp-json\/wp\/v2\/types\/post"}],"author":[{"embeddable":true,"href":"https:\/\/tietopankki.crnet.fi\/fi\/wp-json\/wp\/v2\/users\/1"}],"replies":[{"embeddable":true,"href":"https:\/\/tietopankki.crnet.fi\/fi\/wp-json\/wp\/v2\/comments?post=129187"}],"version-history":[{"count":0,"href":"https:\/\/tietopankki.crnet.fi\/fi\/wp-json\/wp\/v2\/posts\/129187\/revisions"}],"wp:attachment":[{"href":"https:\/\/tietopankki.crnet.fi\/fi\/wp-json\/wp\/v2\/media?parent=129187"}],"wp:term":[{"taxonomy":"category","embeddable":true,"href":"https:\/\/tietopankki.crnet.fi\/fi\/wp-json\/wp\/v2\/categories?post=129187"},{"taxonomy":"post_tag","embeddable":true,"href":"https:\/\/tietopankki.crnet.fi\/fi\/wp-json\/wp\/v2\/tags?post=129187"}],"curies":[{"name":"wp","href":"https:\/\/api.w.org\/{rel}","templated":true}]}}