{"id":129250,"date":"2024-03-26T08:30:47","date_gmt":"2024-03-26T06:30:47","guid":{"rendered":"https:\/\/tietopankki.crnet.fi\/fi\/uutiset\/toimia-puhtaan-siirtyman-vauhdittamiseksi-energia-ja-ilmastostrategian-seka-keskipitkan-aikavalin-ilmastosuunnitelman-valmistelu-kayntiin\/"},"modified":"2024-03-26T08:30:47","modified_gmt":"2024-03-26T06:30:47","slug":"toimia-puhtaan-siirtyman-vauhdittamiseksi-energia-ja-ilmastostrategian-seka-keskipitkan-aikavalin-ilmastosuunnitelman-valmistelu-kayntiin","status":"publish","type":"post","link":"https:\/\/tietopankki.crnet.fi\/fi\/uutiset\/toimia-puhtaan-siirtyman-vauhdittamiseksi-energia-ja-ilmastostrategian-seka-keskipitkan-aikavalin-ilmastosuunnitelman-valmistelu-kayntiin\/","title":{"rendered":"Toimia puhtaan siirtym\u00e4n vauhdittamiseksi: energia- ja ilmastostrategian sek\u00e4 keskipitk\u00e4n aikav\u00e4lin ilmastosuunnitelman valmistelu k\u00e4yntiin"},"content":{"rendered":"<div class=\"mp_wrapper\">\n  <div class=\"mepr-unauthorized-message\">\n    <p>You are unauthorized to view this page.<\/p>\n  <\/div>\n  <div class=\"mepr-login-form-wrap\">\n            \n<div class=\"mp_wrapper mp_login_form\">\n                  <!-- mp-login-form-start -->     <form name=\"mepr_loginform\" id=\"mepr_loginform\" class=\"mepr-form\" action=\"https:\/\/tietopankki.crnet.fi\/fi\/login-2\/\" method=\"post\">\n            <div class=\"mp-form-row mepr_username\">\n        <div class=\"mp-form-label\">\n                              <label for=\"user_login\">Username<\/label>\n        <\/div>\n        <input type=\"text\" name=\"log\" id=\"user_login\" value=\"\" \/>\n      <\/div>\n      <div class=\"mp-form-row mepr_password\">\n        <div class=\"mp-form-label\">\n          <label for=\"user_pass\">Password<\/label>\n          <div class=\"mp-hide-pw\">\n            <input type=\"password\" name=\"pwd\" id=\"user_pass\" value=\"\" \/>\n            <button type=\"button\" class=\"button mp-hide-pw hide-if-no-js\" data-toggle=\"0\" aria-label=\"Show password\">\n              <span class=\"dashicons dashicons-visibility\" aria-hidden=\"true\"><\/span>\n            <\/button>\n          <\/div>\n        <\/div>\n      <\/div>\n            <div>\n        <label><input name=\"rememberme\" type=\"checkbox\" id=\"rememberme\" value=\"forever\" \/> Remember Me<\/label>\n      <\/div>\n      <div class=\"mp-spacer\">&nbsp;<\/div>\n      <div class=\"submit\">\n        <input type=\"submit\" name=\"wp-submit\" id=\"wp-submit\" class=\"button-primary mepr-share-button \" value=\"Log In\" \/>\n        <input type=\"hidden\" name=\"redirect_to\" value=\"\/fi\/wp-json\/wp\/v2\/posts\/129250\" \/>\n        <input type=\"hidden\" name=\"mepr_process_login_form\" value=\"true\" \/>\n        <input type=\"hidden\" name=\"mepr_is_login_page\" value=\"false\" \/>\n      <\/div>\n    <\/form>\n    <div class=\"mp-spacer\">&nbsp;<\/div>\n    <div class=\"mepr-login-actions\">\n        <a\n          href=\"https:\/\/tietopankki.crnet.fi\/fi\/login-2\/?action=forgot_password\"\n          title=\"Click here to reset your password\"\n        >\n          Forgot Password        <\/a>\n    <\/div>\n\n      \n    <!-- mp-login-form-end --> \n  <\/div>\n      <\/div>\n<\/div>\n","protected":false},"excerpt":{"rendered":"<div class=\"smart_content_wrapper\">\nUuden energia- ja ilmastostrategian keski\u00f6ss\u00e4 on puhtaan energian ratkaisujen edist\u00e4minen ja kilpailukyvyn parantaminen. \u201cPuhtaan energian edell\u00e4k\u00e4vij\u00e4n\u00e4 houkuttelemme Suomeen investointeja, ty\u00f6paikkoja ja talouskasvua. Energia- ja ilmastostrategiassa keskeist\u00e4 on puhtaan energian tuotannon kasvattaminen sek\u00e4 s\u00e4hk\u00f6istyminen ja s\u00e4hk\u00f6markkinoiden toimitusvarmuus. Kilpailukyvyn kannalta Suomen valttikorttina on sujuva investointiluvitus sek\u00e4 puhtaan s\u00e4hk\u00f6n saatavuus\u201c, sanoo ymp\u00e4rist\u00f6- ja ilmastoministeri Kai Mykk\u00e4nen.<\/p>\n<p>Energia- ja ilmastostrategia tehd\u00e4\u00e4n kerran vaalikaudessa ja se sis\u00e4lt\u00e4\u00e4 sek\u00e4 energiapolitiikan ett\u00e4 p\u00e4\u00e4st\u00f6- ja nielulinjaukset. Sen laatimisesta vastaa ty\u00f6- ja elinkeinoministeri\u00f6. Strategian valmistelun yhteydess\u00e4 linjataan hallitusohjelman mukaisesta p\u00e4\u00e4st\u00f6velan lyhennysohjelmasta, jonka tarkoituksena on vuosikymmenen alusta l\u00e4htien kertyneen p\u00e4\u00e4st\u00f6velan k\u00e4\u00e4nt\u00e4minen laskuun. Energia- ja ilmastostrategia valmistellaan rinnakkain keskipitk\u00e4n aikav\u00e4lin ilmastosuunnitelman (KAISU) kanssa, jossa linjataan taakanjakosektorin ilmastotoimista. Molemmissa suunnitelmissa k\u00e4ytet\u00e4\u00e4n yhteist\u00e4 tietopohjaa. Ilmastosuunnitelman laatimista koordinoi ymp\u00e4rist\u00f6ministeri\u00f6 ja se tulee tehd\u00e4 ilmastolain mukaan kerran vaalikaudessa. Taakanjakosektori kattaa liikenteen, rakennusten erillisl\u00e4mmityksen, ty\u00f6koneiden ja j\u00e4tehuollon p\u00e4\u00e4st\u00f6t, osan maatalouden p\u00e4\u00e4st\u00f6ist\u00e4 sek\u00e4 fluoratut kasvihuonekaasut (F-kaasut). \u201cTarkoituksena on l\u00f6yt\u00e4\u00e4 uusia, kustannustehokkaita keinoja v\u00e4hent\u00e4\u00e4 p\u00e4\u00e4st\u00f6j\u00e4 taakanjakosektorilla. Hallitusohjelman mukaisesti hallitus valmistelee jakeluvelvoitteen joustomekanismia, jonka tavoitteena on edist\u00e4\u00e4 kustannustehokkaita p\u00e4\u00e4st\u00f6v\u00e4hennystoimia\u201d, Mykk\u00e4nen sanoo.<\/p>\n<p>Syksyll\u00e4 on tarkoitus j\u00e4rjest\u00e4\u00e4 ministeri Mykk\u00e4sen johdolla py\u00f6re\u00e4n p\u00f6yd\u00e4n keskustelu, johon kutsutaan keskeiset sidosryhm\u00e4t keskustelemaan energia- ja ilmastostrategiasta sek\u00e4 keskipitk\u00e4n aikav\u00e4lin ilmastosuunnitelmasta. Ilmastosuunnitelman osalta kuullaan my\u00f6s saamelaisk\u00e4r\u00e4ji\u00e4 vuoden 2024 loppupuolella. Lis\u00e4ksi ymp\u00e4rist\u00f6ministeri\u00f6 j\u00e4rjest\u00e4\u00e4 alkusyksyst\u00e4 sidosryhmille ty\u00f6pajatilaisuuden ja EU:n LIFE rahoitteisessa ACE-hankkeessa j\u00e4rjestet\u00e4\u00e4n sidosryhmille tilaisuuksia ty\u00f6koneisiin ja maatalouteen liittyen. Kansalaisia kuullaan muun muassa ilmastobarometriss\u00e4 ja Flaire-hankkeessa j\u00e4rjestett\u00e4v\u00e4ss\u00e4 kansalaiskokouksessa. Lausuntokierros molemmista suunnitelmista j\u00e4rjestet\u00e4\u00e4n vuoden 2025 alussa ja suunnitelmien on tarkoitus valmistua vuoden 2025 alkupuoliskon aikana.<\/p>\n<p>Ymp\u00e4rist\u00f6ministeri\u00f6 j\u00e4rjesti 25.3. avoimen keskustelutilaisuuden KAISUn valmistelusta ja sen materiaalit ovat saatavilla ymp\u00e4rist\u00f6ministeri\u00f6n verkkosivuilla.<\/p>\n<p>L\u00e4hde: <a rel=\"noopener\" href=\"https:\/\/ym.fi\/-\/toimia-puhtaan-siirtyman-vauhdittamiseksi-energia-ja-ilmastostrategian-seka-keskipitkan-aikavalin-ilmastosuunnitelman-valmistelu-kayntiin\">Ymp\u00e4rist\u00f6ministeri\u00f6<\/a><\/p>\n<\/div>\n<p>The post <a rel=\"noopener\" href=\"https:\/\/vastuullisuusuutiset.fi\/fi\/ymparistouutiset-fi\/toimia-puhtaan-siirtyman-vauhdittamiseksi-energia-ja-ilmastostrategian-seka-keskipitkan-aikavalin-ilmastosuunnitelman-valmistelu-kayntiin\/\">Toimia puhtaan siirtym\u00e4n vauhdittamiseksi: energia- ja ilmastostrategian sek\u00e4 keskipitk\u00e4n aikav\u00e4lin ilmastosuunnitelman valmistelu k\u00e4yntiin<\/a> appeared first on <a rel=\"noopener\" href=\"https:\/\/vastuullisuusuutiset.fi\/fi\">Vastuullisuusuutiset.fi<\/a>.<\/p>\n","protected":false},"author":1,"featured_media":0,"comment_status":"closed","ping_status":"closed","sticky":false,"template":"","format":"standard","meta":{"_jetpack_memberships_contains_paid_content":false,"footnotes":""},"categories":[21],"tags":[13932,286,13933,13934,13935,269,629,630],"class_list":["post-129250","post","type-post","status-publish","format-standard","hentry","category-uutiset","tag-energiastrategia","tag-ilmasto","tag-ilmastostrategia","tag-keskipitka-aikavali","tag-puhdas-siiryma","tag-ymparisto","tag-ymparistouutiset-fi","tag-ymparistouutiset_viikkokatsaus"],"jetpack_featured_media_url":"","jetpack_sharing_enabled":true,"_links":{"self":[{"href":"https:\/\/tietopankki.crnet.fi\/fi\/wp-json\/wp\/v2\/posts\/129250","targetHints":{"allow":["GET"]}}],"collection":[{"href":"https:\/\/tietopankki.crnet.fi\/fi\/wp-json\/wp\/v2\/posts"}],"about":[{"href":"https:\/\/tietopankki.crnet.fi\/fi\/wp-json\/wp\/v2\/types\/post"}],"author":[{"embeddable":true,"href":"https:\/\/tietopankki.crnet.fi\/fi\/wp-json\/wp\/v2\/users\/1"}],"replies":[{"embeddable":true,"href":"https:\/\/tietopankki.crnet.fi\/fi\/wp-json\/wp\/v2\/comments?post=129250"}],"version-history":[{"count":0,"href":"https:\/\/tietopankki.crnet.fi\/fi\/wp-json\/wp\/v2\/posts\/129250\/revisions"}],"wp:attachment":[{"href":"https:\/\/tietopankki.crnet.fi\/fi\/wp-json\/wp\/v2\/media?parent=129250"}],"wp:term":[{"taxonomy":"category","embeddable":true,"href":"https:\/\/tietopankki.crnet.fi\/fi\/wp-json\/wp\/v2\/categories?post=129250"},{"taxonomy":"post_tag","embeddable":true,"href":"https:\/\/tietopankki.crnet.fi\/fi\/wp-json\/wp\/v2\/tags?post=129250"}],"curies":[{"name":"wp","href":"https:\/\/api.w.org\/{rel}","templated":true}]}}