{"id":129556,"date":"2024-04-10T08:25:14","date_gmt":"2024-04-10T05:25:14","guid":{"rendered":"https:\/\/tietopankki.crnet.fi\/fi\/uutiset\/lansirannikolla-tulvii-myos-lappiin-ennakoidaan-kevaan-edetessa-vaikeaa-tulvakautta\/"},"modified":"2024-04-10T08:25:14","modified_gmt":"2024-04-10T05:25:14","slug":"lansirannikolla-tulvii-myos-lappiin-ennakoidaan-kevaan-edetessa-vaikeaa-tulvakautta","status":"publish","type":"post","link":"https:\/\/tietopankki.crnet.fi\/fi\/uutiset\/lansirannikolla-tulvii-myos-lappiin-ennakoidaan-kevaan-edetessa-vaikeaa-tulvakautta\/","title":{"rendered":"L\u00e4nsirannikolla tulvii, my\u00f6s Lappiin ennakoidaan kev\u00e4\u00e4n edetess\u00e4 vaikeaa tulvakautta"},"content":{"rendered":"<div class=\"mp_wrapper\">\n  <div class=\"mepr-unauthorized-message\">\n    <p>You are unauthorized to view this page.<\/p>\n  <\/div>\n  <div class=\"mepr-login-form-wrap\">\n            \n<div class=\"mp_wrapper mp_login_form\">\n                  <!-- mp-login-form-start -->     <form name=\"mepr_loginform\" id=\"mepr_loginform\" class=\"mepr-form\" action=\"https:\/\/tietopankki.crnet.fi\/fi\/login-2\/\" method=\"post\">\n            <div class=\"mp-form-row mepr_username\">\n        <div class=\"mp-form-label\">\n                              <label for=\"user_login\">Username<\/label>\n        <\/div>\n        <input type=\"text\" name=\"log\" id=\"user_login\" value=\"\" \/>\n      <\/div>\n      <div class=\"mp-form-row mepr_password\">\n        <div class=\"mp-form-label\">\n          <label for=\"user_pass\">Password<\/label>\n          <div class=\"mp-hide-pw\">\n            <input type=\"password\" name=\"pwd\" id=\"user_pass\" value=\"\" \/>\n            <button type=\"button\" class=\"button mp-hide-pw hide-if-no-js\" data-toggle=\"0\" aria-label=\"Show password\">\n              <span class=\"dashicons dashicons-visibility\" aria-hidden=\"true\"><\/span>\n            <\/button>\n          <\/div>\n        <\/div>\n      <\/div>\n            <div>\n        <label><input name=\"rememberme\" type=\"checkbox\" id=\"rememberme\" value=\"forever\" \/> Remember Me<\/label>\n      <\/div>\n      <div class=\"mp-spacer\">&nbsp;<\/div>\n      <div class=\"submit\">\n        <input type=\"submit\" name=\"wp-submit\" id=\"wp-submit\" class=\"button-primary mepr-share-button \" value=\"Log In\" \/>\n        <input type=\"hidden\" name=\"redirect_to\" value=\"\/fi\/wp-json\/wp\/v2\/posts\/129556\" \/>\n        <input type=\"hidden\" name=\"mepr_process_login_form\" value=\"true\" \/>\n        <input type=\"hidden\" name=\"mepr_is_login_page\" value=\"false\" \/>\n      <\/div>\n    <\/form>\n    <div class=\"mp-spacer\">&nbsp;<\/div>\n    <div class=\"mepr-login-actions\">\n        <a\n          href=\"https:\/\/tietopankki.crnet.fi\/fi\/login-2\/?action=forgot_password\"\n          title=\"Click here to reset your password\"\n        >\n          Forgot Password        <\/a>\n    <\/div>\n\n      \n    <!-- mp-login-form-end --> \n  <\/div>\n      <\/div>\n<\/div>\n","protected":false},"excerpt":{"rendered":"<div class=\"smart_content_wrapper\">\nL\u00e4mmin s\u00e4\u00e4 ja viime sunnuntain sateet ovat saaneet jokien pinnat nopeaan nousuun L\u00e4nsi-Suomessa. Vaikein tilanne on Pohjanmaan ja Etel\u00e4-Pohjanmaan maakunnissa, miss\u00e4 tulvan ennustetaan nousevan mahdollisesti l\u00e4helle vuosien 2012 ja 2013 tulvien tasoa. Kauhajoella tulva saattaa kastella asuintaloja. Kuluvan viikon aikana Satakunnasta Ouluun ulottuvalla alueella tulva voi kastella rantarakennuksia ja katkoa paikallisteit\u00e4. Etel\u00e4-Pohjanmaan ja Pohjanmaan maakunnissa jokien tulvan ennustetaan olevan huipussaan keskiviikosta perjantaihin. Keski-Pohjanmaan ja Kalajoen alueelle viikonlopulle ja ensi viikon alkuun ajoittuvista jokien tulvahuipuista odotetaan keskim\u00e4\u00e4r\u00e4ist\u00e4 isompia. Pohjois-Pohjanmaan jokien virtaaman nopea nousu yhdistettyn\u00e4 tavanomaista paksumpaan j\u00e4\u00e4h\u00e4n saa aikaan j\u00e4\u00e4patoriskin.<\/p>\n<p>Maanantai-iltaan menness\u00e4 Lapv\u00e4\u00e4rtinjoen, Teuvanjoen ja N\u00e4rpi\u00f6njoen pinnat olivat nousseet noin 1,5 metri\u00e4 viime sunnuntaista. Lapv\u00e4\u00e4rtinjoella syntyi maanantai-iltana j\u00e4\u00e4pato, jonka seurauksena muutamien asuntalojen kellareihin p\u00e4\u00e4si vett\u00e4. My\u00f6s muut l\u00e4hialueen joet ovat paikoin tulvineet niin, ett\u00e4 vesi on noussut rakennuksiin. Satakunnassa Karvianjoen vesist\u00f6ss\u00e4 vedenpintojen ennustetaan nousevan hyvin korkealle. Poosj\u00e4rvell\u00e4 rantarakennuksia voi kastua.<\/p>\n<p>Etel\u00e4- ja Lounais-Suomen jokien tulvahuiput on jo p\u00e4\u00e4osin ohitettu. Etel\u00e4ss\u00e4 kuitenkin j\u00e4rvivedet jatkavat viel\u00e4 monin paikoin nousuaan. Esimerkiksi Lohjanj\u00e4rven ennustetaan olevan huipussaan vasta huhti-toukokuun vaihteessa. Sen pinnan ennustetaan nousevan keskim\u00e4\u00e4r\u00e4ist\u00e4 korkeammalle, mink\u00e4 seurauksena vahinkojakin voi Lohjan alueelle muodostua.<\/p>\n<p>Lapissa lunta on runsaasti, ja alueelle saattaakin kehitty\u00e4 vaikea tulvatilanne. Koko Oulun etel\u00e4puolisessa Suomessa on lunta ollut selv\u00e4sti keskim\u00e4\u00e4r\u00e4ist\u00e4 enemm\u00e4n. Lunta on edelleen runsaasti Pori\u00ad\u00ad\u2013Lappeenranta-linjan pohjoispuolella. T\u00e4ll\u00e4 alueella j\u00e4rvien ennustetaan nousevan paikoin huomattavasti tavanomaista korkeammalle. Keski- ja It\u00e4-Suomessa vesien ennustetaan nousevan paikoin jopa kerran 10 vuodessa tai harvemmin esiintyv\u00e4lle tasolle. Pielisen pinta on jo t\u00e4ll\u00e4 hetkell\u00e4 tavanomaista korkeammalla. Runsaat lumien sulamisvedet tuovat kev\u00e4\u00e4n edetess\u00e4 Pieliseen keskim\u00e4\u00e4r\u00e4ist\u00e4 suuremman vesim\u00e4\u00e4r\u00e4n. Vastaava tilanne on my\u00f6s P\u00e4ij\u00e4nteell\u00e4 ja Kallavedell\u00e4.<\/p>\n<p>L\u00e4hde: <a rel=\"noopener\" href=\"https:\/\/www.sttinfo.fi\/tiedote\/70135434\/lansirannikolla-tulvii-myos-lappiin-ennakoidaan-kevaan-edetessa-vaikeaa-tulvakauttapublisherId=69819243&amp;lang=fi\">SYKE<\/a><\/p>\n<\/div>\n<p>The post <a rel=\"noopener\" href=\"https:\/\/vastuullisuusuutiset.fi\/fi\/ymparistouutiset-fi\/lansirannikolla-tulvii-myos-lappiin-ennakoidaan-kevaan-edetessa-vaikeaa-tulvakautta\/\">L\u00e4nsirannikolla tulvii, my\u00f6s Lappiin ennakoidaan kev\u00e4\u00e4n edetess\u00e4 vaikeaa tulvakautta<\/a> appeared first on <a rel=\"noopener\" href=\"https:\/\/vastuullisuusuutiset.fi\/fi\">Vastuullisuusuutiset.fi<\/a>.<\/p>\n","protected":false},"author":1,"featured_media":0,"comment_status":"closed","ping_status":"closed","sticky":false,"template":"","format":"standard","meta":{"_jetpack_memberships_contains_paid_content":false,"footnotes":""},"categories":[21],"tags":[2898,2066,7567,14104,3213,1794,269,629,630],"class_list":["post-129556","post","type-post","status-publish","format-standard","hentry","category-uutiset","tag-joet","tag-kevat","tag-lansi-suomi","tag-pinnat","tag-sateet","tag-syke","tag-ymparisto","tag-ymparistouutiset-fi","tag-ymparistouutiset_viikkokatsaus"],"jetpack_featured_media_url":"","jetpack_sharing_enabled":true,"_links":{"self":[{"href":"https:\/\/tietopankki.crnet.fi\/fi\/wp-json\/wp\/v2\/posts\/129556","targetHints":{"allow":["GET"]}}],"collection":[{"href":"https:\/\/tietopankki.crnet.fi\/fi\/wp-json\/wp\/v2\/posts"}],"about":[{"href":"https:\/\/tietopankki.crnet.fi\/fi\/wp-json\/wp\/v2\/types\/post"}],"author":[{"embeddable":true,"href":"https:\/\/tietopankki.crnet.fi\/fi\/wp-json\/wp\/v2\/users\/1"}],"replies":[{"embeddable":true,"href":"https:\/\/tietopankki.crnet.fi\/fi\/wp-json\/wp\/v2\/comments?post=129556"}],"version-history":[{"count":0,"href":"https:\/\/tietopankki.crnet.fi\/fi\/wp-json\/wp\/v2\/posts\/129556\/revisions"}],"wp:attachment":[{"href":"https:\/\/tietopankki.crnet.fi\/fi\/wp-json\/wp\/v2\/media?parent=129556"}],"wp:term":[{"taxonomy":"category","embeddable":true,"href":"https:\/\/tietopankki.crnet.fi\/fi\/wp-json\/wp\/v2\/categories?post=129556"},{"taxonomy":"post_tag","embeddable":true,"href":"https:\/\/tietopankki.crnet.fi\/fi\/wp-json\/wp\/v2\/tags?post=129556"}],"curies":[{"name":"wp","href":"https:\/\/api.w.org\/{rel}","templated":true}]}}