{"id":129618,"date":"2024-04-12T09:50:40","date_gmt":"2024-04-12T06:50:40","guid":{"rendered":"https:\/\/tietopankki.crnet.fi\/fi\/uutiset\/varhaiskasvatuksessa-kohonnut-riski-tyokyvyttomyyteen-myos-sairauspoissaolot-lisaantyneet\/"},"modified":"2024-04-12T09:50:40","modified_gmt":"2024-04-12T06:50:40","slug":"varhaiskasvatuksessa-kohonnut-riski-tyokyvyttomyyteen-myos-sairauspoissaolot-lisaantyneet","status":"publish","type":"post","link":"https:\/\/tietopankki.crnet.fi\/fi\/uutiset\/varhaiskasvatuksessa-kohonnut-riski-tyokyvyttomyyteen-myos-sairauspoissaolot-lisaantyneet\/","title":{"rendered":"Varhaiskasvatuksessa kohonnut riski ty\u00f6kyvytt\u00f6myyteen \u2013 my\u00f6s sairauspoissaolot lis\u00e4\u00e4ntyneet"},"content":{"rendered":"<div class=\"mp_wrapper\">\n  <div class=\"mepr-unauthorized-message\">\n    <p>You are unauthorized to view this page.<\/p>\n  <\/div>\n  <div class=\"mepr-login-form-wrap\">\n            \n<div class=\"mp_wrapper mp_login_form\">\n                  <!-- mp-login-form-start -->     <form name=\"mepr_loginform\" id=\"mepr_loginform\" class=\"mepr-form\" action=\"https:\/\/tietopankki.crnet.fi\/fi\/login-2\/\" method=\"post\">\n            <div class=\"mp-form-row mepr_username\">\n        <div class=\"mp-form-label\">\n                              <label for=\"user_login\">Username<\/label>\n        <\/div>\n        <input type=\"text\" name=\"log\" id=\"user_login\" value=\"\" \/>\n      <\/div>\n      <div class=\"mp-form-row mepr_password\">\n        <div class=\"mp-form-label\">\n          <label for=\"user_pass\">Password<\/label>\n          <div class=\"mp-hide-pw\">\n            <input type=\"password\" name=\"pwd\" id=\"user_pass\" value=\"\" \/>\n            <button type=\"button\" class=\"button mp-hide-pw hide-if-no-js\" data-toggle=\"0\" aria-label=\"Show password\">\n              <span class=\"dashicons dashicons-visibility\" aria-hidden=\"true\"><\/span>\n            <\/button>\n          <\/div>\n        <\/div>\n      <\/div>\n            <div>\n        <label><input name=\"rememberme\" type=\"checkbox\" id=\"rememberme\" value=\"forever\" \/> Remember Me<\/label>\n      <\/div>\n      <div class=\"mp-spacer\">&nbsp;<\/div>\n      <div class=\"submit\">\n        <input type=\"submit\" name=\"wp-submit\" id=\"wp-submit\" class=\"button-primary mepr-share-button \" value=\"Log In\" \/>\n        <input type=\"hidden\" name=\"redirect_to\" value=\"\/fi\/wp-json\/wp\/v2\/posts\/129618\" \/>\n        <input type=\"hidden\" name=\"mepr_process_login_form\" value=\"true\" \/>\n        <input type=\"hidden\" name=\"mepr_is_login_page\" value=\"false\" \/>\n      <\/div>\n    <\/form>\n    <div class=\"mp-spacer\">&nbsp;<\/div>\n    <div class=\"mepr-login-actions\">\n        <a\n          href=\"https:\/\/tietopankki.crnet.fi\/fi\/login-2\/?action=forgot_password\"\n          title=\"Click here to reset your password\"\n        >\n          Forgot Password        <\/a>\n    <\/div>\n\n      \n    <!-- mp-login-form-end --> \n  <\/div>\n      <\/div>\n<\/div>\n","protected":false},"excerpt":{"rendered":"<div class=\"smart_content_wrapper\">\nVarhaiskasvatuksen henkil\u00f6st\u00f6ll\u00e4 on Kevan tilasto- ja tutkimustiedon valossa kohonnut ty\u00f6kyvytt\u00f6myysriski muuhun kunta-alaan verrattuna. Varhaiskasvatuksen henkil\u00f6st\u00f6lle kertyy muuhun kunta-alaan ja hyvinvointialueisiin verrattuna paljon poissaoloja sairauden takia, kertoo Kevan tuore selvitys. Lyhyet ja keskipitk\u00e4t sairauspoissaolot ovat alalla yleisi\u00e4 ja lis\u00e4\u00e4v\u00e4t henkil\u00f6st\u00f6n riski\u00e4 siirty\u00e4 ty\u00f6kyvytt\u00f6myysel\u00e4kkeelle hieman enemm\u00e4n kuin muilla toimialoilla.<\/p>\n<p>Ty\u00f6kyvytt\u00f6myysel\u00e4kkeelle siirtymisen riskiin vaikuttavat tekij\u00e4t liittyv\u00e4t henkil\u00f6st\u00f6n ik\u00e4- ja ammattirakenteeseen sek\u00e4 sairauspoissaoloihin. Toimialan sis\u00e4ll\u00e4 riski vaihtelee. Kevan tuore varhaiskasvatuksen toimialakatsaus kertoo, ett\u00e4 ty\u00f6kyvytt\u00f6myysriski korostuu varhaiskasvatuksen ammattialoista lastenhoitajilla ja ik\u00e4\u00e4ntyvill\u00e4 ty\u00f6ntekij\u00f6ill\u00e4. Lastenhoitajien riski siirty\u00e4 kolmen vuoden sis\u00e4ll\u00e4 ty\u00f6kyvytt\u00f6myysel\u00e4kkeelle on jonkin verran kunta-alan ja hyvinvointialueiden keskim\u00e4\u00e4r\u00e4ist\u00e4 suurempi (2,0 prosenttia), mik\u00e4 tarkoittaa lastenhoitajien keskuudessa vuosittain noin 130 henkil\u00f6\u00e4 enemm\u00e4n kuin muilla aloilla keskim\u00e4\u00e4rin. L\u00e4hivuosina t\u00e4m\u00e4 merkitsisi Kevan mukaan jopa noin 660 lastenhoitajan siirtymist\u00e4 ty\u00f6kyvytt\u00f6myysel\u00e4kkeelle. Varhaiskasvatuksen opettajien riski on jonkin verran keskim\u00e4\u00e4r\u00e4ist\u00e4 pienempi (1,4 prosenttia) tarkoittaen Kevan mukaan noin 300 henkil\u00f6\u00e4 seuraavan kolmen vuoden aikana. Selvityksen mukaan lastenhoitajilla yleisin syy siirty\u00e4 ty\u00f6kyvytt\u00f6myysel\u00e4kkeelle on tuki- ja liikuntaelinsairaudet, varhaiskasvatuksen opettajilla mielenterveysh\u00e4iri\u00f6t. Ty\u00f6kyvytt\u00f6myysriski kasvaa erityisesti 50 ik\u00e4vuoden j\u00e4lkeen ja on suurin yli 55-vuotiailla. Yli 55-vuotiaiden ik\u00e4ryhm\u00e4ss\u00e4 lastenhoitajien riski on 5,6 prosenttia ja varhaiskasvatuksen opettajien 4 prosenttia.<\/p>\n<p>Poissaolot sairauden takia ovat varhaiskasvatuksessa viime vuosina lis\u00e4\u00e4ntyneet, ja kasvu oli erityisen suurta vuonna 2022. Varhaiskasvatuksen henkil\u00f6st\u00f6lle kertyi poissaoloja enemm\u00e4n kuin muilla kunnan ammattialoilla, keskim\u00e4\u00e4rin 21,1 p\u00e4iv\u00e4\u00e4 vuonna 2022 ja 18,6 p\u00e4iv\u00e4\u00e4 vuonna 2021. Molempina vuosina heille kertyi poissaoloja keskim\u00e4\u00e4rin viisi p\u00e4iv\u00e4\u00e4 enemm\u00e4n kuin kuntaty\u00f6ntekij\u00f6ille keskim\u00e4\u00e4rin. Vaikka sairauspoissaolot ovat lis\u00e4\u00e4ntyneet kaikissa ik\u00e4ryhmiss\u00e4, erityisesti niit\u00e4 on alle 30-vuotiailla. &#8220;Nuorten heikentynyt ty\u00f6hyvinvointi ja sairauspoissaolot ovat huolestuttavia. Tilastot osoittavat, ett\u00e4 nuorten aikuisten pidempien poissaolojen taustalla ovat yleens\u00e4 mielenterveyden h\u00e4iri\u00f6t ja erityisesti ahdistuneisuus&#8221;, Kevan tutkimusjohtaja Laura Pekkarinen sanoo tiedotteessa. My\u00f6s varhaiskasvatuksessa alle 30-vuotiaiden ty\u00f6ntekij\u00f6iden kokemus henkisest\u00e4 ty\u00f6kyvyst\u00e4 on heikentynyt. Nuorten perehdytt\u00e4miseen, johtamiseen ja tukeen pit\u00e4\u00e4 nyt panostaa, Pekkarinen jatkaa.<\/p>\n<p>L\u00e4hde: <a rel=\"noopener\" href=\"https:\/\/www.mtvuutiset.fi\/artikkeli\/varhaiskasvatuksessa-kohonnut-riski-tyokyvyttomyyteen-myos-sairauspoissaolot-lisaantyneet\/8916274#gs.7a3vcr\">mtv-uutiset<\/a><\/p>\n<\/div>\n<p>The post <a rel=\"noopener\" href=\"https:\/\/vastuullisuusuutiset.fi\/fi\/vau-viikkokatsaus\/varhaiskasvatuksessa-kohonnut-riski-tyokyvyttomyyteen-myos-sairauspoissaolot-lisaantyneet\/\">Varhaiskasvatuksessa kohonnut riski ty\u00f6kyvytt\u00f6myyteen \u2013 my\u00f6s sairauspoissaolot lis\u00e4\u00e4ntyneet<\/a> appeared first on <a rel=\"noopener\" href=\"https:\/\/vastuullisuusuutiset.fi\/fi\">Vastuullisuusuutiset.fi<\/a>.<\/p>\n","protected":false},"author":1,"featured_media":0,"comment_status":"closed","ping_status":"closed","sticky":false,"template":"","format":"standard","meta":{"_jetpack_memberships_contains_paid_content":false,"footnotes":""},"categories":[21],"tags":[],"class_list":["post-129618","post","type-post","status-publish","format-standard","hentry","category-uutiset"],"jetpack_featured_media_url":"","jetpack_sharing_enabled":true,"_links":{"self":[{"href":"https:\/\/tietopankki.crnet.fi\/fi\/wp-json\/wp\/v2\/posts\/129618","targetHints":{"allow":["GET"]}}],"collection":[{"href":"https:\/\/tietopankki.crnet.fi\/fi\/wp-json\/wp\/v2\/posts"}],"about":[{"href":"https:\/\/tietopankki.crnet.fi\/fi\/wp-json\/wp\/v2\/types\/post"}],"author":[{"embeddable":true,"href":"https:\/\/tietopankki.crnet.fi\/fi\/wp-json\/wp\/v2\/users\/1"}],"replies":[{"embeddable":true,"href":"https:\/\/tietopankki.crnet.fi\/fi\/wp-json\/wp\/v2\/comments?post=129618"}],"version-history":[{"count":0,"href":"https:\/\/tietopankki.crnet.fi\/fi\/wp-json\/wp\/v2\/posts\/129618\/revisions"}],"wp:attachment":[{"href":"https:\/\/tietopankki.crnet.fi\/fi\/wp-json\/wp\/v2\/media?parent=129618"}],"wp:term":[{"taxonomy":"category","embeddable":true,"href":"https:\/\/tietopankki.crnet.fi\/fi\/wp-json\/wp\/v2\/categories?post=129618"},{"taxonomy":"post_tag","embeddable":true,"href":"https:\/\/tietopankki.crnet.fi\/fi\/wp-json\/wp\/v2\/tags?post=129618"}],"curies":[{"name":"wp","href":"https:\/\/api.w.org\/{rel}","templated":true}]}}