{"id":129642,"date":"2024-04-15T08:35:33","date_gmt":"2024-04-15T05:35:33","guid":{"rendered":"https:\/\/tietopankki.crnet.fi\/fi\/uutiset\/ymparistoministeri-myontaa-etta-epavarmuus-metsien-suojelusta-jatkuu\/"},"modified":"2024-04-15T08:35:33","modified_gmt":"2024-04-15T05:35:33","slug":"ymparistoministeri-myontaa-etta-epavarmuus-metsien-suojelusta-jatkuu","status":"publish","type":"post","link":"https:\/\/tietopankki.crnet.fi\/fi\/uutiset\/ymparistoministeri-myontaa-etta-epavarmuus-metsien-suojelusta-jatkuu\/","title":{"rendered":"Ymp\u00e4rist\u00f6ministeri my\u00f6nt\u00e4\u00e4, ett\u00e4 ep\u00e4varmuus metsien suojelusta jatkuu"},"content":{"rendered":"<div class=\"mp_wrapper\">\n  <div class=\"mepr-unauthorized-message\">\n    <p>You are unauthorized to view this page.<\/p>\n  <\/div>\n  <div class=\"mepr-login-form-wrap\">\n            \n<div class=\"mp_wrapper mp_login_form\">\n                  <!-- mp-login-form-start -->     <form name=\"mepr_loginform\" id=\"mepr_loginform\" class=\"mepr-form\" action=\"https:\/\/tietopankki.crnet.fi\/fi\/login-2\/\" method=\"post\">\n            <div class=\"mp-form-row mepr_username\">\n        <div class=\"mp-form-label\">\n                              <label for=\"user_login\">Username<\/label>\n        <\/div>\n        <input type=\"text\" name=\"log\" id=\"user_login\" value=\"\" \/>\n      <\/div>\n      <div class=\"mp-form-row mepr_password\">\n        <div class=\"mp-form-label\">\n          <label for=\"user_pass\">Password<\/label>\n          <div class=\"mp-hide-pw\">\n            <input type=\"password\" name=\"pwd\" id=\"user_pass\" value=\"\" \/>\n            <button type=\"button\" class=\"button mp-hide-pw hide-if-no-js\" data-toggle=\"0\" aria-label=\"Show password\">\n              <span class=\"dashicons dashicons-visibility\" aria-hidden=\"true\"><\/span>\n            <\/button>\n          <\/div>\n        <\/div>\n      <\/div>\n            <div>\n        <label><input name=\"rememberme\" type=\"checkbox\" id=\"rememberme\" value=\"forever\" \/> Remember Me<\/label>\n      <\/div>\n      <div class=\"mp-spacer\">&nbsp;<\/div>\n      <div class=\"submit\">\n        <input type=\"submit\" name=\"wp-submit\" id=\"wp-submit\" class=\"button-primary mepr-share-button \" value=\"Log In\" \/>\n        <input type=\"hidden\" name=\"redirect_to\" value=\"\/fi\/wp-json\/wp\/v2\/posts\/129642\" \/>\n        <input type=\"hidden\" name=\"mepr_process_login_form\" value=\"true\" \/>\n        <input type=\"hidden\" name=\"mepr_is_login_page\" value=\"false\" \/>\n      <\/div>\n    <\/form>\n    <div class=\"mp-spacer\">&nbsp;<\/div>\n    <div class=\"mepr-login-actions\">\n        <a\n          href=\"https:\/\/tietopankki.crnet.fi\/fi\/login-2\/?action=forgot_password\"\n          title=\"Click here to reset your password\"\n        >\n          Forgot Password        <\/a>\n    <\/div>\n\n      \n    <!-- mp-login-form-end --> \n  <\/div>\n      <\/div>\n<\/div>\n","protected":false},"excerpt":{"rendered":"<div class=\"smart_content_wrapper\">\nVanhojen luonnontilaisten metsien suojelukysymys on her\u00e4tt\u00e4nyt ep\u00e4varmuutta mets\u00e4nomistajissa, eik\u00e4 vastuuministeri lupaa selkeit\u00e4 vastauksia pikaisella aikataululla. Keskustelu yksityismetsien suojelun ymp\u00e4rill\u00e4 on k\u00e4ynyt kuluneen talven aikana kiihke\u00e4n\u00e4. L\u00e4ht\u00f6kohtana keskusteluissa on ollut suojelun rajaaminen valtion metsiin, mutta selke\u00e4\u00e4 yksityismetsien ulosrajausta suojeluvaatimuksesta ei ole n\u00e4hty.<\/p>\n<p>Ymp\u00e4rist\u00f6- ja ilmastoministeri Kai Mykk\u00e4nen (kok.) kommentoi harkiten metsien suojelun tulevaisuutta. Vanhojen ja luonnontilaisten metsien suojelu on aiheuttanut mets\u00e4nomistajien keskuudessa ep\u00e4varmuutta tulevaisuuden yksityisomaisuuden suojan kannalta. Mykk\u00e4nen kertoo hallituksen pyrkiv\u00e4n suojeluvaatimusten toteuttamisessa tasapainoiseen kehitykseen, ja uskoo vapaaehtoisten suojeluohjelmien tukevan my\u00f6s yksityismetsien suojelua. \u201dKuten on tiedossa, vapaaehtoisen suojelun Helmi- ja Metso-ohjelmat ovat olleet suosittuja maanomistajien keskuudessa, jopa suositumpia kuin mihin veronmaksajien rahany\u00f6rit riitt\u00e4v\u00e4t\u201d, Mykk\u00e4nen kertoo k\u00e4yt\u00f6ss\u00e4 olevien kannustej\u00e4rjestelmien suosiosta.<\/p>\n<p>H\u00e4nen mukaansa vanhojen, luonnontilaisten metsien suojelun p\u00e4\u00e4painopiste tulee olemaan valtion metsiss\u00e4, joista Suomessa vastaa Mets\u00e4hallitus. \u201dMit\u00e4 tulee valtion maihin, niin siell\u00e4 n\u00e4iden vanhojen luonnontilaisten metsien suojelup\u00e4\u00e4t\u00f6ksen valmistelu etenee.\u201d Mykk\u00e4sen mukaan tavoitteena on toteuttaa valtion omistamien luonnontilaisten metsien suojelu uskottavalla tavalla. \u201dYleisesti haluan sanoa, ett\u00e4 suomalaisessa yhteiskunnassa hallitus pyrkii katsomaan, ett\u00e4 asiat menee tolkullisesti eteenp\u00e4in\u201d<\/p>\n<p>Maanomistajien ep\u00e4varmaan tulevaisuudenkuvaan ei Mykk\u00e4sen mukaan ole luvassa nopeaa helpotusta, mutta h\u00e4n painottaa hallituksen pyrkimyst\u00e4 nopeisiin p\u00e4\u00e4t\u00f6ksiin asiaan liittyen. Lopuksi Mykk\u00e4nen muistuttaa suojelukokonaisuudessa pyritt\u00e4v\u00e4n siihen, ett\u00e4 valtion omistamilla alueilla pystytt\u00e4isiin toimimaan tarpeeksi uskottavasti ja pit\u00e4m\u00e4\u00e4n suojelutilanne hallittuna. ets\u00e4nomistajien keskuudessa tulevaisuuden hakkuumahdollisuuksiin liittyv\u00e4\u00e4 ep\u00e4varmuutta Mykk\u00e4nen toppuuttelee, mutta tiedostaa ett\u00e4 suojelutilannetta on vaikea selkeytt\u00e4\u00e4 ennen virallisten p\u00e4\u00e4t\u00f6sten syntymist\u00e4. \u201dYleisesti haluan sanoa, ett\u00e4 suomalaisessa yhteiskunnassa hallitus pyrkii katsomaan, ett\u00e4 asiat menee tolkullisesti eteenp\u00e4in\u201d, Mykk\u00e4nen sanoo.<\/p>\n<p>L\u00e4hde: <a rel=\"noopener\" href=\"https:\/\/www.maaseuduntulevaisuus.fi\/metsa\/4bc6d71f-aae1-4ba0-9935-083b288eacbc\">MT<\/a><\/p>\n<\/div>\n<p>The post <a rel=\"noopener\" href=\"https:\/\/vastuullisuusuutiset.fi\/fi\/ymparistouutiset-fi\/ymparistoministeri-myontaa-etta-epavarmuus-metsien-suojelusta-jatkuu\/\">Ymp\u00e4rist\u00f6ministeri my\u00f6nt\u00e4\u00e4, ett\u00e4 ep\u00e4varmuus metsien suojelusta jatkuu<\/a> appeared first on <a rel=\"noopener\" href=\"https:\/\/vastuullisuusuutiset.fi\/fi\">Vastuullisuusuutiset.fi<\/a>.<\/p>\n","protected":false},"author":1,"featured_media":0,"comment_status":"closed","ping_status":"closed","sticky":false,"template":"","format":"standard","meta":{"_jetpack_memberships_contains_paid_content":false,"footnotes":""},"categories":[21],"tags":[272,1209,857,629,630],"class_list":["post-129642","post","type-post","status-publish","format-standard","hentry","category-uutiset","tag-metsa","tag-suojelu","tag-ymparistoministerio","tag-ymparistouutiset-fi","tag-ymparistouutiset_viikkokatsaus"],"jetpack_featured_media_url":"","jetpack_sharing_enabled":true,"_links":{"self":[{"href":"https:\/\/tietopankki.crnet.fi\/fi\/wp-json\/wp\/v2\/posts\/129642","targetHints":{"allow":["GET"]}}],"collection":[{"href":"https:\/\/tietopankki.crnet.fi\/fi\/wp-json\/wp\/v2\/posts"}],"about":[{"href":"https:\/\/tietopankki.crnet.fi\/fi\/wp-json\/wp\/v2\/types\/post"}],"author":[{"embeddable":true,"href":"https:\/\/tietopankki.crnet.fi\/fi\/wp-json\/wp\/v2\/users\/1"}],"replies":[{"embeddable":true,"href":"https:\/\/tietopankki.crnet.fi\/fi\/wp-json\/wp\/v2\/comments?post=129642"}],"version-history":[{"count":0,"href":"https:\/\/tietopankki.crnet.fi\/fi\/wp-json\/wp\/v2\/posts\/129642\/revisions"}],"wp:attachment":[{"href":"https:\/\/tietopankki.crnet.fi\/fi\/wp-json\/wp\/v2\/media?parent=129642"}],"wp:term":[{"taxonomy":"category","embeddable":true,"href":"https:\/\/tietopankki.crnet.fi\/fi\/wp-json\/wp\/v2\/categories?post=129642"},{"taxonomy":"post_tag","embeddable":true,"href":"https:\/\/tietopankki.crnet.fi\/fi\/wp-json\/wp\/v2\/tags?post=129642"}],"curies":[{"name":"wp","href":"https:\/\/api.w.org\/{rel}","templated":true}]}}