{"id":129820,"date":"2024-04-17T09:55:49","date_gmt":"2024-04-17T06:55:49","guid":{"rendered":"https:\/\/tietopankki.crnet.fi\/fi\/uutiset\/hallitus-paatti-korottaa-viimeistaan-ensi-vuoden-alusta-yleista-arvonlisaverokantaa-255-prosenttiin\/"},"modified":"2024-04-17T09:55:49","modified_gmt":"2024-04-17T06:55:49","slug":"hallitus-paatti-korottaa-viimeistaan-ensi-vuoden-alusta-yleista-arvonlisaverokantaa-255-prosenttiin","status":"publish","type":"post","link":"https:\/\/tietopankki.crnet.fi\/fi\/uutiset\/hallitus-paatti-korottaa-viimeistaan-ensi-vuoden-alusta-yleista-arvonlisaverokantaa-255-prosenttiin\/","title":{"rendered":"Hallitus p\u00e4\u00e4tti korottaa viimeist\u00e4\u00e4n ensi vuoden alusta yleist\u00e4 arvonlis\u00e4verokantaa 25,5 prosenttiin"},"content":{"rendered":"<div class=\"mp_wrapper\">\n  <div class=\"mepr-unauthorized-message\">\n    <p>You are unauthorized to view this page.<\/p>\n  <\/div>\n  <div class=\"mepr-login-form-wrap\">\n            \n<div class=\"mp_wrapper mp_login_form\">\n                  <!-- mp-login-form-start -->     <form name=\"mepr_loginform\" id=\"mepr_loginform\" class=\"mepr-form\" action=\"https:\/\/tietopankki.crnet.fi\/fi\/login-2\/\" method=\"post\">\n            <div class=\"mp-form-row mepr_username\">\n        <div class=\"mp-form-label\">\n                              <label for=\"user_login\">Username<\/label>\n        <\/div>\n        <input type=\"text\" name=\"log\" id=\"user_login\" value=\"\" \/>\n      <\/div>\n      <div class=\"mp-form-row mepr_password\">\n        <div class=\"mp-form-label\">\n          <label for=\"user_pass\">Password<\/label>\n          <div class=\"mp-hide-pw\">\n            <input type=\"password\" name=\"pwd\" id=\"user_pass\" value=\"\" \/>\n            <button type=\"button\" class=\"button mp-hide-pw hide-if-no-js\" data-toggle=\"0\" aria-label=\"Show password\">\n              <span class=\"dashicons dashicons-visibility\" aria-hidden=\"true\"><\/span>\n            <\/button>\n          <\/div>\n        <\/div>\n      <\/div>\n            <div>\n        <label><input name=\"rememberme\" type=\"checkbox\" id=\"rememberme\" value=\"forever\" \/> Remember Me<\/label>\n      <\/div>\n      <div class=\"mp-spacer\">&nbsp;<\/div>\n      <div class=\"submit\">\n        <input type=\"submit\" name=\"wp-submit\" id=\"wp-submit\" class=\"button-primary mepr-share-button \" value=\"Log In\" \/>\n        <input type=\"hidden\" name=\"redirect_to\" value=\"\/fi\/wp-json\/wp\/v2\/posts\/129820\" \/>\n        <input type=\"hidden\" name=\"mepr_process_login_form\" value=\"true\" \/>\n        <input type=\"hidden\" name=\"mepr_is_login_page\" value=\"false\" \/>\n      <\/div>\n    <\/form>\n    <div class=\"mp-spacer\">&nbsp;<\/div>\n    <div class=\"mepr-login-actions\">\n        <a\n          href=\"https:\/\/tietopankki.crnet.fi\/fi\/login-2\/?action=forgot_password\"\n          title=\"Click here to reset your password\"\n        >\n          Forgot Password        <\/a>\n    <\/div>\n\n      \n    <!-- mp-login-form-end --> \n  <\/div>\n      <\/div>\n<\/div>\n","protected":false},"excerpt":{"rendered":"<div class=\"smart_content_wrapper\">\nP\u00e4\u00e4ministeri Petteri Orpo (kok.) kertoi tiistai-iltana Ylen A-studiossa hallituksen p\u00e4\u00e4tt\u00e4mien sopeutustoimien riitt\u00e4v\u00e4n, jos talouden toimintaymp\u00e4rist\u00f6 pysyy ennusteiden mukaisena. &#8220;Jos ei nyt tule yll\u00e4tyksi\u00e4 maailmalta, uusia shokkeja, niin t\u00e4m\u00e4 riitt\u00e4\u00e4. Valitettavasti en pysty ennustamaan, mit\u00e4 maailmalla tapahtuu, mutta jos meid\u00e4n toimintaymp\u00e4rist\u00f6mme pysyy nyt sellaisena kuin nyt ennustetaan, niin t\u00e4m\u00e4 riitt\u00e4\u00e4&#8221;, Orpo totesi haastattelussa tiistai-iltana.<\/p>\n<p>Hallitus ilmoitti tiistaina kaksip\u00e4iv\u00e4isen kehysriihens\u00e4 p\u00e4\u00e4tteeksi noin 3 miljardin euron lis\u00e4sopeutuksista. Orpo arvioi aiemmin, ett\u00e4 hallitus on toistaiseksi p\u00e4\u00e4tt\u00e4nyt noin yhdeks\u00e4n miljardin euron sopeutuksista valtiontalouteen. Suurin yksitt\u00e4inen hallituksen tiistaina ilmoittama sopeutustoimi oli yleisen arvonlis\u00e4verokannan nouseminen 24 prosentista 25,5 prosenttiin. Vaikka valtaosan tiistaina ilmoitetuista toimista kaavaillaan astuvan voimaan ensi vuoden alussa, voi yleisen arvonlis\u00e4verokannan nosto astua voimaan jo aiemmin. Valtiovarainministeri Riikka Purra (ps.) sanoi aiemmin tiistaina pit\u00e4v\u00e4ns\u00e4 hyvin todenn\u00e4k\u00f6isen\u00e4, ett\u00e4 arvonlis\u00e4veroa korotetaan jo t\u00e4n\u00e4 vuonna.<\/p>\n<p>Orpo kertoi tiistai-iltana Ylen toimittaja Annika Damstr\u00f6min haastattelussa, ett\u00e4 hallitus on k\u00e4yt\u00e4nn\u00f6ss\u00e4 linjannut, ett\u00e4 korotus tulee voimaan t\u00e4n\u00e4 vuonna, jotta Suomi v\u00e4ltt\u00e4isi EU:n liiallisen alij\u00e4\u00e4m\u00e4n menettelyn jo kuluvan vuoden osalta. &#8220;Sanoisin, ett\u00e4 alkusyksy on realistinen, mutta t\u00e4m\u00e4 menee jatkovalmisteluun mahdollisimman nopealla aikav\u00e4lill\u00e4&#8221;, Orpo sanoi. Orpo kertoi haastattelussa my\u00f6s olevansa pahoillaan siit\u00e4, ett\u00e4 useita valtiontalouteen kohdistuvia sopeutusp\u00e4\u00e4t\u00f6ksi\u00e4 on tehty pienen ajan sis\u00e4ll\u00e4. &#8220;Lyhyell\u00e4 aikav\u00e4lill\u00e4 kyll\u00e4 n\u00e4m\u00e4 ovat kipeit\u00e4 p\u00e4\u00e4t\u00f6ksi\u00e4, ja olen sin\u00e4ns\u00e4 pahoillani, ett\u00e4 me joudumme t\u00e4llaisessa ajassa tekem\u00e4\u00e4n n\u00e4it\u00e4 p\u00e4\u00e4t\u00f6ksi\u00e4. Mutta n\u00e4ill\u00e4 on tarkoitus, ja kun me saadaan samaan aikaan kasvu k\u00e4yntiin, niin huominen on parempi&#8221;, h\u00e4n totesi.<\/p>\n<p>L\u00e4hde: <a rel=\"noopener\" href=\"https:\/\/www.suomenmaa.fi\/uutiset\/orpo-ylella-nama-sopeutustoimet-riittavat-alvn-korostus-voisi-tulla-voimaan-alkusyksysta\/\">Suomenmaa<\/a><\/p>\n<\/div>\n<p>The post <a rel=\"noopener\" href=\"https:\/\/vastuullisuusuutiset.fi\/fi\/vau-viikkokatsaus\/hallitus-paatti-korottaa-viimeistaan-ensi-vuoden-alusta-yleista-arvonlisaverokantaa-255-prosenttiin\/\">Hallitus p\u00e4\u00e4tti korottaa viimeist\u00e4\u00e4n ensi vuoden alusta yleist\u00e4 arvonlis\u00e4verokantaa 25,5 prosenttiin<\/a> appeared first on <a rel=\"noopener\" href=\"https:\/\/vastuullisuusuutiset.fi\/fi\">Vastuullisuusuutiset.fi<\/a>.<\/p>\n","protected":false},"author":1,"featured_media":0,"comment_status":"closed","ping_status":"closed","sticky":false,"template":"","format":"standard","meta":{"_jetpack_memberships_contains_paid_content":false,"footnotes":""},"categories":[21],"tags":[],"class_list":["post-129820","post","type-post","status-publish","format-standard","hentry","category-uutiset"],"jetpack_featured_media_url":"","jetpack_sharing_enabled":true,"_links":{"self":[{"href":"https:\/\/tietopankki.crnet.fi\/fi\/wp-json\/wp\/v2\/posts\/129820","targetHints":{"allow":["GET"]}}],"collection":[{"href":"https:\/\/tietopankki.crnet.fi\/fi\/wp-json\/wp\/v2\/posts"}],"about":[{"href":"https:\/\/tietopankki.crnet.fi\/fi\/wp-json\/wp\/v2\/types\/post"}],"author":[{"embeddable":true,"href":"https:\/\/tietopankki.crnet.fi\/fi\/wp-json\/wp\/v2\/users\/1"}],"replies":[{"embeddable":true,"href":"https:\/\/tietopankki.crnet.fi\/fi\/wp-json\/wp\/v2\/comments?post=129820"}],"version-history":[{"count":0,"href":"https:\/\/tietopankki.crnet.fi\/fi\/wp-json\/wp\/v2\/posts\/129820\/revisions"}],"wp:attachment":[{"href":"https:\/\/tietopankki.crnet.fi\/fi\/wp-json\/wp\/v2\/media?parent=129820"}],"wp:term":[{"taxonomy":"category","embeddable":true,"href":"https:\/\/tietopankki.crnet.fi\/fi\/wp-json\/wp\/v2\/categories?post=129820"},{"taxonomy":"post_tag","embeddable":true,"href":"https:\/\/tietopankki.crnet.fi\/fi\/wp-json\/wp\/v2\/tags?post=129820"}],"curies":[{"name":"wp","href":"https:\/\/api.w.org\/{rel}","templated":true}]}}