{"id":129830,"date":"2024-04-17T08:10:05","date_gmt":"2024-04-17T05:10:05","guid":{"rendered":"https:\/\/tietopankki.crnet.fi\/fi\/uutiset\/ilomantsin-kunnalla-ei-ole-huomautettavaa-patrikkasuon-turvetuotantoalueen-ymparistovaikutusten-arviointiohjelmasta\/"},"modified":"2024-04-17T08:10:05","modified_gmt":"2024-04-17T05:10:05","slug":"ilomantsin-kunnalla-ei-ole-huomautettavaa-patrikkasuon-turvetuotantoalueen-ymparistovaikutusten-arviointiohjelmasta","status":"publish","type":"post","link":"https:\/\/tietopankki.crnet.fi\/fi\/uutiset\/ilomantsin-kunnalla-ei-ole-huomautettavaa-patrikkasuon-turvetuotantoalueen-ymparistovaikutusten-arviointiohjelmasta\/","title":{"rendered":"Ilomantsin kunnalla ei ole huomautettavaa Patrikkasuon turvetuotantoalueen ymp\u00e4rist\u00f6vaikutusten arviointiohjelmasta"},"content":{"rendered":"<div class=\"mp_wrapper\">\n  <div class=\"mepr-unauthorized-message\">\n    <p>You are unauthorized to view this page.<\/p>\n  <\/div>\n  <div class=\"mepr-login-form-wrap\">\n            \n<div class=\"mp_wrapper mp_login_form\">\n                  <!-- mp-login-form-start -->     <form name=\"mepr_loginform\" id=\"mepr_loginform\" class=\"mepr-form\" action=\"https:\/\/tietopankki.crnet.fi\/fi\/login-2\/\" method=\"post\">\n            <div class=\"mp-form-row mepr_username\">\n        <div class=\"mp-form-label\">\n                              <label for=\"user_login\">Username<\/label>\n        <\/div>\n        <input type=\"text\" name=\"log\" id=\"user_login\" value=\"\" \/>\n      <\/div>\n      <div class=\"mp-form-row mepr_password\">\n        <div class=\"mp-form-label\">\n          <label for=\"user_pass\">Password<\/label>\n          <div class=\"mp-hide-pw\">\n            <input type=\"password\" name=\"pwd\" id=\"user_pass\" value=\"\" \/>\n            <button type=\"button\" class=\"button mp-hide-pw hide-if-no-js\" data-toggle=\"0\" aria-label=\"Show password\">\n              <span class=\"dashicons dashicons-visibility\" aria-hidden=\"true\"><\/span>\n            <\/button>\n          <\/div>\n        <\/div>\n      <\/div>\n            <div>\n        <label><input name=\"rememberme\" type=\"checkbox\" id=\"rememberme\" value=\"forever\" \/> Remember Me<\/label>\n      <\/div>\n      <div class=\"mp-spacer\">&nbsp;<\/div>\n      <div class=\"submit\">\n        <input type=\"submit\" name=\"wp-submit\" id=\"wp-submit\" class=\"button-primary mepr-share-button \" value=\"Log In\" \/>\n        <input type=\"hidden\" name=\"redirect_to\" value=\"\/fi\/wp-json\/wp\/v2\/posts\/129830\" \/>\n        <input type=\"hidden\" name=\"mepr_process_login_form\" value=\"true\" \/>\n        <input type=\"hidden\" name=\"mepr_is_login_page\" value=\"false\" \/>\n      <\/div>\n    <\/form>\n    <div class=\"mp-spacer\">&nbsp;<\/div>\n    <div class=\"mepr-login-actions\">\n        <a\n          href=\"https:\/\/tietopankki.crnet.fi\/fi\/login-2\/?action=forgot_password\"\n          title=\"Click here to reset your password\"\n        >\n          Forgot Password        <\/a>\n    <\/div>\n\n      \n    <!-- mp-login-form-end --> \n  <\/div>\n      <\/div>\n<\/div>\n","protected":false},"excerpt":{"rendered":"<div class=\"smart_content_wrapper\">\nIlomantsin kunta n\u00e4ytt\u00e4\u00e4 vihre\u00e4\u00e4 valoa Neova oy:n Patrikkasuon turvetuotantoalueelle laatimalle ymp\u00e4rist\u00f6vaikutusten arviointiohjelmalle. Lausuntoa pyysi Pohjois-Karjalan ely-keskus. Ilomantsilla ei ole huomautettavaa itse YVA:sta, mutta se on erityisen huolestunut hankkeen vaikutuksista alueen asukkaiden ja m\u00f6kkil\u00e4isten el\u00e4m\u00e4\u00e4n.<\/p>\n<p>Kunta my\u00f6s muistuttaa, ett\u00e4 suunnitellun turvetuotantoalueen l\u00e4heisyydess\u00e4 sijaitsee Petkelj\u00e4rven kansallispuisto, muinaisj\u00e4\u00e4nn\u00f6ksi\u00e4, vaellusreittej\u00e4 ja matkailuyrityksi\u00e4. Neova haluaa aloittaa turvetuotannon Patrikkasuolla noin 140 hehtaarin alueella. Turvetta tarvitaan Ilomantsin aktiivihiilitehtaan raaka-aineeksi. Neovan aikeet ovat her\u00e4tt\u00e4neet vastusta paikallisten ihmisten keskuudessa ja ymp\u00e4rist\u00f6asioita seuraavassa tutkijajoukossa.<\/p>\n<p>L\u00e4hde:<a rel=\"noopener\" href=\"https:\/\/yle.fi\/a\/74-20083867\"> Yle<\/a><\/p>\n<\/div>\n<p>The post <a rel=\"noopener\" href=\"https:\/\/vastuullisuusuutiset.fi\/fi\/ymparistouutiset-fi\/ilomantsin-kunnalla-ei-ole-huomautettavaa-patrikkasuon-turvetuotantoalueen-ymparistovaikutusten-arviointiohjelmasta\/\">Ilomantsin kunnalla ei ole huomautettavaa Patrikkasuon turvetuotantoalueen ymp\u00e4rist\u00f6vaikutusten arviointiohjelmasta<\/a> appeared first on <a rel=\"noopener\" href=\"https:\/\/vastuullisuusuutiset.fi\/fi\">Vastuullisuusuutiset.fi<\/a>.<\/p>\n","protected":false},"author":1,"featured_media":0,"comment_status":"closed","ping_status":"closed","sticky":false,"template":"","format":"standard","meta":{"_jetpack_memberships_contains_paid_content":false,"footnotes":""},"categories":[21],"tags":[14200,14201,1662,275,269,629,630],"class_list":["post-129830","post","type-post","status-publish","format-standard","hentry","category-uutiset","tag-ilomantsi","tag-patrikkasuo","tag-suo","tag-turve","tag-ymparisto","tag-ymparistouutiset-fi","tag-ymparistouutiset_viikkokatsaus"],"jetpack_featured_media_url":"","jetpack_sharing_enabled":true,"_links":{"self":[{"href":"https:\/\/tietopankki.crnet.fi\/fi\/wp-json\/wp\/v2\/posts\/129830","targetHints":{"allow":["GET"]}}],"collection":[{"href":"https:\/\/tietopankki.crnet.fi\/fi\/wp-json\/wp\/v2\/posts"}],"about":[{"href":"https:\/\/tietopankki.crnet.fi\/fi\/wp-json\/wp\/v2\/types\/post"}],"author":[{"embeddable":true,"href":"https:\/\/tietopankki.crnet.fi\/fi\/wp-json\/wp\/v2\/users\/1"}],"replies":[{"embeddable":true,"href":"https:\/\/tietopankki.crnet.fi\/fi\/wp-json\/wp\/v2\/comments?post=129830"}],"version-history":[{"count":0,"href":"https:\/\/tietopankki.crnet.fi\/fi\/wp-json\/wp\/v2\/posts\/129830\/revisions"}],"wp:attachment":[{"href":"https:\/\/tietopankki.crnet.fi\/fi\/wp-json\/wp\/v2\/media?parent=129830"}],"wp:term":[{"taxonomy":"category","embeddable":true,"href":"https:\/\/tietopankki.crnet.fi\/fi\/wp-json\/wp\/v2\/categories?post=129830"},{"taxonomy":"post_tag","embeddable":true,"href":"https:\/\/tietopankki.crnet.fi\/fi\/wp-json\/wp\/v2\/tags?post=129830"}],"curies":[{"name":"wp","href":"https:\/\/api.w.org\/{rel}","templated":true}]}}