{"id":129850,"date":"2024-04-18T09:45:22","date_gmt":"2024-04-18T06:45:22","guid":{"rendered":"https:\/\/tietopankki.crnet.fi\/fi\/uutiset\/fazer-paatos-makeisverosta-voi-vaikuttaa-suunnitelmaan-lahden-suklaatehtaasta\/"},"modified":"2024-04-18T09:45:22","modified_gmt":"2024-04-18T06:45:22","slug":"fazer-paatos-makeisverosta-voi-vaikuttaa-suunnitelmaan-lahden-suklaatehtaasta","status":"publish","type":"post","link":"https:\/\/tietopankki.crnet.fi\/fi\/uutiset\/fazer-paatos-makeisverosta-voi-vaikuttaa-suunnitelmaan-lahden-suklaatehtaasta\/","title":{"rendered":"Fazer: P\u00e4\u00e4t\u00f6s makeisverosta voi vaikuttaa suunnitelmaan Lahden suklaatehtaasta"},"content":{"rendered":"<div class=\"mp_wrapper\">\n  <div class=\"mepr-unauthorized-message\">\n    <p>You are unauthorized to view this page.<\/p>\n  <\/div>\n  <div class=\"mepr-login-form-wrap\">\n            \n<div class=\"mp_wrapper mp_login_form\">\n                  <!-- mp-login-form-start -->     <form name=\"mepr_loginform\" id=\"mepr_loginform\" class=\"mepr-form\" action=\"https:\/\/tietopankki.crnet.fi\/fi\/login-2\/\" method=\"post\">\n            <div class=\"mp-form-row mepr_username\">\n        <div class=\"mp-form-label\">\n                              <label for=\"user_login\">Username<\/label>\n        <\/div>\n        <input type=\"text\" name=\"log\" id=\"user_login\" value=\"\" \/>\n      <\/div>\n      <div class=\"mp-form-row mepr_password\">\n        <div class=\"mp-form-label\">\n          <label for=\"user_pass\">Password<\/label>\n          <div class=\"mp-hide-pw\">\n            <input type=\"password\" name=\"pwd\" id=\"user_pass\" value=\"\" \/>\n            <button type=\"button\" class=\"button mp-hide-pw hide-if-no-js\" data-toggle=\"0\" aria-label=\"Show password\">\n              <span class=\"dashicons dashicons-visibility\" aria-hidden=\"true\"><\/span>\n            <\/button>\n          <\/div>\n        <\/div>\n      <\/div>\n            <div>\n        <label><input name=\"rememberme\" type=\"checkbox\" id=\"rememberme\" value=\"forever\" \/> Remember Me<\/label>\n      <\/div>\n      <div class=\"mp-spacer\">&nbsp;<\/div>\n      <div class=\"submit\">\n        <input type=\"submit\" name=\"wp-submit\" id=\"wp-submit\" class=\"button-primary mepr-share-button \" value=\"Log In\" \/>\n        <input type=\"hidden\" name=\"redirect_to\" value=\"\/fi\/wp-json\/wp\/v2\/posts\/129850\" \/>\n        <input type=\"hidden\" name=\"mepr_process_login_form\" value=\"true\" \/>\n        <input type=\"hidden\" name=\"mepr_is_login_page\" value=\"false\" \/>\n      <\/div>\n    <\/form>\n    <div class=\"mp-spacer\">&nbsp;<\/div>\n    <div class=\"mepr-login-actions\">\n        <a\n          href=\"https:\/\/tietopankki.crnet.fi\/fi\/login-2\/?action=forgot_password\"\n          title=\"Click here to reset your password\"\n        >\n          Forgot Password        <\/a>\n    <\/div>\n\n      \n    <!-- mp-login-form-end --> \n  <\/div>\n      <\/div>\n<\/div>\n","protected":false},"excerpt":{"rendered":"<div class=\"smart_content_wrapper\">\nElintarvikekonserni Fazer on huolissaan hallituksen kehysriihen p\u00e4\u00e4t\u00f6ksest\u00e4 nostaa makeiset muista elintarvikkeista poiketen korkeimpaan arvonlis\u00e4verokantaan. Fazer katsoo, ett\u00e4 hallituksen esitys v\u00e4\u00e4rist\u00e4\u00e4 merkitt\u00e4v\u00e4sti kilpailua herkuttelutuotteissa ja on ristiriidassa EU:n neutraalisuusperiaatteen kanssa. Yhti\u00f6 katsoo, ett\u00e4 kehysriihess\u00e4 sovittu veroratkaisu kohtelisi eri tuotteita eriarvoisesti ja ohjaisi makeisten kulutusta mahdollisesti ulkomaisiin tuotteisiin ja muihin tuotekategorioihin. Jo nyt kaupan hyllyill\u00e4 l\u00f6ytyy tuotteita, jotka eiv\u00e4t ole perinteisi\u00e4 makeisia mutta kilpailevat suoraan niiden kanssa.<\/p>\n<p>&#8220;Elintarvikkeissa yksi vahva kuluttajatrendi on perinteisten kategorioiden sekoittuminen. Herkuttelutuote voi olla my\u00f6s perunalastut, vanukkaat, aamiaismurot ja niin edelleen. Hallituksen esityksess\u00e4 j\u00e4tet\u00e4\u00e4n samalla kokonaan huomioimatta paljon suolaa ja rasvaa sis\u00e4lt\u00e4v\u00e4t tuotteet, joiden kulutus on kasvanut voimakkaasti&#8221;, Fazer huomauttaa. Fazer arvioi, ett\u00e4 joidenkin elintarvikkeiden eriytetty arvonlis\u00e4verokanta saattaa olla ristiriidassa EU:n s\u00e4\u00e4nt\u00f6jen kanssa. Kyseisiin s\u00e4\u00e4nt\u00f6ihin on t\u00f6rm\u00e4tty ennenkin. Suomessa oli vuodesta 2011 vuoteen 2017 k\u00e4yt\u00f6ss\u00e4 makeisvero. Siit\u00e4 p\u00e4\u00e4tettiin luopua, kun EU:n komissio arvioi veron olevan valtiontukis\u00e4\u00e4nt\u00f6jen vastainen, koska se v\u00e4\u00e4risti kilpailua samankaltaisten tuotteiden v\u00e4lill\u00e4.<\/p>\n<p>Konsernijohtaja Christoph Vitzthum sanoo, ett\u00e4 Suomen poliittisen toimintaymp\u00e4rist\u00f6n arvaamattomuus, ennakoimattomuus ja toimijoita ep\u00e4tasa-arvoisesti kohteleva s\u00e4\u00e4ntely on eritt\u00e4in huolestuttavaa. &#8220;Emme t\u00e4ss\u00e4 vaiheessa pysty viel\u00e4 ottamaan kantaa siihen, miten hallituksen esittelem\u00e4 suunnitelma vaikuttaa liiketoimintaamme laajemmin eik\u00e4 p\u00e4\u00e4t\u00f6kseemme investoida uuteen suklaatehtaaseen, vaan joudumme vakavasti punnitsemaan vaihtoehtojamme&#8221;, Vitzthum sanoo tiedotteessa. Uusi suklaatehdas on tarkoitus rakentaa Lahteen. Yksityisesti omistettu Fazer-konserni teki viime vuonna 1,2 miljardin euron liikevaihdon ja ty\u00f6llisti noin 5\u2009000 ihmist\u00e4.<\/p>\n<p>L\u00e4hde: <a rel=\"noopener\" href=\"https:\/\/www.mtvuutiset.fi\/artikkeli\/fazer-paatos-makeisverosta-voi-vaikuttaa-suunnitelmaan-lahden-suklaatehtaasta\/8920672#gs.84jpi7\">MTV-uutiset<\/a><\/p>\n<\/div>\n<p>The post <a rel=\"noopener\" href=\"https:\/\/vastuullisuusuutiset.fi\/fi\/vaufi\/fazer-paatos-makeisverosta-voi-vaikuttaa-suunnitelmaan-lahden-suklaatehtaasta\/\">Fazer: P\u00e4\u00e4t\u00f6s makeisverosta voi vaikuttaa suunnitelmaan Lahden suklaatehtaasta<\/a> appeared first on <a rel=\"noopener\" href=\"https:\/\/vastuullisuusuutiset.fi\/fi\">Vastuullisuusuutiset.fi<\/a>.<\/p>\n","protected":false},"author":1,"featured_media":0,"comment_status":"closed","ping_status":"closed","sticky":false,"template":"","format":"standard","meta":{"_jetpack_memberships_contains_paid_content":false,"footnotes":""},"categories":[21],"tags":[],"class_list":["post-129850","post","type-post","status-publish","format-standard","hentry","category-uutiset"],"jetpack_featured_media_url":"","jetpack_sharing_enabled":true,"_links":{"self":[{"href":"https:\/\/tietopankki.crnet.fi\/fi\/wp-json\/wp\/v2\/posts\/129850","targetHints":{"allow":["GET"]}}],"collection":[{"href":"https:\/\/tietopankki.crnet.fi\/fi\/wp-json\/wp\/v2\/posts"}],"about":[{"href":"https:\/\/tietopankki.crnet.fi\/fi\/wp-json\/wp\/v2\/types\/post"}],"author":[{"embeddable":true,"href":"https:\/\/tietopankki.crnet.fi\/fi\/wp-json\/wp\/v2\/users\/1"}],"replies":[{"embeddable":true,"href":"https:\/\/tietopankki.crnet.fi\/fi\/wp-json\/wp\/v2\/comments?post=129850"}],"version-history":[{"count":0,"href":"https:\/\/tietopankki.crnet.fi\/fi\/wp-json\/wp\/v2\/posts\/129850\/revisions"}],"wp:attachment":[{"href":"https:\/\/tietopankki.crnet.fi\/fi\/wp-json\/wp\/v2\/media?parent=129850"}],"wp:term":[{"taxonomy":"category","embeddable":true,"href":"https:\/\/tietopankki.crnet.fi\/fi\/wp-json\/wp\/v2\/categories?post=129850"},{"taxonomy":"post_tag","embeddable":true,"href":"https:\/\/tietopankki.crnet.fi\/fi\/wp-json\/wp\/v2\/tags?post=129850"}],"curies":[{"name":"wp","href":"https:\/\/api.w.org\/{rel}","templated":true}]}}