{"id":129896,"date":"2024-04-16T08:31:46","date_gmt":"2024-04-16T05:31:46","guid":{"rendered":"https:\/\/tietopankki.crnet.fi\/fi\/uutiset\/hallitus-sivuutti-luontokadon-ja-ilmastokriisin-kehysriihessa\/"},"modified":"2024-04-16T08:31:46","modified_gmt":"2024-04-16T05:31:46","slug":"hallitus-sivuutti-luontokadon-ja-ilmastokriisin-kehysriihessa","status":"publish","type":"post","link":"https:\/\/tietopankki.crnet.fi\/fi\/uutiset\/hallitus-sivuutti-luontokadon-ja-ilmastokriisin-kehysriihessa\/","title":{"rendered":"Hallitus sivuutti luontokadon ja ilmastokriisin kehysriihess\u00e4"},"content":{"rendered":"<div class=\"mp_wrapper\">\n  <div class=\"mepr-unauthorized-message\">\n    <p>You are unauthorized to view this page.<\/p>\n  <\/div>\n  <div class=\"mepr-login-form-wrap\">\n            \n<div class=\"mp_wrapper mp_login_form\">\n                  <!-- mp-login-form-start -->     <form name=\"mepr_loginform\" id=\"mepr_loginform\" class=\"mepr-form\" action=\"https:\/\/tietopankki.crnet.fi\/fi\/login-2\/\" method=\"post\">\n            <div class=\"mp-form-row mepr_username\">\n        <div class=\"mp-form-label\">\n                              <label for=\"user_login\">Username<\/label>\n        <\/div>\n        <input type=\"text\" name=\"log\" id=\"user_login\" value=\"\" \/>\n      <\/div>\n      <div class=\"mp-form-row mepr_password\">\n        <div class=\"mp-form-label\">\n          <label for=\"user_pass\">Password<\/label>\n          <div class=\"mp-hide-pw\">\n            <input type=\"password\" name=\"pwd\" id=\"user_pass\" value=\"\" \/>\n            <button type=\"button\" class=\"button mp-hide-pw hide-if-no-js\" data-toggle=\"0\" aria-label=\"Show password\">\n              <span class=\"dashicons dashicons-visibility\" aria-hidden=\"true\"><\/span>\n            <\/button>\n          <\/div>\n        <\/div>\n      <\/div>\n            <div>\n        <label><input name=\"rememberme\" type=\"checkbox\" id=\"rememberme\" value=\"forever\" \/> Remember Me<\/label>\n      <\/div>\n      <div class=\"mp-spacer\">&nbsp;<\/div>\n      <div class=\"submit\">\n        <input type=\"submit\" name=\"wp-submit\" id=\"wp-submit\" class=\"button-primary mepr-share-button \" value=\"Log In\" \/>\n        <input type=\"hidden\" name=\"redirect_to\" value=\"\/fi\/wp-json\/wp\/v2\/posts\/129896\" \/>\n        <input type=\"hidden\" name=\"mepr_process_login_form\" value=\"true\" \/>\n        <input type=\"hidden\" name=\"mepr_is_login_page\" value=\"false\" \/>\n      <\/div>\n    <\/form>\n    <div class=\"mp-spacer\">&nbsp;<\/div>\n    <div class=\"mepr-login-actions\">\n        <a\n          href=\"https:\/\/tietopankki.crnet.fi\/fi\/login-2\/?action=forgot_password\"\n          title=\"Click here to reset your password\"\n        >\n          Forgot Password        <\/a>\n    <\/div>\n\n      \n    <!-- mp-login-form-end --> \n  <\/div>\n      <\/div>\n<\/div>\n","protected":false},"excerpt":{"rendered":"<div class=\"smart_content_wrapper\">\n<div class=\"container-fluid\">\n<div class=\"row\">\n<div class=\"col-md-9 offset-md-2\">\n<div class=\"article__ingress\">\n<p>WWF pettyi kehysriihen tuloksiin. Hallitus ei l\u00f6yt\u00e4nyt kehysriihess\u00e4 rahoitusta luonto- ja ilmastotoimille eik\u00e4 uutta suuntaa ymp\u00e4rist\u00f6politiikkaansa.<\/p>\n<\/div>\n<\/div>\n<\/div>\n<\/div>\n<div class=\"text-block my-2\">\n<div class=\"container-fluid\">\n<div class=\"row\">\n<div class=\"col-md-8\">\n<div class=\"text-block__text\">\n<p>\u201dKehysriihi oli hallitukselle tilaisuus n\u00e4ytt\u00e4\u00e4, pyrkiik\u00f6 se ohjelmansa mukaisesti luontokadon pys\u00e4ytt\u00e4miseen ja omilla toimillaan varmistamaan, ett\u00e4 Suomi on hiilineutraali vuoteen 2035 menness\u00e4. Hallitus menetti t\u00e4m\u00e4n tilaisuuden, ja hallitusohjelman hyv\u00e4t kirjaukset n\u00e4ytt\u00e4v\u00e4t entist\u00e4 vahvemmin lupauksilta ilman katetta\u201d, WWF Suomen p\u00e4\u00e4sihteeri <strong>Jari Luukkonen<\/strong> toteaa.<\/p>\n<p>\u201dOlemme pettyneit\u00e4 muun muassa siihen, ettei hallitus ota k\u00e4ytt\u00f6\u00f6n maank\u00e4yt\u00f6n muutosmaksua eik\u00e4 biomassan polton veroa, joista molemmista on tehty perusteellisia selvityksi\u00e4. N\u00e4m\u00e4 keinot olisivat vahvistaneet hiilinieluja ja puhdasta siirtym\u00e4\u00e4 samalla, kun valtiontaloutta olisi vahvistettu\u201d, Luukkonen sanoo.<\/p>\n<p>Arvonlis\u00e4veron korotus nostaa fossiilisten polttoaineiden hintaa, mutta verokorotus osuu my\u00f6s moneen kest\u00e4v\u00e4\u00e4 el\u00e4m\u00e4ntapaa edist\u00e4v\u00e4\u00e4n palveluun ja tuotteeseen.<\/p>\n<p>\u201cHallitus teki viime syksyn\u00e4 ison virheen ajaessaan polttoaineiden verotukseen isoja leikkauksia\u201d, Luukkonen sanoo.<\/p>\n<p><strong>My\u00f6s n\u00e4it\u00e4 p\u00e4\u00e4t\u00f6ksi\u00e4 WWF vaati kehysriihest\u00e4:<\/strong><\/p>\n<ul>\n<li>Periaatep\u00e4\u00e4t\u00f6st\u00e4 kaikkien valtionmailla sijaitsevien vanhojen ja luonnontilaisten metsien suojelusta.<\/li>\n<li>Rahoituksen varaamista Hein\u00e4vedell\u00e4 sijaitsevien Palokin koskien ennallistamiseen. Patojen purkamisella on suuri merkitys niin uhanalaisille vaelluskaloille kuin aluetaloudellisesti.<\/li>\n<li>Merkitt\u00e4v\u00e4\u00e4 lis\u00e4yst\u00e4 Helmi-, Metso- ja Nousu -ohjelmien sek\u00e4 vesiensuojelun tehostamisohjelman rahoitukseen verrattuna vuoteen 2024.<\/li>\n<li>Tehokkaita ja valtiontaloutta vahvistavia ilmastotoimia kuten maank\u00e4yt\u00f6n muutosmaksua, biomassan polton verotusta sek\u00e4 polttoaineiden p\u00e4\u00e4st\u00f6kauppaa.<\/li>\n<li>Suomen kansainv\u00e4lisen ilmasto- ja biodiversiteettirahoituksen nostamista.<\/li>\n<li>Ymp\u00e4rist\u00f6lle haitallisten tukien poistamista.<\/li>\n<li>Vesilain muutoksen kiirehtimist\u00e4, jotta niille vesivoimaloille, joilta ei t\u00e4ll\u00e4 hetkell\u00e4 velvoiteta vaelluskalojen huomioimista, voitaisiin asettaa velvoitteet esimerkiksi ohitusuomien rakentamiseksi.<\/li>\n<\/ul>\n<p>L\u00e4hde: <a rel=\"noopener\" href=\"https:\/\/wwf.fi\/uutiset\/2024\/04\/hallitus-sivuutti-luontokadon-ja-ilmastokriisin-kehysriihessa\/\">WWFSuomi<\/a><\/p>\n<\/div>\n<\/div>\n<\/div>\n<\/div>\n<\/div>\n<\/div>\n<p>The post <a rel=\"noopener\" href=\"https:\/\/vastuullisuusuutiset.fi\/fi\/kumppaniuutisetsuomeksi\/hallitus-sivuutti-luontokadon-ja-ilmastokriisin-kehysriihessa\/\">Hallitus sivuutti luontokadon ja ilmastokriisin kehysriihess\u00e4<\/a> appeared first on <a rel=\"noopener\" href=\"https:\/\/vastuullisuusuutiset.fi\/fi\">Vastuullisuusuutiset.fi<\/a>.<\/p>\n","protected":false},"author":1,"featured_media":0,"comment_status":"closed","ping_status":"closed","sticky":false,"template":"","format":"standard","meta":{"_jetpack_memberships_contains_paid_content":false,"footnotes":""},"categories":[21],"tags":[631,5215,1208,547,1471,7619],"class_list":["post-129896","post","type-post","status-publish","format-standard","hentry","category-uutiset","tag-hallitus","tag-ilmastokriisi","tag-kehysriihi","tag-kumppaneiden-uutiset-suomeksi","tag-luontokato","tag-wwfsuomi"],"jetpack_featured_media_url":"","jetpack_sharing_enabled":true,"_links":{"self":[{"href":"https:\/\/tietopankki.crnet.fi\/fi\/wp-json\/wp\/v2\/posts\/129896","targetHints":{"allow":["GET"]}}],"collection":[{"href":"https:\/\/tietopankki.crnet.fi\/fi\/wp-json\/wp\/v2\/posts"}],"about":[{"href":"https:\/\/tietopankki.crnet.fi\/fi\/wp-json\/wp\/v2\/types\/post"}],"author":[{"embeddable":true,"href":"https:\/\/tietopankki.crnet.fi\/fi\/wp-json\/wp\/v2\/users\/1"}],"replies":[{"embeddable":true,"href":"https:\/\/tietopankki.crnet.fi\/fi\/wp-json\/wp\/v2\/comments?post=129896"}],"version-history":[{"count":0,"href":"https:\/\/tietopankki.crnet.fi\/fi\/wp-json\/wp\/v2\/posts\/129896\/revisions"}],"wp:attachment":[{"href":"https:\/\/tietopankki.crnet.fi\/fi\/wp-json\/wp\/v2\/media?parent=129896"}],"wp:term":[{"taxonomy":"category","embeddable":true,"href":"https:\/\/tietopankki.crnet.fi\/fi\/wp-json\/wp\/v2\/categories?post=129896"},{"taxonomy":"post_tag","embeddable":true,"href":"https:\/\/tietopankki.crnet.fi\/fi\/wp-json\/wp\/v2\/tags?post=129896"}],"curies":[{"name":"wp","href":"https:\/\/api.w.org\/{rel}","templated":true}]}}