{"id":130239,"date":"2024-05-08T08:25:22","date_gmt":"2024-05-08T05:25:22","guid":{"rendered":"https:\/\/tietopankki.crnet.fi\/fi\/uutiset\/kylma-saa-jarruttaa-kasvukautta-ja-kevattoiden-etenemista\/"},"modified":"2024-05-08T08:25:22","modified_gmt":"2024-05-08T05:25:22","slug":"kylma-saa-jarruttaa-kasvukautta-ja-kevattoiden-etenemista","status":"publish","type":"post","link":"https:\/\/tietopankki.crnet.fi\/fi\/uutiset\/kylma-saa-jarruttaa-kasvukautta-ja-kevattoiden-etenemista\/","title":{"rendered":"Kylm\u00e4 s\u00e4\u00e4 jarruttaa kasvukautta ja kev\u00e4tt\u00f6iden etenemist\u00e4"},"content":{"rendered":"<div class=\"mp_wrapper\">\n  <div class=\"mepr-unauthorized-message\">\n    <p>You are unauthorized to view this page.<\/p>\n  <\/div>\n  <div class=\"mepr-login-form-wrap\">\n            \n<div class=\"mp_wrapper mp_login_form\">\n                  <!-- mp-login-form-start -->     <form name=\"mepr_loginform\" id=\"mepr_loginform\" class=\"mepr-form\" action=\"https:\/\/tietopankki.crnet.fi\/fi\/login-2\/\" method=\"post\">\n            <div class=\"mp-form-row mepr_username\">\n        <div class=\"mp-form-label\">\n                              <label for=\"user_login\">Username<\/label>\n        <\/div>\n        <input type=\"text\" name=\"log\" id=\"user_login\" value=\"\" \/>\n      <\/div>\n      <div class=\"mp-form-row mepr_password\">\n        <div class=\"mp-form-label\">\n          <label for=\"user_pass\">Password<\/label>\n          <div class=\"mp-hide-pw\">\n            <input type=\"password\" name=\"pwd\" id=\"user_pass\" value=\"\" \/>\n            <button type=\"button\" class=\"button mp-hide-pw hide-if-no-js\" data-toggle=\"0\" aria-label=\"Show password\">\n              <span class=\"dashicons dashicons-visibility\" aria-hidden=\"true\"><\/span>\n            <\/button>\n          <\/div>\n        <\/div>\n      <\/div>\n            <div>\n        <label><input name=\"rememberme\" type=\"checkbox\" id=\"rememberme\" value=\"forever\" \/> Remember Me<\/label>\n      <\/div>\n      <div class=\"mp-spacer\">&nbsp;<\/div>\n      <div class=\"submit\">\n        <input type=\"submit\" name=\"wp-submit\" id=\"wp-submit\" class=\"button-primary mepr-share-button \" value=\"Log In\" \/>\n        <input type=\"hidden\" name=\"redirect_to\" value=\"\/fi\/wp-json\/wp\/v2\/posts\/130239\" \/>\n        <input type=\"hidden\" name=\"mepr_process_login_form\" value=\"true\" \/>\n        <input type=\"hidden\" name=\"mepr_is_login_page\" value=\"false\" \/>\n      <\/div>\n    <\/form>\n    <div class=\"mp-spacer\">&nbsp;<\/div>\n    <div class=\"mepr-login-actions\">\n        <a\n          href=\"https:\/\/tietopankki.crnet.fi\/fi\/login-2\/?action=forgot_password\"\n          title=\"Click here to reset your password\"\n        >\n          Forgot Password        <\/a>\n    <\/div>\n\n      \n    <!-- mp-login-form-end --> \n  <\/div>\n      <\/div>\n<\/div>\n","protected":false},"excerpt":{"rendered":"<div class=\"smart_content_wrapper\">\nKylm\u00e4 s\u00e4\u00e4 jarruttaa kasvukautta ja kev\u00e4tt\u00f6iden etenemist\u00e4 pahan kerran. Viileydest\u00e4 johtuen pellot eiv\u00e4t esimerkiksi kuivu kylv\u00f6kuntoon. \u201dOnhan n\u00e4it\u00e4 ollut ennenkin, mutta ei t\u00e4m\u00e4 hauskaa ole\u201d, kylmyytt\u00e4 kommentoi Pro Agria Etel\u00e4-Pohjanmaan kasvintuotannon toimialap\u00e4\u00e4llikk\u00f6 Juha-Matti Toppari. \u201dT\u00e4\u00e4ll\u00e4 Ylistarossa oli aamulla mittarissa viisi astetta pakkasta.\u201d, h\u00e4n jatkaa.<\/p>\n<p>Y\u00f6pakkasia on luvassa enemm\u00e4nkin, sill\u00e4 Ilmatieteen laitoksen mukaan s\u00e4\u00e4 on t\u00e4ll\u00e4 viikolla tavanomaista kylmemp\u00e4\u00e4. P\u00e4ivisin l\u00e4mp\u00f6tila on 5 ja 12 asteen v\u00e4lill\u00e4, id\u00e4ss\u00e4 ja pohjoisessa -2 ja +6 asteen v\u00e4lill\u00e4. \u00d6isin l\u00e4mp\u00f6tila laskee l\u00e4hes koko maassa pakkaselle, Lapissa pakkasta voi olla jopa kymmenen astetta. Syysviljoja pakkaset eiv\u00e4t Topparin arvion mukaan tapa, mutta mit\u00e4\u00e4n kasvuakaan pelloilla ei ilman l\u00e4mp\u00f6\u00e4 tapahdu.<\/p>\n<p>\u201dToistaiseksi viile\u00e4 s\u00e4\u00e4 ei ole aiheuttanut avomaan marjakasvustoille tuhoa, vaikkakin viileys viiv\u00e4stytt\u00e4\u00e4 kasvin kehityst\u00e4 alkukasvukaudella\u201d, kertoo asiantuntija Emma Kaakko Hedelm\u00e4n- ja Marjanviljelij\u00e4in liitosta \u201dEsimerkiksi mansikka ja omena ovat herkimmill\u00e4\u00e4n pakkasen vioitukselle vasta kukinnan aikaan. Kukinta ei normaalistikaan ala avomaan tuotannossa n\u00e4in varhain.\u201d, h\u00e4n jatkaa. Kukinnan aikaan mansikkakasvusto voidaan suojata hallaharsoilla tai hallaa voidaan torjua sadettamalla. Kasvihuonemansikat alkavat v\u00e4hitellen tuottaa satoa, Kaakko kertoo. Ensimm\u00e4isi\u00e4 tunnelimansikoita odotellaan touko\u2013kes\u00e4kuun vaihteessa.<\/p>\n<p>L\u00e4hde: <a rel=\"noopener\" href=\"https:\/\/www.maaseuduntulevaisuus.fi\/maatalous\/8c78d662-cfe5-4124-befe-67534c251469\">Maaseudun tulevaisuus<\/a><\/p>\n<\/div>\n<p>The post <a rel=\"noopener\" href=\"https:\/\/vastuullisuusuutiset.fi\/fi\/ymparistouutiset-fi\/kylma-saa-jarruttaa-kasvukautta-ja-kevattoiden-etenemista\/\">Kylm\u00e4 s\u00e4\u00e4 jarruttaa kasvukautta ja kev\u00e4tt\u00f6iden etenemist\u00e4<\/a> appeared first on <a rel=\"noopener\" href=\"https:\/\/vastuullisuusuutiset.fi\/fi\">Vastuullisuusuutiset.fi<\/a>.<\/p>\n","protected":false},"author":1,"featured_media":0,"comment_status":"closed","ping_status":"closed","sticky":false,"template":"","format":"standard","meta":{"_jetpack_memberships_contains_paid_content":false,"footnotes":""},"categories":[21],"tags":[2066,14451,776,3461,14452,269,629,630],"class_list":["post-130239","post","type-post","status-publish","format-standard","hentry","category-uutiset","tag-kevat","tag-kylvo","tag-maatalous","tag-marjat","tag-tyot","tag-ymparisto","tag-ymparistouutiset-fi","tag-ymparistouutiset_viikkokatsaus"],"jetpack_featured_media_url":"","jetpack_sharing_enabled":true,"_links":{"self":[{"href":"https:\/\/tietopankki.crnet.fi\/fi\/wp-json\/wp\/v2\/posts\/130239","targetHints":{"allow":["GET"]}}],"collection":[{"href":"https:\/\/tietopankki.crnet.fi\/fi\/wp-json\/wp\/v2\/posts"}],"about":[{"href":"https:\/\/tietopankki.crnet.fi\/fi\/wp-json\/wp\/v2\/types\/post"}],"author":[{"embeddable":true,"href":"https:\/\/tietopankki.crnet.fi\/fi\/wp-json\/wp\/v2\/users\/1"}],"replies":[{"embeddable":true,"href":"https:\/\/tietopankki.crnet.fi\/fi\/wp-json\/wp\/v2\/comments?post=130239"}],"version-history":[{"count":0,"href":"https:\/\/tietopankki.crnet.fi\/fi\/wp-json\/wp\/v2\/posts\/130239\/revisions"}],"wp:attachment":[{"href":"https:\/\/tietopankki.crnet.fi\/fi\/wp-json\/wp\/v2\/media?parent=130239"}],"wp:term":[{"taxonomy":"category","embeddable":true,"href":"https:\/\/tietopankki.crnet.fi\/fi\/wp-json\/wp\/v2\/categories?post=130239"},{"taxonomy":"post_tag","embeddable":true,"href":"https:\/\/tietopankki.crnet.fi\/fi\/wp-json\/wp\/v2\/tags?post=130239"}],"curies":[{"name":"wp","href":"https:\/\/api.w.org\/{rel}","templated":true}]}}