{"id":130308,"date":"2024-05-10T09:45:26","date_gmt":"2024-05-10T06:45:26","guid":{"rendered":"https:\/\/tietopankki.crnet.fi\/fi\/uutiset\/eva-eu-ja-nato-myonteisyys-yhdistaa-laajasti-kansaa-suomalaiset-haluavat-eulta-yhtenaisempaa-ulkopolitiikkaa\/"},"modified":"2024-05-10T09:45:26","modified_gmt":"2024-05-10T06:45:26","slug":"eva-eu-ja-nato-myonteisyys-yhdistaa-laajasti-kansaa-suomalaiset-haluavat-eulta-yhtenaisempaa-ulkopolitiikkaa","status":"publish","type":"post","link":"https:\/\/tietopankki.crnet.fi\/fi\/uutiset\/eva-eu-ja-nato-myonteisyys-yhdistaa-laajasti-kansaa-suomalaiset-haluavat-eulta-yhtenaisempaa-ulkopolitiikkaa\/","title":{"rendered":"EVA : EU- ja Nato-my\u00f6nteisyys yhdist\u00e4\u00e4 laajasti kansaa \u2013 suomalaiset haluavat EU:lta yhten\u00e4isemp\u00e4\u00e4 ulkopolitiikkaa"},"content":{"rendered":"<div class=\"mp_wrapper\">\n  <div class=\"mepr-unauthorized-message\">\n    <p>You are unauthorized to view this page.<\/p>\n  <\/div>\n  <div class=\"mepr-login-form-wrap\">\n            \n<div class=\"mp_wrapper mp_login_form\">\n                  <!-- mp-login-form-start -->     <form name=\"mepr_loginform\" id=\"mepr_loginform\" class=\"mepr-form\" action=\"https:\/\/tietopankki.crnet.fi\/fi\/login-2\/\" method=\"post\">\n            <div class=\"mp-form-row mepr_username\">\n        <div class=\"mp-form-label\">\n                              <label for=\"user_login\">Username<\/label>\n        <\/div>\n        <input type=\"text\" name=\"log\" id=\"user_login\" value=\"\" \/>\n      <\/div>\n      <div class=\"mp-form-row mepr_password\">\n        <div class=\"mp-form-label\">\n          <label for=\"user_pass\">Password<\/label>\n          <div class=\"mp-hide-pw\">\n            <input type=\"password\" name=\"pwd\" id=\"user_pass\" value=\"\" \/>\n            <button type=\"button\" class=\"button mp-hide-pw hide-if-no-js\" data-toggle=\"0\" aria-label=\"Show password\">\n              <span class=\"dashicons dashicons-visibility\" aria-hidden=\"true\"><\/span>\n            <\/button>\n          <\/div>\n        <\/div>\n      <\/div>\n            <div>\n        <label><input name=\"rememberme\" type=\"checkbox\" id=\"rememberme\" value=\"forever\" \/> Remember Me<\/label>\n      <\/div>\n      <div class=\"mp-spacer\">&nbsp;<\/div>\n      <div class=\"submit\">\n        <input type=\"submit\" name=\"wp-submit\" id=\"wp-submit\" class=\"button-primary mepr-share-button \" value=\"Log In\" \/>\n        <input type=\"hidden\" name=\"redirect_to\" value=\"\/fi\/wp-json\/wp\/v2\/posts\/130308\" \/>\n        <input type=\"hidden\" name=\"mepr_process_login_form\" value=\"true\" \/>\n        <input type=\"hidden\" name=\"mepr_is_login_page\" value=\"false\" \/>\n      <\/div>\n    <\/form>\n    <div class=\"mp-spacer\">&nbsp;<\/div>\n    <div class=\"mepr-login-actions\">\n        <a\n          href=\"https:\/\/tietopankki.crnet.fi\/fi\/login-2\/?action=forgot_password\"\n          title=\"Click here to reset your password\"\n        >\n          Forgot Password        <\/a>\n    <\/div>\n\n      \n    <!-- mp-login-form-end --> \n  <\/div>\n      <\/div>\n<\/div>\n","protected":false},"excerpt":{"rendered":"<div class=\"smart_content_wrapper\">\nSuomalaisten suhtautuminen Natoon ja Euroopan unioniin on varsin yhten\u00e4ist\u00e4. L\u00e4hes kolme nelj\u00e4st\u00e4 (72 %) on sit\u00e4 mielt\u00e4, ett\u00e4 EU:n tulisi olla yhten\u00e4isempi ulkopolitiikassaan, jotta se olisi uskottava toimija maailmanpolitiikassa, selvi\u00e4\u00e4 EVAn kev\u00e4\u00e4n 2024 Arvo- ja asennetutkimuksesta.<\/p>\n<p>Kaksi kolmesta suomalaisesta (65 %) suhtautuu Suomen EU-j\u00e4senyyteen my\u00f6nteisesti.<br \/>\nL\u00e4hes kolme nelj\u00e4st\u00e4 (72 %) on sit\u00e4 mielt\u00e4, ett\u00e4 EU:n tulisi olla yhten\u00e4isempi ulkopolitiikassaan, jotta se olisi uskottava toimija maailmanpolitiikassa. Aiempaa selv\u00e4sti suurempi osa (56 %) on nyt sit\u00e4 mielt\u00e4, ett\u00e4 EU:n p\u00e4\u00e4t\u00f6ksenteossa tulisi siirty\u00e4 nykyist\u00e4 enemm\u00e4n enemmist\u00f6p\u00e4\u00e4t\u00f6ksiin ja rajoittaa yksitt\u00e4isten j\u00e4senmaiden veto-oikeutta. Kolme nelj\u00e4st\u00e4 (76 %) suhtautuu Suomen Nato-j\u00e4senyyteen my\u00f6nteisesti.<\/p>\n<p>Suomalaisista 65 prosenttia suhtautuu my\u00f6nteisesti maamme EU-j\u00e4senyyteen. 15 prosenttia suhtautuu unioniin kielteisesti, ja 19 prosenttia ottaa neutraalin kannan. Suomalaisten EU-n\u00e4kemykset ovat heikentyneet viime syksyn huippulukemista hieman (3 %-yks.), mutta pysyttelev\u00e4t silti selke\u00e4sti Ven\u00e4j\u00e4n laajamittaista hy\u00f6kk\u00e4yst\u00e4 edelt\u00e4v\u00e4\u00e4 tasoa korkeammalla. Suomalaisten Nato-j\u00e4senyyden kannatus on pysytellyt k\u00e4yt\u00e4nn\u00f6ss\u00e4 ennallaan 76 prosentin suhtautuessa Suomen Nato-j\u00e4senyyteen my\u00f6nteisesti. Noin joka kymmenes (9 %) suomalainen suhtautuu liittokunnan j\u00e4senyyteen kielteisesti, ja 14 prosentilla on j\u00e4senyyteen neutraali kanta.<\/p>\n<p>&#8220;Suhtautuminen Nato-j\u00e4senyyteen poikkeaa suhtautumisesta EU-j\u00e4senyyteen siten, ett\u00e4 laaja my\u00f6t\u00e4mielisyys on yhdist\u00e4nyt kansaa alusta saakka, kun taas EU-j\u00e4senyys jakoi alkuaikoina kansan vahvasti kahteen erimieliseen leiriin. Poliittisesti polarisoituvassa l\u00e4ntisess\u00e4 maailmassa on hyv\u00e4 muistaa, ett\u00e4 joistakin asioista kansan keskuudessa vallitsee laaja yhteisymm\u00e4rrys. Kansallinen turvallisuus on t\u00e4llainen kysymys&#8221;, kommentoi tuloksia EVA artikkelin aiheesta kirjoittanut EVAn toimitusp\u00e4\u00e4llikk\u00f6 Sami Metelinen.<\/p>\n<p>EVA tutki kev\u00e4\u00e4n 2024 Arvo- ja asennetutkimuksessa ensimm\u00e4ist\u00e4 kertaa suomalaisten suhtautumista yhten\u00e4isemp\u00e4\u00e4n EU:n ulkopolitiikkaan. L\u00e4hes kolme nelj\u00e4st\u00e4 (72 %) on sit\u00e4 mielt\u00e4, ett\u00e4 EU:n tulisi olla yhten\u00e4isempi ulkopolitiikassaan, jotta se olisi uskottava toimija maailmanpolitiikassa. Merkillepantavaa on, ett\u00e4 ulkopoliittisesti yhten\u00e4isemm\u00e4n EU:n kannatus on korkeampaa kuin my\u00f6nteinen suhtautuminen Suomen EU-j\u00e4senyyteen.<\/p>\n<p>My\u00f6s aiempaa selv\u00e4sti suurempi osa (56 %) on nyt sit\u00e4 mielt\u00e4, ett\u00e4 EU:n p\u00e4\u00e4t\u00f6ksenteossa tulisi siirty\u00e4 nykyist\u00e4 enemm\u00e4n enemmist\u00f6p\u00e4\u00e4t\u00f6ksiin ja rajoittaa yksitt\u00e4isten j\u00e4senmaiden veto-oikeutta. Vain 17 prosenttia suomalaisista on eri mielt\u00e4 asiaa koskevan v\u00e4itt\u00e4m\u00e4n suhteen.<\/p>\n<p>Tulokset perustuvat 2 087 henkil\u00f6n antamiin vastauksiin. Tulosten virhemarginaali on koko v\u00e4est\u00f6n tasolla 2\u20133 prosenttiyksikk\u00f6\u00e4 kumpaankin suuntaan. Tiedot ker\u00e4ttiin 13.3.-21.3.2024. Vastaajat edustavat koko maan 18\u201379-vuotiasta v\u00e4est\u00f6\u00e4 (pl. Ahvenanmaa). Aineisto on ker\u00e4tty Taloustutkimus Oy:n internetpaneelissa, josta tutkimusotos on muodostettu ositetulla satunnaisotannalla. Aineisto on painotettu edustamaan v\u00e4est\u00f6\u00e4 i\u00e4n, sukupuolen, asuinalueen, koulutuksen, ammatin tai aseman, toimialan ja puoluekannatuksen mukaan. Aineiston tilastollisen jatkoanalyysin on tehnyt Pentti Kiljunen (Yhdyskuntatutkimus Oy). Tulokset ja niiden tarkemmat v\u00e4est\u00f6ryhmitt\u00e4iset erittelyt l\u00f6ytyv\u00e4t EVAn kotisivuilta. EVAn Arvo- ja asennetutkimuksia on tehty vuodesta 1984.<\/p>\n<p>L\u00e4hde: <a rel=\"noopener\" href=\"https:\/\/www.sttinfo.fi\/tiedote\/70190655\/eva-eu-ja-nato-myonteisyys-yhdistaa-laajasti-kansaa-suomalaiset-haluavat-eulta-yhtenaisempaa-ulkopolitiikkaapublisherId=3848&amp;lang=fi\">Elinkeinoel\u00e4m\u00e4n valtuuskunta EVA ry<\/a><\/p>\n<\/div>\n<p>The post <a rel=\"noopener\" href=\"https:\/\/vastuullisuusuutiset.fi\/fi\/vaufien\/eveu-ja-nato-myonteisyys-yhdistaa-laajasti-kansaa-suomalaiset-haluavat-eulta-yhtenaisempaa-ulkopolitiikkaa\/\">EVA : EU- ja Nato-my\u00f6nteisyys yhdist\u00e4\u00e4 laajasti kansaa \u2013 suomalaiset haluavat EU:lta yhten\u00e4isemp\u00e4\u00e4 ulkopolitiikkaa<\/a> appeared first on <a rel=\"noopener\" href=\"https:\/\/vastuullisuusuutiset.fi\/fi\">Vastuullisuusuutiset.fi<\/a>.<\/p>\n","protected":false},"author":1,"featured_media":0,"comment_status":"closed","ping_status":"closed","sticky":false,"template":"","format":"standard","meta":{"_jetpack_memberships_contains_paid_content":false,"footnotes":""},"categories":[21],"tags":[],"class_list":["post-130308","post","type-post","status-publish","format-standard","hentry","category-uutiset"],"jetpack_featured_media_url":"","jetpack_sharing_enabled":true,"_links":{"self":[{"href":"https:\/\/tietopankki.crnet.fi\/fi\/wp-json\/wp\/v2\/posts\/130308","targetHints":{"allow":["GET"]}}],"collection":[{"href":"https:\/\/tietopankki.crnet.fi\/fi\/wp-json\/wp\/v2\/posts"}],"about":[{"href":"https:\/\/tietopankki.crnet.fi\/fi\/wp-json\/wp\/v2\/types\/post"}],"author":[{"embeddable":true,"href":"https:\/\/tietopankki.crnet.fi\/fi\/wp-json\/wp\/v2\/users\/1"}],"replies":[{"embeddable":true,"href":"https:\/\/tietopankki.crnet.fi\/fi\/wp-json\/wp\/v2\/comments?post=130308"}],"version-history":[{"count":0,"href":"https:\/\/tietopankki.crnet.fi\/fi\/wp-json\/wp\/v2\/posts\/130308\/revisions"}],"wp:attachment":[{"href":"https:\/\/tietopankki.crnet.fi\/fi\/wp-json\/wp\/v2\/media?parent=130308"}],"wp:term":[{"taxonomy":"category","embeddable":true,"href":"https:\/\/tietopankki.crnet.fi\/fi\/wp-json\/wp\/v2\/categories?post=130308"},{"taxonomy":"post_tag","embeddable":true,"href":"https:\/\/tietopankki.crnet.fi\/fi\/wp-json\/wp\/v2\/tags?post=130308"}],"curies":[{"name":"wp","href":"https:\/\/api.w.org\/{rel}","templated":true}]}}