{"id":136336,"date":"2025-01-03T09:35:59","date_gmt":"2025-01-03T07:35:59","guid":{"rendered":"https:\/\/tietopankki.crnet.fi\/fi\/uutiset\/tyoelakevakuuttamisen-vuosi-2025-tama-kaikki-muuttuu\/"},"modified":"2025-01-03T09:35:59","modified_gmt":"2025-01-03T07:35:59","slug":"tyoelakevakuuttamisen-vuosi-2025-tama-kaikki-muuttuu","status":"publish","type":"post","link":"https:\/\/tietopankki.crnet.fi\/fi\/uutiset\/tyoelakevakuuttamisen-vuosi-2025-tama-kaikki-muuttuu\/","title":{"rendered":"Ty\u00f6el\u00e4kevakuuttamisen vuosi 2025 \u2013 t\u00e4m\u00e4 kaikki muuttuu"},"content":{"rendered":"<div class=\"mp_wrapper\">\n  <div class=\"mepr-unauthorized-message\">\n    <p>You are unauthorized to view this page.<\/p>\n  <\/div>\n  <div class=\"mepr-login-form-wrap\">\n            \n<div class=\"mp_wrapper mp_login_form\">\n                  <!-- mp-login-form-start -->     <form name=\"mepr_loginform\" id=\"mepr_loginform\" class=\"mepr-form\" action=\"https:\/\/tietopankki.crnet.fi\/fi\/login-2\/\" method=\"post\">\n            <div class=\"mp-form-row mepr_username\">\n        <div class=\"mp-form-label\">\n                              <label for=\"user_login\">Username<\/label>\n        <\/div>\n        <input type=\"text\" name=\"log\" id=\"user_login\" value=\"\" \/>\n      <\/div>\n      <div class=\"mp-form-row mepr_password\">\n        <div class=\"mp-form-label\">\n          <label for=\"user_pass\">Password<\/label>\n          <div class=\"mp-hide-pw\">\n            <input type=\"password\" name=\"pwd\" id=\"user_pass\" value=\"\" \/>\n            <button type=\"button\" class=\"button mp-hide-pw hide-if-no-js\" data-toggle=\"0\" aria-label=\"Show password\">\n              <span class=\"dashicons dashicons-visibility\" aria-hidden=\"true\"><\/span>\n            <\/button>\n          <\/div>\n        <\/div>\n      <\/div>\n            <div>\n        <label><input name=\"rememberme\" type=\"checkbox\" id=\"rememberme\" value=\"forever\" \/> Remember Me<\/label>\n      <\/div>\n      <div class=\"mp-spacer\">&nbsp;<\/div>\n      <div class=\"submit\">\n        <input type=\"submit\" name=\"wp-submit\" id=\"wp-submit\" class=\"button-primary mepr-share-button \" value=\"Log In\" \/>\n        <input type=\"hidden\" name=\"redirect_to\" value=\"\/fi\/wp-json\/wp\/v2\/posts\/136336\" \/>\n        <input type=\"hidden\" name=\"mepr_process_login_form\" value=\"true\" \/>\n        <input type=\"hidden\" name=\"mepr_is_login_page\" value=\"false\" \/>\n      <\/div>\n    <\/form>\n    <div class=\"mp-spacer\">&nbsp;<\/div>\n    <div class=\"mepr-login-actions\">\n        <a\n          href=\"https:\/\/tietopankki.crnet.fi\/fi\/login-2\/?action=forgot_password\"\n          title=\"Click here to reset your password\"\n        >\n          Forgot Password        <\/a>\n    <\/div>\n\n      \n    <!-- mp-login-form-end --> \n  <\/div>\n      <\/div>\n<\/div>\n","protected":false},"excerpt":{"rendered":"<div class=\"smart_content_wrapper\">\n<h4><strong><\/strong><\/h4>\n<h4><strong>Vuoden vaihduttua ty\u00f6nantajan on hyv\u00e4 huomioida muutokset ty\u00f6el\u00e4kemaksuissa. My\u00f6s yritt\u00e4j\u00e4n ty\u00f6tulo on hyv\u00e4 tarkistaa, ett\u00e4 se vastaa t\u00e4m\u00e4nhetkist\u00e4 ty\u00f6panosta.<\/strong><\/h4>\n<h3>Ty\u00f6el\u00e4kemaksut vuonna 2025<\/h3>\n<p>Ty\u00f6nantajan el\u00e4kevakuutuksen (TyEL) keskim\u00e4\u00e4r\u00e4inen peritt\u00e4v\u00e4 maksu on 24,85 prosenttia palkkasummasta vuonna 2025. Keskim\u00e4\u00e4r\u00e4inen maksu kuvaa yleist\u00e4 maksutasoa ja sis\u00e4lt\u00e4\u00e4 keskim\u00e4\u00e4r\u00e4isen asiakashyvityksen ja hoitokustannuksen. Ty\u00f6ntekij\u00e4n osuus pysyy samansuuruisena kuin vuonna 2024 eli 7,15 prosenttia alle 53-vuotiailla ja yli 62-vuotiailla sek\u00e4 8,65 prosenttia 53\u201362-vuotiailla.<\/p>\n<h3>Vakuutusmaksukorko 2025<\/h3>\n<p>Ty\u00f6el\u00e4kevakuutusmaksun korko laski vuoden 2025 alusta 2,65 (3,75 prosenttia 1.7.\u201331.12.2024). Vakuutusmaksukorko lis\u00e4t\u00e4\u00e4n TyEL-vakuutusmaksuun, jos maksun er\u00e4p\u00e4iv\u00e4\u00e4 siirt\u00e4\u00e4 my\u00f6hemm\u00e4ksi. Vakuutusmaksukorko vaikuttaa my\u00f6s YEL-vakuutusmaksuun maksuajankohdan ja er\u00e4kuukausien mukaan.<\/p>\n<p><a rel=\"noopener\" href=\"https:\/\/www.ilmarinen.fi\/ajankohtaista\/uutiset-ja-tiedotteet\/2024\/tyoelakemaksut-vuodelle-2025-on-vahvistettu\/\"><em><strong>Lue lis\u00e4\u00e4 maksuista ja vakuutusmaksukorosta<\/strong><\/em><\/a><\/p>\n<h3>TyEL:n rajatulot vuonna 2025<\/h3>\n<p>Vuonna 2025 TyEL-vakuuttamisvelvollisuuden alaraja on 70,08 euroa kuukaudessa. Alaraja tarkoittaa, ett\u00e4 ty\u00f6ntekij\u00e4\u00e4 ei tarvitse TyEL-vakuuttaa, mutta h\u00e4nen palkkansa tulee silti ilmoittaa tulorekisteriin.\u00a0<a rel=\"noopener\" href=\"https:\/\/www.ilmarinen.fi\/ajankohtaista\/uutiset-ja-tiedotteet\/2024\/tyoelakeindeksi-ja-palkkakerroin-vuodelle-2025\/\"><em><strong>Lue lis\u00e4\u00e4 vakuuttamisen rajatuloista<\/strong><\/em><\/a><\/p>\n<h3>Suurty\u00f6nantajan maksuluokkamalli uudistuu<\/h3>\n<p>Ty\u00f6kyvytt\u00f6myysel\u00e4kkeiden rahoituksen maksuluokkamalli uudistui vuoden 2024 alussa. Muutos tulee voimaan vaiheittain ja t\u00e4ysim\u00e4\u00e4r\u00e4isesti vuonna 2029. Muutoksilla pyrit\u00e4\u00e4n parantamaan muun muassa ik\u00e4\u00e4ntyvien ja vaikeasti ty\u00f6llistyvien henkil\u00f6iden ty\u00f6llistymist\u00e4. Uudistus vaikuttaa suurten yritysten maksuluokkiin ja sit\u00e4 kautta my\u00f6s ty\u00f6el\u00e4kemaksun suuruuteen.<\/p>\n<p><a title=\"Lue lis\u00e4\u00e4 muutoksesta\" rel=\"noopener\" href=\"https:\/\/www.ilmarinen.fi\/tyonantaja\/tyel-maksut\/suurtyonantajan-tyel\/maksuluokkamallin-uudistus\/\"><em><strong>Lue lis\u00e4\u00e4 muutoksesta<\/strong><\/em><\/a><\/p>\n<h3>Yritt\u00e4j\u00e4 \u2013 YEL vuonna 2025<\/h3>\n<p>Vuoden vaihduttua YEL-ty\u00f6tulon ala- ja yl\u00e4raja nousivat. Ty\u00f6tulon alaraja vuonna 2025 on<br \/>\n9 208,43 euroa ja yl\u00e4raja 209 125 euroa. Jos ty\u00f6panos on alle ty\u00f6tulon alarajan, YEL-vakuutusta ei tarvitse ottaa. Jos puolestaan ty\u00f6panos ylitt\u00e4\u00e4 ty\u00f6tulon yl\u00e4rajan, ei ylimenev\u00e4 osa vaikuta YEL-vakuutukseen.<\/p>\n<p><a title=\"Lue lis\u00e4\u00e4 YEL:n keskeisimmist\u00e4 muutoksista vuonna 2024\" rel=\"noopener\" href=\"https:\/\/www.ilmarinen.fi\/ajankohtaista\/uutiset-ja-tiedotteet\/2024\/uusi-sivuyel-vuonna-2025--mika-muuttuu\/\"><em><strong>Lue lis\u00e4\u00e4 YEL:n keskeisimmist\u00e4 muutoksista vuonna 2025<\/strong><\/em><\/a><\/p>\n<h3>Yritt\u00e4j\u00e4n el\u00e4kemaksu vuonna 2025<\/h3>\n<p>Yritt\u00e4jien el\u00e4kemaksu pysyy vuonna 2025 samalla tasolla kuin vuonna 2024. Alle 53-vuotiailla ja yli 62-vuotiailla se on 24,10 prosenttia ja 53\u201362-vuotiailla 25,60 prosenttia vahvistetusta ty\u00f6tulosta. Aloittava yritt\u00e4j\u00e4 saa maksuun 22 prosentin alennuksen nelj\u00e4n ensimm\u00e4isen vuoden ajan. Ty\u00f6tulo tarkistetaan automaattisesti vuosittain palkkakertoimella. Vuonna 2025 palkkakerroin nostaa YEL-ty\u00f6tuloa 2,2 prosenttia.<\/p>\n<h3>Yritt\u00e4j\u00e4n ty\u00f6tt\u00f6myysturvan alaraja nousee 2025<\/h3>\n<p>Vuonna 2025 yritt\u00e4j\u00e4n ty\u00f6tt\u00f6myysturvan YEL-ty\u00f6tulon alaraja nousee 15 128 euroon vuodessa. Jos ty\u00f6tulo on t\u00e4n\u00e4 vuonna ollut minimiss\u00e4 tai sen l\u00e4hell\u00e4, ty\u00f6tulon nostamista yli ty\u00f6tt\u00f6myysturvarajan on syyt\u00e4 pohtia. Ty\u00f6tulo on hyv\u00e4 py\u00f6rist\u00e4\u00e4 hieman turvan alarajaa suuremmaksi, v\u00e4hint\u00e4\u00e4n 15 129 euroon. Alaraja nousee vuosittain. N\u00e4in voi varmistaa, ettei vahingossa tipahda turvan piirist\u00e4.<\/p>\n<p><a rel=\"noopener\" href=\"https:\/\/www.ilmarinen.fi\/yrittaja\/yrittajan-sosiaaliturva-ja-elake\/yrittajan-sosiaaliturva\/yrittajan-tyottomyysturva\/\"><strong><em>Lue lis\u00e4\u00e4 yritt\u00e4j\u00e4n ty\u00f6tt\u00f6myysturvasta<\/em><\/strong><\/a><\/p>\n<p>L\u00e4hde: <a rel=\"noopener\" href=\"https:\/\/www.sttinfo.fi\/tiedote\/70789670\/tyoelakevakuuttamisen-vuosi-2025-tama-kaikki-muuttuu?publisherId=20853347&amp;lang=fi\">Ilmarinen<\/a>\n<\/p>\n<\/div>\n<p>The post <a rel=\"noopener\" href=\"https:\/\/vastuullisuusuutiset.fi\/fi\/vau-viikkokatsaus\/tyoelakevakuuttamisen-vuosi-2025-tama-kaikki-muuttuu\/\">Ty\u00f6el\u00e4kevakuuttamisen vuosi 2025 \u2013 t\u00e4m\u00e4 kaikki muuttuu<\/a> appeared first on <a rel=\"noopener\" href=\"https:\/\/vastuullisuusuutiset.fi\/fi\">Vastuullisuusuutiset.fi<\/a>.<\/p>\n","protected":false},"author":1,"featured_media":0,"comment_status":"closed","ping_status":"closed","sticky":false,"template":"","format":"standard","meta":{"_jetpack_memberships_contains_paid_content":false,"footnotes":""},"categories":[21],"tags":[],"class_list":["post-136336","post","type-post","status-publish","format-standard","hentry","category-uutiset"],"jetpack_featured_media_url":"","jetpack_sharing_enabled":true,"_links":{"self":[{"href":"https:\/\/tietopankki.crnet.fi\/fi\/wp-json\/wp\/v2\/posts\/136336","targetHints":{"allow":["GET"]}}],"collection":[{"href":"https:\/\/tietopankki.crnet.fi\/fi\/wp-json\/wp\/v2\/posts"}],"about":[{"href":"https:\/\/tietopankki.crnet.fi\/fi\/wp-json\/wp\/v2\/types\/post"}],"author":[{"embeddable":true,"href":"https:\/\/tietopankki.crnet.fi\/fi\/wp-json\/wp\/v2\/users\/1"}],"replies":[{"embeddable":true,"href":"https:\/\/tietopankki.crnet.fi\/fi\/wp-json\/wp\/v2\/comments?post=136336"}],"version-history":[{"count":0,"href":"https:\/\/tietopankki.crnet.fi\/fi\/wp-json\/wp\/v2\/posts\/136336\/revisions"}],"wp:attachment":[{"href":"https:\/\/tietopankki.crnet.fi\/fi\/wp-json\/wp\/v2\/media?parent=136336"}],"wp:term":[{"taxonomy":"category","embeddable":true,"href":"https:\/\/tietopankki.crnet.fi\/fi\/wp-json\/wp\/v2\/categories?post=136336"},{"taxonomy":"post_tag","embeddable":true,"href":"https:\/\/tietopankki.crnet.fi\/fi\/wp-json\/wp\/v2\/tags?post=136336"}],"curies":[{"name":"wp","href":"https:\/\/api.w.org\/{rel}","templated":true}]}}