{"id":136396,"date":"2025-01-09T08:30:41","date_gmt":"2025-01-09T06:30:41","guid":{"rendered":"https:\/\/tietopankki.crnet.fi\/fi\/uutiset\/korkein-hallinto-oikeus-hylkasi-jarjestojen-tekeman-valituksen-orpon-hallituksen-ilmastotoimista\/"},"modified":"2025-01-09T08:30:41","modified_gmt":"2025-01-09T06:30:41","slug":"korkein-hallinto-oikeus-hylkasi-jarjestojen-tekeman-valituksen-orpon-hallituksen-ilmastotoimista","status":"publish","type":"post","link":"https:\/\/tietopankki.crnet.fi\/fi\/uutiset\/korkein-hallinto-oikeus-hylkasi-jarjestojen-tekeman-valituksen-orpon-hallituksen-ilmastotoimista\/","title":{"rendered":"Korkein hallinto-oikeus hylk\u00e4si j\u00e4rjest\u00f6jen tekem\u00e4n valituksen Orpon hallituksen ilmastotoimista"},"content":{"rendered":"<div class=\"mp_wrapper\">\n  <div class=\"mepr-unauthorized-message\">\n    <p>You are unauthorized to view this page.<\/p>\n  <\/div>\n  <div class=\"mepr-login-form-wrap\">\n            \n<div class=\"mp_wrapper mp_login_form\">\n                  <!-- mp-login-form-start -->     <form name=\"mepr_loginform\" id=\"mepr_loginform\" class=\"mepr-form\" action=\"https:\/\/tietopankki.crnet.fi\/fi\/login-2\/\" method=\"post\">\n            <div class=\"mp-form-row mepr_username\">\n        <div class=\"mp-form-label\">\n                              <label for=\"user_login\">Username<\/label>\n        <\/div>\n        <input type=\"text\" name=\"log\" id=\"user_login\" value=\"\" \/>\n      <\/div>\n      <div class=\"mp-form-row mepr_password\">\n        <div class=\"mp-form-label\">\n          <label for=\"user_pass\">Password<\/label>\n          <div class=\"mp-hide-pw\">\n            <input type=\"password\" name=\"pwd\" id=\"user_pass\" value=\"\" \/>\n            <button type=\"button\" class=\"button mp-hide-pw hide-if-no-js\" data-toggle=\"0\" aria-label=\"Show password\">\n              <span class=\"dashicons dashicons-visibility\" aria-hidden=\"true\"><\/span>\n            <\/button>\n          <\/div>\n        <\/div>\n      <\/div>\n            <div>\n        <label><input name=\"rememberme\" type=\"checkbox\" id=\"rememberme\" value=\"forever\" \/> Remember Me<\/label>\n      <\/div>\n      <div class=\"mp-spacer\">&nbsp;<\/div>\n      <div class=\"submit\">\n        <input type=\"submit\" name=\"wp-submit\" id=\"wp-submit\" class=\"button-primary mepr-share-button \" value=\"Log In\" \/>\n        <input type=\"hidden\" name=\"redirect_to\" value=\"\/fi\/wp-json\/wp\/v2\/posts\/136396\" \/>\n        <input type=\"hidden\" name=\"mepr_process_login_form\" value=\"true\" \/>\n        <input type=\"hidden\" name=\"mepr_is_login_page\" value=\"false\" \/>\n      <\/div>\n    <\/form>\n    <div class=\"mp-spacer\">&nbsp;<\/div>\n    <div class=\"mepr-login-actions\">\n        <a\n          href=\"https:\/\/tietopankki.crnet.fi\/fi\/login-2\/?action=forgot_password\"\n          title=\"Click here to reset your password\"\n        >\n          Forgot Password        <\/a>\n    <\/div>\n\n      \n    <!-- mp-login-form-end --> \n  <\/div>\n      <\/div>\n<\/div>\n","protected":false},"excerpt":{"rendered":"<div class=\"smart_content_wrapper\">\nKorkein hallinto-oikeus on hyl\u00e4nnyt niin kutsutun toisen ilmastovalituksen. Se koski valtioneuvoston eduskunnalle antaman ilmastovuosikertomuksen 2024 yhteydess\u00e4 tekemi\u00e4 ratkaisuja. Valituksessaan j\u00e4rjest\u00f6t katsoivat, ett\u00e4 valtioneuvosto ei noudata Suomen kansainv\u00e4lisi\u00e4 sitoumuksia ja ilmastolain vaatimuksia. T\u00e4ll\u00e4 kertaa korkein hallinto-oikeus tutki valituksen ja sen j\u00e4lkeen hylk\u00e4si sen. Edellisell\u00e4 kerralla se j\u00e4tti valituksen tutkimatta. Silloin korkein hallinto-oikeus katsoi, ettei valtioneuvoston p\u00e4\u00e4t\u00f6s ilmastovuosikertomuksen antamisesta eduskunnalle ollut valituskelpoinen.<\/p>\n<p>Nyt korkein hallinto-oikeus toteaa p\u00e4\u00e4t\u00f6ksess\u00e4\u00e4n, ett\u00e4 valtioneuvosto on pit\u00e4nyt erityisesti maank\u00e4ytt\u00f6sektorin hiilinielujen lis\u00e4toimia tarpeellisena. Lis\u00e4toimien valmistelu on k\u00e4ynnistetty ja niiden toteuttaminen vie aikaa. T\u00e4ss\u00e4 vaiheessa ei siten ole mahdollista ottaa kantaa siihen, voidaanko lis\u00e4toimia pit\u00e4\u00e4 riitt\u00e4m\u00e4tt\u00f6min\u00e4 ilmastolain taakanjakosektoria koskevan vuoden 2030 tavoitteen ja vuoden 2035 hiilineutraalisuustavoitteen saavuttamiseksi. Valtioneuvoston kannanottoa ei siten voitu pit\u00e4\u00e4 lainvastaisena. Korkein hallinto-oikeus kuitenkin huomauttaa, ett\u00e4 valituksen lopputulos voi olla my\u00f6hemmin toinen, jos osoittautuu, ettei lis\u00e4toimilla voida saavuttaa ilmastolain mukaisia sitovia tavoitteita. Asiasta valittivat yhdess\u00e4 Suomen luonnonsuojeluliitto ry, Greenpeace Norden, Amnesty International Suomen osasto ry, Suoma S\u00e1mi Nuorat ry, Ilmastoisovanhemmat ry ja Luonto-Liitto ry.<\/p>\n<p>Asiantuntijat ovat jo pitk\u00e4\u00e4n arvioineet, ett\u00e4 Suomi tulee nykytoimilla j\u00e4\u00e4m\u00e4\u00e4n ilmastotavoitteistaan. Asia todettiin my\u00f6s ilmastovuosikertomuksen yhteydess\u00e4 kes\u00e4kuussa. Tuolloin ymp\u00e4rist\u00f6- ja ilmastoministeri Kai Mykk\u00e4nen (kok.) my\u00f6s my\u00f6nsi tilanteen suoraan. Metsien muodostamaa hiilinielua vuosina 2021\u20132025 koskevan EU-velvoitteen alittumisen hallitus on todennut jo hallitusohjelmassaan. Ilmastopaneelin raportti taas kertoo, ett\u00e4 hallitus on lis\u00e4nnyt toimillaan liikenteen p\u00e4\u00e4st\u00f6j\u00e4, vaikka niit\u00e4 pit\u00e4isi EU:n ilmastovelvoitteen my\u00f6t\u00e4 v\u00e4hent\u00e4\u00e4 tuntuvasti. J\u00e4rjest\u00f6jen mukaan hallituksen passiivisuus vaarantaa yhteens\u00e4 kuuden ilmastolain pyk\u00e4l\u00e4n toteutumisen ja loukkaa lis\u00e4ksi perus- ja ihmisoikeuksia.<\/p>\n<p><em><strong>Alkuper\u00e4inen tiedote<\/strong><strong>:<\/strong> https:\/\/www.sttinfo.fi\/tiedote\/70796226\/korkein-hallinto-oikeus-tutki-ja-hylkasi-jarjestojen-tekeman-ilmastovalituksen?publisherId=69818513&amp;lang=fi<\/em><\/p>\n<p>L\u00e4hde: <a rel=\"noopener\" href=\"https:\/\/yle.fi\/a\/74-20135421\">Yle<\/a><\/p>\n<\/div>\n<p>The post <a rel=\"noopener\" href=\"https:\/\/vastuullisuusuutiset.fi\/fi\/ymparistouutiset-fi\/korkein-hallinto-oikeus-hylkasi-jarjestojen-tekeman-valituksen-orpon-hallituksen-ilmastotoimista\/\">Korkein hallinto-oikeus hylk\u00e4si j\u00e4rjest\u00f6jen tekem\u00e4n valituksen Orpon hallituksen ilmastotoimista<\/a> appeared first on <a rel=\"noopener\" href=\"https:\/\/vastuullisuusuutiset.fi\/fi\">Vastuullisuusuutiset.fi<\/a>.<\/p>\n","protected":false},"author":1,"featured_media":0,"comment_status":"closed","ping_status":"closed","sticky":false,"template":"","format":"standard","meta":{"_jetpack_memberships_contains_paid_content":false,"footnotes":""},"categories":[21],"tags":[3166,17515,1517,269,629,630],"class_list":["post-136396","post","type-post","status-publish","format-standard","hentry","category-uutiset","tag-greenpeace","tag-ilmastovuosikertomus-2024","tag-kho","tag-ymparisto","tag-ymparistouutiset-fi","tag-ymparistouutiset_viikkokatsaus"],"jetpack_featured_media_url":"","jetpack_sharing_enabled":true,"_links":{"self":[{"href":"https:\/\/tietopankki.crnet.fi\/fi\/wp-json\/wp\/v2\/posts\/136396","targetHints":{"allow":["GET"]}}],"collection":[{"href":"https:\/\/tietopankki.crnet.fi\/fi\/wp-json\/wp\/v2\/posts"}],"about":[{"href":"https:\/\/tietopankki.crnet.fi\/fi\/wp-json\/wp\/v2\/types\/post"}],"author":[{"embeddable":true,"href":"https:\/\/tietopankki.crnet.fi\/fi\/wp-json\/wp\/v2\/users\/1"}],"replies":[{"embeddable":true,"href":"https:\/\/tietopankki.crnet.fi\/fi\/wp-json\/wp\/v2\/comments?post=136396"}],"version-history":[{"count":0,"href":"https:\/\/tietopankki.crnet.fi\/fi\/wp-json\/wp\/v2\/posts\/136396\/revisions"}],"wp:attachment":[{"href":"https:\/\/tietopankki.crnet.fi\/fi\/wp-json\/wp\/v2\/media?parent=136396"}],"wp:term":[{"taxonomy":"category","embeddable":true,"href":"https:\/\/tietopankki.crnet.fi\/fi\/wp-json\/wp\/v2\/categories?post=136396"},{"taxonomy":"post_tag","embeddable":true,"href":"https:\/\/tietopankki.crnet.fi\/fi\/wp-json\/wp\/v2\/tags?post=136396"}],"curies":[{"name":"wp","href":"https:\/\/api.w.org\/{rel}","templated":true}]}}