{"id":136535,"date":"2025-01-15T09:40:19","date_gmt":"2025-01-15T07:40:19","guid":{"rendered":"https:\/\/tietopankki.crnet.fi\/fi\/uutiset\/suomalaiset-15-21-vuotiaat-nuoret-kokevat-koyhyytta-arjessaan-monilla-eri-tavoilla\/"},"modified":"2025-01-15T09:40:19","modified_gmt":"2025-01-15T07:40:19","slug":"suomalaiset-15-21-vuotiaat-nuoret-kokevat-koyhyytta-arjessaan-monilla-eri-tavoilla","status":"publish","type":"post","link":"https:\/\/tietopankki.crnet.fi\/fi\/uutiset\/suomalaiset-15-21-vuotiaat-nuoret-kokevat-koyhyytta-arjessaan-monilla-eri-tavoilla\/","title":{"rendered":"Suomalaiset 15\u201321-vuotiaat nuoret kokevat k\u00f6yhyytt\u00e4 arjessaan monilla eri tavoilla"},"content":{"rendered":"<div class=\"mp_wrapper\">\n  <div class=\"mepr-unauthorized-message\">\n    <p>You are unauthorized to view this page.<\/p>\n  <\/div>\n  <div class=\"mepr-login-form-wrap\">\n            \n<div class=\"mp_wrapper mp_login_form\">\n                  <!-- mp-login-form-start -->     <form name=\"mepr_loginform\" id=\"mepr_loginform\" class=\"mepr-form\" action=\"https:\/\/tietopankki.crnet.fi\/fi\/login-2\/\" method=\"post\">\n            <div class=\"mp-form-row mepr_username\">\n        <div class=\"mp-form-label\">\n                              <label for=\"user_login\">Username<\/label>\n        <\/div>\n        <input type=\"text\" name=\"log\" id=\"user_login\" value=\"\" \/>\n      <\/div>\n      <div class=\"mp-form-row mepr_password\">\n        <div class=\"mp-form-label\">\n          <label for=\"user_pass\">Password<\/label>\n          <div class=\"mp-hide-pw\">\n            <input type=\"password\" name=\"pwd\" id=\"user_pass\" value=\"\" \/>\n            <button type=\"button\" class=\"button mp-hide-pw hide-if-no-js\" data-toggle=\"0\" aria-label=\"Show password\">\n              <span class=\"dashicons dashicons-visibility\" aria-hidden=\"true\"><\/span>\n            <\/button>\n          <\/div>\n        <\/div>\n      <\/div>\n            <div>\n        <label><input name=\"rememberme\" type=\"checkbox\" id=\"rememberme\" value=\"forever\" \/> Remember Me<\/label>\n      <\/div>\n      <div class=\"mp-spacer\">&nbsp;<\/div>\n      <div class=\"submit\">\n        <input type=\"submit\" name=\"wp-submit\" id=\"wp-submit\" class=\"button-primary mepr-share-button \" value=\"Log In\" \/>\n        <input type=\"hidden\" name=\"redirect_to\" value=\"\/fi\/wp-json\/wp\/v2\/posts\/136535\" \/>\n        <input type=\"hidden\" name=\"mepr_process_login_form\" value=\"true\" \/>\n        <input type=\"hidden\" name=\"mepr_is_login_page\" value=\"false\" \/>\n      <\/div>\n    <\/form>\n    <div class=\"mp-spacer\">&nbsp;<\/div>\n    <div class=\"mepr-login-actions\">\n        <a\n          href=\"https:\/\/tietopankki.crnet.fi\/fi\/login-2\/?action=forgot_password\"\n          title=\"Click here to reset your password\"\n        >\n          Forgot Password        <\/a>\n    <\/div>\n\n      \n    <!-- mp-login-form-end --> \n  <\/div>\n      <\/div>\n<\/div>\n","protected":false},"excerpt":{"rendered":"<div class=\"smart_content_wrapper\">\nSuomalaiset 15\u201321-vuotiaat nuoret kokevat k\u00f6yhyytt\u00e4 arjessaan monilla eri tavoilla, selvi\u00e4\u00e4 Turun yliopiston toteuttamasta tutkimuksesta. Tulosten mukaan nuorten kokema k\u00f6yhyys ilmenee kolmella eri tavalla: arjen v\u00e4ltt\u00e4m\u00e4tt\u00f6myyksien puutteena, heikkoina sosiaalisina verkostoina ja voimakkaina negatiivisina tunteina. Tutkimus toteutettiin kirjoituskilpailuna, jossa nuoret kirjoittivat vapaamuotoisesti k\u00f6yhyyskokemuksistaan, k\u00f6yhyyden ilmenemisest\u00e4 arkiel\u00e4m\u00e4ss\u00e4 ja sen aiheuttamista tunteista. Yhteens\u00e4 kirjoituksia tuli 84, ja osallistujien mediaani-ik\u00e4 oli 17 vuotta. &#8221;Kirjoitukset luovat synk\u00e4n kuvan marginaalissa el\u00e4vien nuorten arjesta Suomessa&#8221;, sanoo sosiaality\u00f6n v\u00e4it\u00f6skirjatutkija Toni Rajala Turun yliopistosta tiedotteessa. Yli puolet tutkimukseen osallistuneista nuorista toi esiin ruuan puutteen tai sen v\u00e4h\u00e4isyyden. \u201dMinulla juuri ja juuri riitt\u00e4\u00e4 rahat perus ruokaan. Monesti t\u00e4ytyy valita, ostanko ruokaa vai ostanko tarvittavat l\u00e4\u00e4kkeeni.\u201d (18\u2013vuotias)<\/p>\n<p>Ruuan lis\u00e4ksi arjen v\u00e4ltt\u00e4m\u00e4tt\u00f6myyksist\u00e4 nuoret toivat esiin pukeutumisen: he kertoivat joutuvansa k\u00e4ytt\u00e4m\u00e4\u00e4n vanhoja, rikkin\u00e4isi\u00e4 ja kuluneita vaatteita, jotka altistavat kiusaamiselle. Lis\u00e4ksi vaatteiden kautta ik\u00e4toverit huomaavat k\u00f6yhyyden. \u201dPukeuduin muiden mielest\u00e4 niinsanotusti huonoihin vaatteisiin, jonka takia minua my\u00f6s kiusattiin.\u201d (19\u2013vuotias). Nuorten perheiss\u00e4 k\u00f6yhyys n\u00e4kyy tinkimisen\u00e4 l\u00e4mmityksest\u00e4, s\u00e4hk\u00f6st\u00e4 ja bensasta: perheen on s\u00e4\u00e4stett\u00e4v\u00e4 s\u00e4hk\u00f6st\u00e4 ja asuttava ahtaasti vuokrakustannusten v\u00e4hent\u00e4miseksi. Nuoret kertoivat my\u00f6s kotitalouksiensa kuluttavan k\u00e4ytett\u00e4viss\u00e4 olevat tulot asumismenoihin kuten vuokraan ja s\u00e4hk\u00f6laskuihin, joiden j\u00e4lkeen varaa ei j\u00e4\u00e4 juurikaan muuhun. \u201dK\u00f6yhyys tuntuu pahalta koska on kokoajan ep\u00e4varma saako loppukuusta ruokaa vai meneek\u00f6 sekin raha s\u00e4hk\u00f6laskuun ja ett\u00e4 koko talo on ihan todella kylm\u00e4 talvisin ja siell\u00e4 palelee kun ei oo varaa laittaa edes sit\u00e4 yht\u00e4 astetta isommalle l\u00e4mmityst\u00e4.\u201d (16\u2013vuotias)<\/p>\n<p>Rajalan mukaan k\u00f6yhyys realisoituu nuorten kirjoitusten mukaan sosiaalisissa tilanteissa ja ik\u00e4tovereiden seurassa ulkopuolisuuden, yksin\u00e4isyyden ja h\u00e4pe\u00e4n kokemuksina. Nuoruudessa ik\u00e4toverien kanssa vietetty aika on t\u00e4rke\u00e4\u00e4 ihmisen sosialisoitumisen ja yhteenkuuluvuuden tunteen kannalta. V\u00e4h\u00e4varaisena nuorena t\u00e4llaiset kokemukset j\u00e4\u00e4v\u00e4t helposti kokematta. &#8221;Osallistuminen nuorten keskuudessa tavallisena pidettyihin vapaa-ajan viettotapoihin ja harrastuksiin vaikeutuu merkitt\u00e4v\u00e4sti k\u00f6yhyyden vuoksi&#8221;, Rajala arvioi. Ulkopuolisuuden kokemuksen nuoret liittiv\u00e4t suppeaan sosiaaliseen tukiverkostoon. Yksi suhteellisen k\u00f6yhyyden ilmentym\u00e4 olikin ik\u00e4tovereita hauraammat sosiaaliset suhteet. Nuoret kertoivat my\u00f6s v\u00e4lttelev\u00e4ns\u00e4 muita ja keksim\u00e4ll\u00e4 keinoja peitell\u00e4 ja salata omaa k\u00f6yhyytt\u00e4: he salasivat sen ja tarpeensa paitsi ik\u00e4tovereiltaan, mutta my\u00f6s vanhemmiltaan heit\u00e4 suojellakseen. Usein nuoret tunnistivat k\u00f6yhyytens\u00e4 vanhempiensa stressist\u00e4 ja ahdistuksesta.<\/p>\n<p>\u201dUlkopuolisuuden tunne on suuri, tuntuu ettei kuulu joukkoon. Kun ei ole varaa maksaa harrastuksia, joissa voisi kehitty\u00e4 pitk\u00e4lle. Se ett\u00e4 p\u00e4\u00e4sisi tekem\u00e4\u00e4n jotain yhdess\u00e4 toisi yhteenkuuluvuuden tunnetta, mutta harvoin p\u00e4\u00e4sen mihink\u00e4\u00e4n mukaan kun ei ole varaa maksaa.\u201d (17\u2013vuotias). Nuorten kirjoituksissa toistuivat eniten ahdistus, stressi ja h\u00e4pe\u00e4. \u201dH\u00e4pe\u00e4n k\u00f6yhyytt\u00e4ni koska kaikki koulukaverit ovat hyv\u00e4tuloisista perheist\u00e4, t\u00e4m\u00e4n vuoksi pyrin parhaani mukaan salaamaan asuinpaikkani ja muutenkin yrit\u00e4n n\u00e4ytt\u00e4\u00e4 \u201dep\u00e4k\u00f6yh\u00e4lt\u00e4\u201d, t\u00e4m\u00e4 taas tuottaa minulle melkoista p\u00e4\u00e4nvaivaa.\u201d (16\u2013vuotias).<\/p>\n<p>Stressi, stressinkaltaiset tilat ja k\u00f6yhyyden aiheuttama ahdistus n\u00e4kyiv\u00e4t nuorten kirjoituksissa vahvimmin. Stressi\u00e4 aiheuttivat esimerkiksi perheen heikko taloudellinen tilanne, haasteelliset raha-asiat ja erilaiset sosiaaliset tilanteet, joissa k\u00f6yhyyden joutui kohtaamaan. Stressin kokemus saattoi pahimmillaan konkretisoitua voimakkaina fyysisin\u00e4 ja psyykkisin\u00e4 oireina. \u201dMulta tippuu hiukset p\u00e4\u00e4st\u00e4, en saa nukuttua, en saa sy\u00f6ty\u00e4. Olen r\u00e4j\u00e4hdysherkk\u00e4. En jaksa en\u00e4\u00e4. Aina ollut k\u00f6yh\u00e4 ja en varmaa ikin\u00e4 p\u00e4\u00e4se t\u00e4st\u00e4. Sit\u00e4 mukaa, ku sais enemm\u00e4n rahaa ni hinnat nousee. En jaksa uskoa ett\u00e4 saisin el\u00e4m\u00e4st\u00e4 en\u00e4\u00e4 mit\u00e4\u00e4n ikin\u00e4 irti. Kaikki vaatii rahaa.\u201d (19\u2013vuotias). \u201dAloin vihaamaan itse\u00e4ni, perhett\u00e4ni. Kaikkea sit\u00e4 mink\u00e4 takia en voinut kuulua joukkoon. En toivo sit\u00e4 tunnetta kenellek\u00e4\u00e4n, en edes niille joista en erityisemmin pid\u00e4. Toivon ett\u00e4 kenenk\u00e4\u00e4n lapsen ei tarvitsisi kokea samaa kuin min\u00e4 koin, se ei vain ole reilua.\u201d (15\u2013vuotias).<\/p>\n<p>Tutkimustulosten mukaan k\u00f6yhyyden kokemus on erityisen haitallista nuorille: se aiheuttaa et\u00e4isyyden tunnetta muista ja johtaa t\u00e4rkeiden nuoruuden kokemusten v\u00e4liin j\u00e4\u00e4miseen sek\u00e4 osattomuuden kokemukseen yhteiskunnallisesta hyv\u00e4st\u00e4. Lis\u00e4ksi nuorille k\u00f6yhyys on voimakkaan eriarvoistava kokemus ja se et\u00e4\u00e4nnytt\u00e4\u00e4 yhteiskunnasta. Rajalan mukaan marginaalisessa asemassa olevia nuoria tulisi kuulla aktiivisemmin ja ottaa heid\u00e4n mielipiteens\u00e4 laajemmin huomioon yhteiskunnallisessa p\u00e4\u00e4t\u00f6ksenteossa. &#8221;Tutkimustuloksemme osoittavat, ett\u00e4 nuoret tarvitsevat Suomessa lis\u00e4\u00e4 yhteiskunnallisia paikkoja, joissa heit\u00e4 kuultaisiin ja my\u00f6s tiloja, joissa he voisivat kokea yhteenkuuluvuutta muihin, huolimatta heid\u00e4n taustastaan tai varallisuudestaan. Tarvitaan yhteiskunnallista vastuunottoa ja asennemuutosta&#8221;, Rajala sanoo.<\/p>\n<p>L\u00e4hde: <a rel=\"noopener\" href=\"https:\/\/www.suomenmaa.fi\/uutiset\/odottaako-kotona-lammin-ateria-vai-tyhja-ruokapoyta-ruuan-puute-pelottaa-koyhyydessa-elavia-suomalaisnuoria\/\">Suomenmaa<\/a> |<a rel=\"noopener\" href=\"https:\/\/research.utu.fi\/converis\/portal\/detail\/Publication\/470944305?lang=fi_FI\"> Turun yliopisto<\/a><\/p>\n<\/div>\n<p>The post <a rel=\"noopener\" href=\"https:\/\/vastuullisuusuutiset.fi\/fi\/vau-viikkokatsaus\/suomalaiset-15-21-vuotiaat-nuoret-kokevat-koyhyytta-arjessaan-monilla-eri-tavoilla\/\">Suomalaiset 15\u201321-vuotiaat nuoret kokevat k\u00f6yhyytt\u00e4 arjessaan monilla eri tavoilla<\/a> appeared first on <a rel=\"noopener\" href=\"https:\/\/vastuullisuusuutiset.fi\/fi\">Vastuullisuusuutiset.fi<\/a>.<\/p>\n","protected":false},"author":1,"featured_media":0,"comment_status":"closed","ping_status":"closed","sticky":false,"template":"","format":"standard","meta":{"_jetpack_memberships_contains_paid_content":false,"footnotes":""},"categories":[21],"tags":[],"class_list":["post-136535","post","type-post","status-publish","format-standard","hentry","category-uutiset"],"jetpack_featured_media_url":"","jetpack_sharing_enabled":true,"_links":{"self":[{"href":"https:\/\/tietopankki.crnet.fi\/fi\/wp-json\/wp\/v2\/posts\/136535","targetHints":{"allow":["GET"]}}],"collection":[{"href":"https:\/\/tietopankki.crnet.fi\/fi\/wp-json\/wp\/v2\/posts"}],"about":[{"href":"https:\/\/tietopankki.crnet.fi\/fi\/wp-json\/wp\/v2\/types\/post"}],"author":[{"embeddable":true,"href":"https:\/\/tietopankki.crnet.fi\/fi\/wp-json\/wp\/v2\/users\/1"}],"replies":[{"embeddable":true,"href":"https:\/\/tietopankki.crnet.fi\/fi\/wp-json\/wp\/v2\/comments?post=136535"}],"version-history":[{"count":0,"href":"https:\/\/tietopankki.crnet.fi\/fi\/wp-json\/wp\/v2\/posts\/136535\/revisions"}],"wp:attachment":[{"href":"https:\/\/tietopankki.crnet.fi\/fi\/wp-json\/wp\/v2\/media?parent=136535"}],"wp:term":[{"taxonomy":"category","embeddable":true,"href":"https:\/\/tietopankki.crnet.fi\/fi\/wp-json\/wp\/v2\/categories?post=136535"},{"taxonomy":"post_tag","embeddable":true,"href":"https:\/\/tietopankki.crnet.fi\/fi\/wp-json\/wp\/v2\/tags?post=136535"}],"curies":[{"name":"wp","href":"https:\/\/api.w.org\/{rel}","templated":true}]}}