{"id":136571,"date":"2025-01-16T08:05:26","date_gmt":"2025-01-16T06:05:26","guid":{"rendered":"https:\/\/tietopankki.crnet.fi\/fi\/uutiset\/valkohantapeurojen-vahentamisen-tavoite-luisumassa-kasista-viela-on-kuukausi-aikaa-kiria\/"},"modified":"2025-01-16T08:05:26","modified_gmt":"2025-01-16T06:05:26","slug":"valkohantapeurojen-vahentamisen-tavoite-luisumassa-kasista-viela-on-kuukausi-aikaa-kiria","status":"publish","type":"post","link":"https:\/\/tietopankki.crnet.fi\/fi\/uutiset\/valkohantapeurojen-vahentamisen-tavoite-luisumassa-kasista-viela-on-kuukausi-aikaa-kiria\/","title":{"rendered":"Valkoh\u00e4nt\u00e4peurojen v\u00e4hent\u00e4misen tavoite luisumassa k\u00e4sist\u00e4 \u2013 \u201dViel\u00e4 on kuukausi aikaa kiri\u00e4\u201d"},"content":{"rendered":"<div class=\"mp_wrapper\">\n  <div class=\"mepr-unauthorized-message\">\n    <p>You are unauthorized to view this page.<\/p>\n  <\/div>\n  <div class=\"mepr-login-form-wrap\">\n            \n<div class=\"mp_wrapper mp_login_form\">\n                  <!-- mp-login-form-start -->     <form name=\"mepr_loginform\" id=\"mepr_loginform\" class=\"mepr-form\" action=\"https:\/\/tietopankki.crnet.fi\/fi\/login-2\/\" method=\"post\">\n            <div class=\"mp-form-row mepr_username\">\n        <div class=\"mp-form-label\">\n                              <label for=\"user_login\">Username<\/label>\n        <\/div>\n        <input type=\"text\" name=\"log\" id=\"user_login\" value=\"\" \/>\n      <\/div>\n      <div class=\"mp-form-row mepr_password\">\n        <div class=\"mp-form-label\">\n          <label for=\"user_pass\">Password<\/label>\n          <div class=\"mp-hide-pw\">\n            <input type=\"password\" name=\"pwd\" id=\"user_pass\" value=\"\" \/>\n            <button type=\"button\" class=\"button mp-hide-pw hide-if-no-js\" data-toggle=\"0\" aria-label=\"Show password\">\n              <span class=\"dashicons dashicons-visibility\" aria-hidden=\"true\"><\/span>\n            <\/button>\n          <\/div>\n        <\/div>\n      <\/div>\n            <div>\n        <label><input name=\"rememberme\" type=\"checkbox\" id=\"rememberme\" value=\"forever\" \/> Remember Me<\/label>\n      <\/div>\n      <div class=\"mp-spacer\">&nbsp;<\/div>\n      <div class=\"submit\">\n        <input type=\"submit\" name=\"wp-submit\" id=\"wp-submit\" class=\"button-primary mepr-share-button \" value=\"Log In\" \/>\n        <input type=\"hidden\" name=\"redirect_to\" value=\"\/fi\/wp-json\/wp\/v2\/posts\/136571\" \/>\n        <input type=\"hidden\" name=\"mepr_process_login_form\" value=\"true\" \/>\n        <input type=\"hidden\" name=\"mepr_is_login_page\" value=\"false\" \/>\n      <\/div>\n    <\/form>\n    <div class=\"mp-spacer\">&nbsp;<\/div>\n    <div class=\"mepr-login-actions\">\n        <a\n          href=\"https:\/\/tietopankki.crnet.fi\/fi\/login-2\/?action=forgot_password\"\n          title=\"Click here to reset your password\"\n        >\n          Forgot Password        <\/a>\n    <\/div>\n\n      \n    <!-- mp-login-form-end --> \n  <\/div>\n      <\/div>\n<\/div>\n","protected":false},"excerpt":{"rendered":"<div class=\"smart_content_wrapper\">\nValkoh\u00e4nt\u00e4peuran vuotuinen saalism\u00e4\u00e4r\u00e4 laski viime vuonna. Kokonaissaalism\u00e4\u00e4r\u00e4 j\u00e4i noin 12 prosenttia edellist\u00e4 kautta pienemm\u00e4ksi. Saalism\u00e4\u00e4r\u00e4n v\u00e4heneminen uhkaa toistua my\u00f6s t\u00e4n\u00e4 vuonna. \u201dSaalistilastojen mukaan valkoh\u00e4nt\u00e4peurojen saalism\u00e4\u00e4r\u00e4 on 18 prosenttia j\u00e4ljess\u00e4 vuodentakaisesta eli aika paljon. Kaiken kaikkiaan, jos vertaa siihen, mit\u00e4 saalism\u00e4\u00e4r\u00e4t olivat parhaimmillaan kautena 2021\u20132022, nyt ollaan siit\u00e4 j\u00e4ljess\u00e4 jo kolmanneksen verran\u201d, sanoo MTK:n kentt\u00e4johtaja Timo Leskinen.<\/p>\n<p>Kolmen vuoden aikana valkoh\u00e4nt\u00e4peurakantaa on saatu leikattua noin 20 prosenttia. Leskinen on huolissaan siit\u00e4, leikkautuuko kanta en\u00e4\u00e4 t\u00e4m\u00e4n mets\u00e4styskauden j\u00e4lkeen tihentym\u00e4alueilla. \u201dAinakaan merkitt\u00e4v\u00e4\u00e4 leikkautumista ei ole tulossa. Alueittain ja paikallisesti tilanteet ovat erilaisia, mutta iso kuva n\u00e4ytt\u00e4\u00e4 nyt huolestuttavalta.\u201d, Leskinen sanoo. Leskinen t\u00e4hdent\u00e4\u00e4kin, ett\u00e4 mets\u00e4st\u00e4j\u00e4t ovat tehneet arvokasta ty\u00f6t\u00e4 ja sit\u00e4 ty\u00f6t\u00e4 on t\u00e4rke\u00e4\u00e4 my\u00f6s jatkaa. H\u00e4n pit\u00e4\u00e4 haastavana saavuttaa my\u00f6s niit\u00e4 kantatavoitteita, joita riistaneuvosto asetti viime kev\u00e4\u00e4n\u00e4. Esimerkiksi Varsinais-Suomen kohdalla kantatavoitteen keskiarvo oli 10\u201332 prosenttia kantaa leikkaava. Uudellamaalla leikkaustavoite oli 17\u201332 prosenttia. \u201dNyt on suuri huoli my\u00f6s siit\u00e4, ett\u00e4 p\u00e4\u00e4st\u00e4\u00e4nk\u00f6 n\u00e4ihin tavoitteisiin\u201d, Leskinen tiivist\u00e4\u00e4. \u201dMets\u00e4stysaikaa on j\u00e4ljell\u00e4 viel\u00e4 kuukauden verran, joten t\u00e4m\u00e4 loppuaika kannattaa k\u00e4ytt\u00e4\u00e4 tehokkaasti, jotta saadaan kiritty\u00e4 saalism\u00e4\u00e4r\u00e4\u00e4 l\u00e4hemm\u00e4ksi viime vuoden m\u00e4\u00e4ri\u00e4 ja kantatavoitteita\u201d, Leskinen kannustaa.<\/p>\n<p>Tiheimm\u00e4n kannan alueella lounaisessa Suomessa peurakantaa on pyritty j\u00e4rjestelm\u00e4llisesti leikkaamaan, jotta esimerkiksi kolarim\u00e4\u00e4ri\u00e4 saataisiin v\u00e4hennetty\u00e4. Riistavahingot.fi-sivuston mukaan peuraonnettomuudet ovat k\u00e4\u00e4ntyneet nyt pienoiseen kasvuun. Vuonna 2023 valkoh\u00e4nt\u00e4peurakolareita sattui 5 573 ja viime vuonna 5 733. \u201dOnnettomuuksissa ehti jo olla laskeva kehitys, mutta nyt tilasto n\u00e4ytt\u00e4\u00e4 j\u00e4lleen hieman nousujohteiselta. Jos ottaa huomioon viel\u00e4 sen, ett\u00e4 koko ajan tulee teiden varsille uusia aitoja, niin vaikka kanta olisi ennallaan, kehitys pit\u00e4isi olla laskeva\u201d. Samalla her\u00e4\u00e4 kysymys siit\u00e4, mik\u00e4 on todellinen peurakannan kehityksen suunta, Leskinen pohdiskelee. Leskinen muistuttaa, ett\u00e4 maanomistajilta tulee kovaa painetta siihen, ett\u00e4 peurakannan leikkaantuminen jatkuu. Esimerkiksi Varsinais-Suomessa maanomistajista 75 prosenttia oli viime talvena sit\u00e4 mielt\u00e4, ett\u00e4 kantaa tulee leikata.<\/p>\n<p>Tihe\u00e4n peurakannan alueella my\u00f6s mets\u00e4kauriskannan leikkaus olisi t\u00e4rke\u00e4\u00e4. Tilastojen mukaan t\u00e4m\u00e4n hetken saalism\u00e4\u00e4r\u00e4 10 533 yksil\u00f6\u00e4 on viime vuodesta j\u00e4ljess\u00e4 20 prosenttia. Mets\u00e4kauriskantaa ei seurata tarkasti, mutta Luonnonvarakeskus arvioi kannan kooksi on noin 100 000 yksil\u00f6\u00e4. Liikenneonnettomuuksia tapahtui viime vuonna 5 336. M\u00e4\u00e4r\u00e4 oli l\u00e4hes sama kuin edellisvuonna.<\/p>\n<p>L\u00e4hde: <a rel=\"noopener\" href=\"https:\/\/www.maaseuduntulevaisuus.fi\/metsa\/a9bf81ad-75b3-4a53-93a7-735c71104297\">MT<\/a><\/p>\n<\/div>\n<p>The post <a rel=\"noopener\" href=\"https:\/\/vastuullisuusuutiset.fi\/fi\/ymparistouutiset-fi\/valkohantapeurojen-vahentamisen-tavoite-luisumassa-kasista-viela-on-kuukausi-aikaa-kiria\/\">Valkoh\u00e4nt\u00e4peurojen v\u00e4hent\u00e4misen tavoite luisumassa k\u00e4sist\u00e4 \u2013 \u201dViel\u00e4 on kuukausi aikaa kiri\u00e4\u201d<\/a> appeared first on <a rel=\"noopener\" href=\"https:\/\/vastuullisuusuutiset.fi\/fi\">Vastuullisuusuutiset.fi<\/a>.<\/p>\n","protected":false},"author":1,"featured_media":0,"comment_status":"closed","ping_status":"closed","sticky":false,"template":"","format":"standard","meta":{"_jetpack_memberships_contains_paid_content":false,"footnotes":""},"categories":[21],"tags":[858,17609,16143,1807,6868,269,629,630],"class_list":["post-136571","post","type-post","status-publish","format-standard","hentry","category-uutiset","tag-kanta","tag-kolarit","tag-metsakauris","tag-metsastys","tag-valkohantapeura","tag-ymparisto","tag-ymparistouutiset-fi","tag-ymparistouutiset_viikkokatsaus"],"jetpack_featured_media_url":"","jetpack_sharing_enabled":true,"_links":{"self":[{"href":"https:\/\/tietopankki.crnet.fi\/fi\/wp-json\/wp\/v2\/posts\/136571","targetHints":{"allow":["GET"]}}],"collection":[{"href":"https:\/\/tietopankki.crnet.fi\/fi\/wp-json\/wp\/v2\/posts"}],"about":[{"href":"https:\/\/tietopankki.crnet.fi\/fi\/wp-json\/wp\/v2\/types\/post"}],"author":[{"embeddable":true,"href":"https:\/\/tietopankki.crnet.fi\/fi\/wp-json\/wp\/v2\/users\/1"}],"replies":[{"embeddable":true,"href":"https:\/\/tietopankki.crnet.fi\/fi\/wp-json\/wp\/v2\/comments?post=136571"}],"version-history":[{"count":0,"href":"https:\/\/tietopankki.crnet.fi\/fi\/wp-json\/wp\/v2\/posts\/136571\/revisions"}],"wp:attachment":[{"href":"https:\/\/tietopankki.crnet.fi\/fi\/wp-json\/wp\/v2\/media?parent=136571"}],"wp:term":[{"taxonomy":"category","embeddable":true,"href":"https:\/\/tietopankki.crnet.fi\/fi\/wp-json\/wp\/v2\/categories?post=136571"},{"taxonomy":"post_tag","embeddable":true,"href":"https:\/\/tietopankki.crnet.fi\/fi\/wp-json\/wp\/v2\/tags?post=136571"}],"curies":[{"name":"wp","href":"https:\/\/api.w.org\/{rel}","templated":true}]}}