{"id":136719,"date":"2025-01-20T08:20:51","date_gmt":"2025-01-20T06:20:51","guid":{"rendered":"https:\/\/tietopankki.crnet.fi\/fi\/uutiset\/kierratetty-vaate-verotetaan-kahdesti-toimitusjohtaja-parempi-tuoda-kraasaa-ulkomailta-kuin-kierrattaa-suomessa\/"},"modified":"2025-01-20T08:20:51","modified_gmt":"2025-01-20T06:20:51","slug":"kierratetty-vaate-verotetaan-kahdesti-toimitusjohtaja-parempi-tuoda-kraasaa-ulkomailta-kuin-kierrattaa-suomessa","status":"publish","type":"post","link":"https:\/\/tietopankki.crnet.fi\/fi\/uutiset\/kierratetty-vaate-verotetaan-kahdesti-toimitusjohtaja-parempi-tuoda-kraasaa-ulkomailta-kuin-kierrattaa-suomessa\/","title":{"rendered":"Kierr\u00e4tetty vaate verotetaan kahdesti \u2013 toimitusjohtaja: \u201dParempi tuoda kr\u00e4\u00e4s\u00e4\u00e4 ulkomailta kuin kierr\u00e4tt\u00e4\u00e4 Suomessa\u201d"},"content":{"rendered":"<div class=\"mp_wrapper\">\n  <div class=\"mepr-unauthorized-message\">\n    <p>You are unauthorized to view this page.<\/p>\n  <\/div>\n  <div class=\"mepr-login-form-wrap\">\n            \n<div class=\"mp_wrapper mp_login_form\">\n                  <!-- mp-login-form-start -->     <form name=\"mepr_loginform\" id=\"mepr_loginform\" class=\"mepr-form\" action=\"https:\/\/tietopankki.crnet.fi\/fi\/login-2\/\" method=\"post\">\n            <div class=\"mp-form-row mepr_username\">\n        <div class=\"mp-form-label\">\n                              <label for=\"user_login\">Username<\/label>\n        <\/div>\n        <input type=\"text\" name=\"log\" id=\"user_login\" value=\"\" \/>\n      <\/div>\n      <div class=\"mp-form-row mepr_password\">\n        <div class=\"mp-form-label\">\n          <label for=\"user_pass\">Password<\/label>\n          <div class=\"mp-hide-pw\">\n            <input type=\"password\" name=\"pwd\" id=\"user_pass\" value=\"\" \/>\n            <button type=\"button\" class=\"button mp-hide-pw hide-if-no-js\" data-toggle=\"0\" aria-label=\"Show password\">\n              <span class=\"dashicons dashicons-visibility\" aria-hidden=\"true\"><\/span>\n            <\/button>\n          <\/div>\n        <\/div>\n      <\/div>\n            <div>\n        <label><input name=\"rememberme\" type=\"checkbox\" id=\"rememberme\" value=\"forever\" \/> Remember Me<\/label>\n      <\/div>\n      <div class=\"mp-spacer\">&nbsp;<\/div>\n      <div class=\"submit\">\n        <input type=\"submit\" name=\"wp-submit\" id=\"wp-submit\" class=\"button-primary mepr-share-button \" value=\"Log In\" \/>\n        <input type=\"hidden\" name=\"redirect_to\" value=\"\/fi\/wp-json\/wp\/v2\/posts\/136719\" \/>\n        <input type=\"hidden\" name=\"mepr_process_login_form\" value=\"true\" \/>\n        <input type=\"hidden\" name=\"mepr_is_login_page\" value=\"false\" \/>\n      <\/div>\n    <\/form>\n    <div class=\"mp-spacer\">&nbsp;<\/div>\n    <div class=\"mepr-login-actions\">\n        <a\n          href=\"https:\/\/tietopankki.crnet.fi\/fi\/login-2\/?action=forgot_password\"\n          title=\"Click here to reset your password\"\n        >\n          Forgot Password        <\/a>\n    <\/div>\n\n      \n    <!-- mp-login-form-end --> \n  <\/div>\n      <\/div>\n<\/div>\n","protected":false},"excerpt":{"rendered":"<div class=\"smart_content_wrapper\">\n<p>Ep\u00e4tasa-arvoinen verokohtelu vie k\u00e4ytetylt\u00e4 tavaralta kilpailuedun pikamuotiin verrattuna, alan toimijat sanovat. Moninkertainen alv k\u00f6yhdytt\u00e4\u00e4 second hand -yritt\u00e4j\u00e4n mukaan jopa Suomen kansantaloutta. Tiesitk\u00f6, ett\u00e4 ostaessasi kierr\u00e4tetyn vaatteen, puhelimen tai vaihtoauton maksat siit\u00e4 paljon enemm\u00e4n veroa kuin uuden ostaessasi?<\/p>\n<p>Suomessa k\u00e4ytetyn tavaran kauppaan kohdistuu tuplaverotus. Tuotteesta on alunperin maksettu jo arvonlis\u00e4vero (alv), ja kun se myyd\u00e4\u00e4n uudelle omistajalle, siihen joudutaan lis\u00e4\u00e4m\u00e4\u00e4n j\u00e4lleen uusi alv myyntiliikkeess\u00e4. Uusi vero lis\u00e4t\u00e4\u00e4n jo aiemman veron p\u00e4\u00e4lle. Suomen suurimman second hand -verkkokaupan Emmyn toimitusjohtaja ja EU:n ilmastol\u00e4hettil\u00e4s Timo Huhtam\u00e4ki kritisoi ankarin sanank\u00e4\u00e4ntein ep\u00e4tasa-arvoista verokohtelua. \u2013 Se muodostaa ep\u00e4terveen kilpailuasetelman uuden tuotteen myyntiin n\u00e4hden, lis\u00e4\u00e4 k\u00e4ytetyn tavaran toimijoiden kustannuspaineita ja hidastaa kiertotalouden kehittymist\u00e4 Suomessa, h\u00e4n sanoo.<\/p>\n<p>Huhtam\u00e4en mukaan kyseess\u00e4 on iso ongelma. K\u00e4ytetyn tavaran kauppa olisi h\u00e4nen mukaansa moninkertainen, jos tupla-alv ei kurittaisi myyji\u00e4. Lis\u00e4ksi isot v\u00e4hitt\u00e4iskaupat olisivat mukana k\u00e4ytetyn tavaran kaupassa, jos tupla-alvit poistettaisiin, h\u00e4n sanoo. Emmyll\u00e4 itsell\u00e4\u00e4n on verkkokaupan lis\u00e4ksi second hand -myym\u00e4l\u00e4t Helsingin, Turun ja Tampereen Sokoksien sis\u00e4ll\u00e4.<\/p>\n<p>My\u00f6s kaupan alan edunvalvontaj\u00e4rjest\u00f6ss\u00e4 eli Kaupan liitossa k\u00e4ytettyjen tavaroiden arvonlis\u00e4veroa pidet\u00e4\u00e4n ongelmallisena. \u2013 Kun kauppa ostaa kuluttajalta uudelleen myyt\u00e4v\u00e4ksi, tavara sis\u00e4lt\u00e4\u00e4 alkuper\u00e4isen alvin, mink\u00e4 kuluttaja on maksanut, piilotettuna, koska kauppa ei pysty sit\u00e4 v\u00e4hent\u00e4m\u00e4\u00e4n. Kauppa joutuu sis\u00e4llytt\u00e4m\u00e4\u00e4n tuotteeseen uuden alvin, kun kauppa myy sit\u00e4, sanoo Kaupan liiton verotuksen johtava asiantuntija Toni J\u00e4\u00e4skel\u00e4inen.<\/p>\n<p>Esimerkiksi laadukas vintage-vaate voi vuosikymmenten aikana kiert\u00e4\u00e4 vaikka kuinka monelle k\u00e4ytt\u00e4j\u00e4lle. Joka kerta, kun se myyd\u00e4\u00e4n, siihen lis\u00e4t\u00e4\u00e4n uusi arvonlis\u00e4vero, t\u00e4ll\u00e4 haavaa juuri korotettuna 25,5 prosenttia. \u2013 Se on hyvin erikoinen rakenne, ett\u00e4 mit\u00e4 pidemm\u00e4ksi tuotteen elinkaari tulee, sit\u00e4 enemm\u00e4n niihin kertyy arvonlis\u00e4veroa, Huhtam\u00e4ki sanoo. Kuluttajalta toiselle kuluttajalle myyt\u00e4ess\u00e4 alv-kohtelua ei tule. Verotus koskee esimerkiksi second hand -liikkeiss\u00e4 teht\u00e4v\u00e4\u00e4 kauppaa, k\u00e4ytettyjen autojen ja kierr\u00e4tetyn elektroniikan kauppaa.<\/p>\n<p>L\u00e4hde: <a rel=\"noopener\" href=\"https:\/\/yle.fi\/a\/74-20137806\">Yle<\/a><\/p>\n<\/div>\n<p>The post <a rel=\"noopener\" href=\"https:\/\/vastuullisuusuutiset.fi\/fi\/ymparistouutiset-fi\/kierratetty-vaate-verotetaan-kahdesti-toimitusjohtaja-parempi-tuoda-kraasaa-ulkomailta-kuin-kierrattaa-suomessa\/\">Kierr\u00e4tetty vaate verotetaan kahdesti \u2013 toimitusjohtaja: \u201dParempi tuoda kr\u00e4\u00e4s\u00e4\u00e4 ulkomailta kuin kierr\u00e4tt\u00e4\u00e4 Suomessa\u201d<\/a> appeared first on <a rel=\"noopener\" href=\"https:\/\/vastuullisuusuutiset.fi\/fi\">Vastuullisuusuutiset.fi<\/a>.<\/p>\n","protected":false},"author":1,"featured_media":0,"comment_status":"closed","ping_status":"closed","sticky":false,"template":"","format":"standard","meta":{"_jetpack_memberships_contains_paid_content":false,"footnotes":""},"categories":[21],"tags":[17644,629,630],"class_list":["post-136719","post","type-post","status-publish","format-standard","hentry","category-uutiset","tag-kierratetty-vaate-verotetaan-kahdesti","tag-ymparistouutiset-fi","tag-ymparistouutiset_viikkokatsaus"],"jetpack_featured_media_url":"","jetpack_sharing_enabled":true,"_links":{"self":[{"href":"https:\/\/tietopankki.crnet.fi\/fi\/wp-json\/wp\/v2\/posts\/136719","targetHints":{"allow":["GET"]}}],"collection":[{"href":"https:\/\/tietopankki.crnet.fi\/fi\/wp-json\/wp\/v2\/posts"}],"about":[{"href":"https:\/\/tietopankki.crnet.fi\/fi\/wp-json\/wp\/v2\/types\/post"}],"author":[{"embeddable":true,"href":"https:\/\/tietopankki.crnet.fi\/fi\/wp-json\/wp\/v2\/users\/1"}],"replies":[{"embeddable":true,"href":"https:\/\/tietopankki.crnet.fi\/fi\/wp-json\/wp\/v2\/comments?post=136719"}],"version-history":[{"count":0,"href":"https:\/\/tietopankki.crnet.fi\/fi\/wp-json\/wp\/v2\/posts\/136719\/revisions"}],"wp:attachment":[{"href":"https:\/\/tietopankki.crnet.fi\/fi\/wp-json\/wp\/v2\/media?parent=136719"}],"wp:term":[{"taxonomy":"category","embeddable":true,"href":"https:\/\/tietopankki.crnet.fi\/fi\/wp-json\/wp\/v2\/categories?post=136719"},{"taxonomy":"post_tag","embeddable":true,"href":"https:\/\/tietopankki.crnet.fi\/fi\/wp-json\/wp\/v2\/tags?post=136719"}],"curies":[{"name":"wp","href":"https:\/\/api.w.org\/{rel}","templated":true}]}}