{"id":136751,"date":"2025-01-21T08:10:14","date_gmt":"2025-01-21T06:10:14","guid":{"rendered":"https:\/\/tietopankki.crnet.fi\/fi\/uutiset\/vahalumiset-ja-lampimat-talvet-voivat-vaikuttaa-marjasatoon-mutta-karhujen-talviunia-ne-eivat-viela-ole-sot\/"},"modified":"2025-01-21T08:10:14","modified_gmt":"2025-01-21T06:10:14","slug":"vahalumiset-ja-lampimat-talvet-voivat-vaikuttaa-marjasatoon-mutta-karhujen-talviunia-ne-eivat-viela-ole-sot","status":"publish","type":"post","link":"https:\/\/tietopankki.crnet.fi\/fi\/uutiset\/vahalumiset-ja-lampimat-talvet-voivat-vaikuttaa-marjasatoon-mutta-karhujen-talviunia-ne-eivat-viela-ole-sot\/","title":{"rendered":"V\u00e4\u00adh\u00e4\u00adlu\u00admi\u00adset ja l\u00e4m\u00adpi\u00adm\u00e4t talvet voivat vai\u00adkut\u00adtaa mar\u00adja\u00adsa\u00adtoon, mutta kar\u00adhu\u00adjen tal\u00advi\u00adunia ne eiv\u00e4t viel\u00e4 ole sot\u00adke\u00adneet"},"content":{"rendered":"<div class=\"mp_wrapper\">\n  <div class=\"mepr-unauthorized-message\">\n    <p>You are unauthorized to view this page.<\/p>\n  <\/div>\n  <div class=\"mepr-login-form-wrap\">\n            \n<div class=\"mp_wrapper mp_login_form\">\n                  <!-- mp-login-form-start -->     <form name=\"mepr_loginform\" id=\"mepr_loginform\" class=\"mepr-form\" action=\"https:\/\/tietopankki.crnet.fi\/fi\/login-2\/\" method=\"post\">\n            <div class=\"mp-form-row mepr_username\">\n        <div class=\"mp-form-label\">\n                              <label for=\"user_login\">Username<\/label>\n        <\/div>\n        <input type=\"text\" name=\"log\" id=\"user_login\" value=\"\" \/>\n      <\/div>\n      <div class=\"mp-form-row mepr_password\">\n        <div class=\"mp-form-label\">\n          <label for=\"user_pass\">Password<\/label>\n          <div class=\"mp-hide-pw\">\n            <input type=\"password\" name=\"pwd\" id=\"user_pass\" value=\"\" \/>\n            <button type=\"button\" class=\"button mp-hide-pw hide-if-no-js\" data-toggle=\"0\" aria-label=\"Show password\">\n              <span class=\"dashicons dashicons-visibility\" aria-hidden=\"true\"><\/span>\n            <\/button>\n          <\/div>\n        <\/div>\n      <\/div>\n            <div>\n        <label><input name=\"rememberme\" type=\"checkbox\" id=\"rememberme\" value=\"forever\" \/> Remember Me<\/label>\n      <\/div>\n      <div class=\"mp-spacer\">&nbsp;<\/div>\n      <div class=\"submit\">\n        <input type=\"submit\" name=\"wp-submit\" id=\"wp-submit\" class=\"button-primary mepr-share-button \" value=\"Log In\" \/>\n        <input type=\"hidden\" name=\"redirect_to\" value=\"\/fi\/wp-json\/wp\/v2\/posts\/136751\" \/>\n        <input type=\"hidden\" name=\"mepr_process_login_form\" value=\"true\" \/>\n        <input type=\"hidden\" name=\"mepr_is_login_page\" value=\"false\" \/>\n      <\/div>\n    <\/form>\n    <div class=\"mp-spacer\">&nbsp;<\/div>\n    <div class=\"mepr-login-actions\">\n        <a\n          href=\"https:\/\/tietopankki.crnet.fi\/fi\/login-2\/?action=forgot_password\"\n          title=\"Click here to reset your password\"\n        >\n          Forgot Password        <\/a>\n    <\/div>\n\n      \n    <!-- mp-login-form-end --> \n  <\/div>\n      <\/div>\n<\/div>\n","protected":false},"excerpt":{"rendered":"<div class=\"smart_content_wrapper\">\nSuomessa on ollut alkuvuonna harvinaisen l\u00e4mmint\u00e4 ja paikoitellen v\u00e4h\u00e4lumista. &#8221;Moni meist\u00e4 on voinut nauttia nyt aurinkoisen l\u00e4mpimist\u00e4 p\u00e4ivist\u00e4. Mutta luonto on sopeutunut tammikuussa siihen, ett\u00e4 maa on j\u00e4\u00e4ss\u00e4 ja on lunta&#8221;, vanhempi tutkija ja ryhm\u00e4p\u00e4\u00e4llikk\u00f6 Terhi Rytt\u00e4ri Suomen ymp\u00e4rist\u00f6keskuksesta muistuttaa. Talvi vaikuttaa esimerkiksi marjasatoon, sill\u00e4 lumipeite suojaa monia mets\u00e4marjakasveja pakkaselta. &#8221;Lumen v\u00e4h\u00e4isyys kovalla pakkasella on riski mustikkakasvustoille, sill\u00e4 kasvustot voivat paleltua. Etenk\u00e4\u00e4n l\u00e4mp\u00f6tilan sahaaminen edestakaisin ei ole mustikalle hyv\u00e4ksi&#8221;, Rytt\u00e4ri sanoo.<\/p>\n<p>L\u00e4mpeneminen vaikuttaa my\u00f6s el\u00e4imiin, mutta riistasuunnittelija Kai-Eerik Nyholm Suomen riistakeskuksesta kertoo, ett\u00e4 karhujen ei ole havaittu Suomessa l\u00e4hteneen lauhanakaan talvena vaeltelemaan pesist\u00e4\u00e4n. &#8221;Karhujen ruumiinl\u00e4mp\u00f6 laskee talvella. Elintoiminnot ovat sopeutuneet niin, ettei ulkol\u00e4mp\u00f6tila vaikuta uniin. Vain jos karhu on mennyt talvilevolle huonossa kunnossa, el\u00e4in voi l\u00e4hte\u00e4 liikkeelle. Se on kuitenkin poikkeuksellista&#8221;, Nyholm kertoo. Karhujen talviunille vet\u00e4ytyminen on sidoksissa p\u00e4iv\u00e4n pituuteen. &#8221;Ilmaston l\u00e4mpeneminen vaikuttaa jossain vaiheessa my\u00f6s karhujen talvilepoon, mutta kehitys ei ole nopeaa&#8221;, Nyholm sanoo. Lauha talvi voi kuitenkin yh\u00e4 herkemmin her\u00e4tt\u00e4\u00e4 talviunta nukkuvat supikoirat. Ne voivat l\u00e4hte\u00e4 etsim\u00e4\u00e4n ravintoa ja olla hyvinkin aktiivisia verrattuna kylmiin ja runsaslumisiin talviin, Luonnonvarakeskuksen erikoistutkija Andreas Lind\u00e9n kertoo.<\/p>\n<p>Talvella hereill\u00e4 oleville el\u00e4imille ohut lumipeite aiheuttaa haasteita. &#8221;Jos l\u00e4mp\u00f6tila sahaa pakkasen ja l\u00e4mpim\u00e4n v\u00e4lill\u00e4, lumen pinnalle muodostuu j\u00e4\u00e4kerros. T\u00e4ll\u00e4 on merkityst\u00e4 ravinnon saamisessa ja kylm\u00e4lt\u00e4 erist\u00e4ytymisess\u00e4&#8221;, erikoissuunnittelija ja ryhm\u00e4p\u00e4\u00e4llikk\u00f6 Ulla-Maija Liukko Suomen ymp\u00e4rist\u00f6keskuksesta sanoo.<\/p>\n<p>Suojav\u00e4riin vaihtaville el\u00e4imille lumettomuus on huomattava ongelma, koske ne voivat joutua helpommin saaliiksi. Luonto sopeutuu ilmastonmuutokseen kuitenkin hitaasti, Luonnonvarakeskuksen Lind\u00e9n sanoo. &#8221;Suojav\u00e4rivaikutus korostuu syksyll\u00e4 ja kev\u00e4\u00e4ll\u00e4, kun tulee jaksoja, jolloin v\u00e4ri on v\u00e4\u00e4r\u00e4. Lumikolle ja k\u00e4rp\u00e4lle lumettomuudesta on haittaa my\u00f6s siksi, ett\u00e4 saalistajina ne n\u00e4kyv\u00e4t hyvin maastossa&#8221;, h\u00e4n kertoo. Esimerkiksi Irlannissa mets\u00e4j\u00e4niksill\u00e4 on talvellakin tummat turkit.<\/p>\n<p>Muutokseen ovat reagoineet my\u00f6s muuttolinnut, joista osa j\u00e4\u00e4 nykyisin Suomeen talveksi. Nyt osa vesilinnuista valitsee talvehtimispaikaksi Tanskan salmien sijaan vaikkapa Ahvenanmaan tai Suomenlahden. T\u00e4llaisia lajeja ovat esimerkiksi alli ja tukkasotka. &#8221;Suomen merkitys vesilintujen talvehtimisalueena on huomattavasti kasvanut ilmastonmuutoksen my\u00f6t\u00e4&#8221;, Lind\u00e9n kertoo. Varpuslinnuistakin lyhyen matkan muuttajat j\u00e4\u00e4v\u00e4t Lind\u00e9nin mukaan yh\u00e4 useammin talvehtimaan Suomeen. Siksi meill\u00e4 voi yh\u00e4 useammin n\u00e4hd\u00e4 talvella peippoja ja mustarastaita.<\/p>\n<p>L\u00e4hde: <a rel=\"noopener\" href=\"https:\/\/www.lapinkansa.fi\/vahalumiset-ja-lampimat-talvet-voivat-vaikuttaa-ma\/11483033?utm_campaign=Feedit&amp;utm_source=Lapin%20Kansa&amp;utm_medium=RSS\">Lapin kansa<\/a><\/p>\n<\/div>\n<p>The post <a rel=\"noopener\" href=\"https:\/\/vastuullisuusuutiset.fi\/fi\/ymparistouutiset-fi\/vahalumiset-ja-lampimat-talvet-voivat-vaikuttaa-marjasatoon-mutta-karhujen-talviunia-ne-eivat-viela-ole-sot\/\">V\u00e4\u00adh\u00e4\u00adlu\u00admi\u00adset ja l\u00e4m\u00adpi\u00adm\u00e4t talvet voivat vai\u00adkut\u00adtaa mar\u00adja\u00adsa\u00adtoon, mutta kar\u00adhu\u00adjen tal\u00advi\u00adunia ne eiv\u00e4t viel\u00e4 ole sot\u00adke\u00adneet<\/a> appeared first on <a rel=\"noopener\" href=\"https:\/\/vastuullisuusuutiset.fi\/fi\">Vastuullisuusuutiset.fi<\/a>.<\/p>\n","protected":false},"author":1,"featured_media":0,"comment_status":"closed","ping_status":"closed","sticky":false,"template":"","format":"standard","meta":{"_jetpack_memberships_contains_paid_content":false,"footnotes":""},"categories":[21],"tags":[4046,17659,3282,7395,77,629,630],"class_list":["post-136751","post","type-post","status-publish","format-standard","hentry","category-uutiset","tag-elaimet","tag-lapin-kansa","tag-marjasato","tag-talvehtiminen","tag-vaikutus","tag-ymparistouutiset-fi","tag-ymparistouutiset_viikkokatsaus"],"jetpack_featured_media_url":"","jetpack_sharing_enabled":true,"_links":{"self":[{"href":"https:\/\/tietopankki.crnet.fi\/fi\/wp-json\/wp\/v2\/posts\/136751","targetHints":{"allow":["GET"]}}],"collection":[{"href":"https:\/\/tietopankki.crnet.fi\/fi\/wp-json\/wp\/v2\/posts"}],"about":[{"href":"https:\/\/tietopankki.crnet.fi\/fi\/wp-json\/wp\/v2\/types\/post"}],"author":[{"embeddable":true,"href":"https:\/\/tietopankki.crnet.fi\/fi\/wp-json\/wp\/v2\/users\/1"}],"replies":[{"embeddable":true,"href":"https:\/\/tietopankki.crnet.fi\/fi\/wp-json\/wp\/v2\/comments?post=136751"}],"version-history":[{"count":0,"href":"https:\/\/tietopankki.crnet.fi\/fi\/wp-json\/wp\/v2\/posts\/136751\/revisions"}],"wp:attachment":[{"href":"https:\/\/tietopankki.crnet.fi\/fi\/wp-json\/wp\/v2\/media?parent=136751"}],"wp:term":[{"taxonomy":"category","embeddable":true,"href":"https:\/\/tietopankki.crnet.fi\/fi\/wp-json\/wp\/v2\/categories?post=136751"},{"taxonomy":"post_tag","embeddable":true,"href":"https:\/\/tietopankki.crnet.fi\/fi\/wp-json\/wp\/v2\/tags?post=136751"}],"curies":[{"name":"wp","href":"https:\/\/api.w.org\/{rel}","templated":true}]}}