{"id":136752,"date":"2025-01-21T08:05:51","date_gmt":"2025-01-21T06:05:51","guid":{"rendered":"https:\/\/tietopankki.crnet.fi\/fi\/uutiset\/fohn-tuuli-on-vaikuttanut-suomen-ja-skandinavian-saahan-voimakkaasti\/"},"modified":"2025-01-21T08:05:51","modified_gmt":"2025-01-21T06:05:51","slug":"fohn-tuuli-on-vaikuttanut-suomen-ja-skandinavian-saahan-voimakkaasti","status":"publish","type":"post","link":"https:\/\/tietopankki.crnet.fi\/fi\/uutiset\/fohn-tuuli-on-vaikuttanut-suomen-ja-skandinavian-saahan-voimakkaasti\/","title":{"rendered":"F\u00f6hn-tuuli on vaikuttanut Suomen ja Skandinavian s\u00e4\u00e4h\u00e4n voimakkaasti"},"content":{"rendered":"<div class=\"mp_wrapper\">\n  <div class=\"mepr-unauthorized-message\">\n    <p>You are unauthorized to view this page.<\/p>\n  <\/div>\n  <div class=\"mepr-login-form-wrap\">\n            \n<div class=\"mp_wrapper mp_login_form\">\n                  <!-- mp-login-form-start -->     <form name=\"mepr_loginform\" id=\"mepr_loginform\" class=\"mepr-form\" action=\"https:\/\/tietopankki.crnet.fi\/fi\/login-2\/\" method=\"post\">\n            <div class=\"mp-form-row mepr_username\">\n        <div class=\"mp-form-label\">\n                              <label for=\"user_login\">Username<\/label>\n        <\/div>\n        <input type=\"text\" name=\"log\" id=\"user_login\" value=\"\" \/>\n      <\/div>\n      <div class=\"mp-form-row mepr_password\">\n        <div class=\"mp-form-label\">\n          <label for=\"user_pass\">Password<\/label>\n          <div class=\"mp-hide-pw\">\n            <input type=\"password\" name=\"pwd\" id=\"user_pass\" value=\"\" \/>\n            <button type=\"button\" class=\"button mp-hide-pw hide-if-no-js\" data-toggle=\"0\" aria-label=\"Show password\">\n              <span class=\"dashicons dashicons-visibility\" aria-hidden=\"true\"><\/span>\n            <\/button>\n          <\/div>\n        <\/div>\n      <\/div>\n            <div>\n        <label><input name=\"rememberme\" type=\"checkbox\" id=\"rememberme\" value=\"forever\" \/> Remember Me<\/label>\n      <\/div>\n      <div class=\"mp-spacer\">&nbsp;<\/div>\n      <div class=\"submit\">\n        <input type=\"submit\" name=\"wp-submit\" id=\"wp-submit\" class=\"button-primary mepr-share-button \" value=\"Log In\" \/>\n        <input type=\"hidden\" name=\"redirect_to\" value=\"\/fi\/wp-json\/wp\/v2\/posts\/136752\" \/>\n        <input type=\"hidden\" name=\"mepr_process_login_form\" value=\"true\" \/>\n        <input type=\"hidden\" name=\"mepr_is_login_page\" value=\"false\" \/>\n      <\/div>\n    <\/form>\n    <div class=\"mp-spacer\">&nbsp;<\/div>\n    <div class=\"mepr-login-actions\">\n        <a\n          href=\"https:\/\/tietopankki.crnet.fi\/fi\/login-2\/?action=forgot_password\"\n          title=\"Click here to reset your password\"\n        >\n          Forgot Password        <\/a>\n    <\/div>\n\n      \n    <!-- mp-login-form-end --> \n  <\/div>\n      <\/div>\n<\/div>\n","protected":false},"excerpt":{"rendered":"<div class=\"smart_content_wrapper\">\nT\u00e4ll\u00e4 viikolla f\u00f6hn-tuuli on vaikuttanut Suomen ja Skandinavian s\u00e4\u00e4h\u00e4n voimakkaasti. Sen my\u00f6t\u00e4 elohopea on noussut hyvin laajalti Suomessa poikkeuksellisen korkeaksi ja paikoin on saavutettu jopa uusia asemakohtaisia tammikuun enn\u00e4tyksi\u00e4.<\/p>\n<p>&#8221;Vietin vuoden ensimm\u00e4isen viikon L\u00e4nsi-Lapissa, jossa p\u00e4\u00e4sin nauttimaan upeista revontulista selke\u00e4ll\u00e4 s\u00e4\u00e4ll\u00e4. Selke\u00e4n s\u00e4\u00e4n my\u00f6t\u00e4 p\u00e4\u00e4sin nauttimaan my\u00f6s kirjaimellisesti paukkupakkasista \u2013 jos niist\u00e4 nyt oikeasti kukaan nauttii, kun yli 25 asteen pakkasessa ulkona ollessa kuuli m\u00f6kin pihan puiden paukahtelun. Nyt kaksi viikkoa my\u00f6hemmin tilanne on kuitenkin hyvin toisenlainen. Kuten aiemmin viikolla jo&#8221;, Juhana Hyrkk\u00e4nen kertoi Puheenvuoro-kirjoituksessaan.<\/p>\n<p>L\u00e4ntinen ilmavirtaus on aiheuttanut Norjan vuoristossa f\u00f6hn-ilmi\u00f6n, jonka my\u00f6t\u00e4 Suomeenkin oli odotettavissa lauhoja l\u00e4mp\u00f6tiloja. Viel\u00e4 maanantaina (13.1.2025) l\u00e4mp\u00f6tilat olivat koko maassa ajankohtaan n\u00e4hden tavanomaisia. Viikon edetess\u00e4 l\u00e4mp\u00f6tilat ovat olleet noususuunnassa, ja torstaina poikkeuksellisen l\u00e4mpimi\u00e4 lukemia mitattiin koko maassa, aivan etel\u00e4ist\u00e4 Suomea ja muutamia rannikkoasemia lukuun ottamatta. Noillakin asemilla p\u00e4iv\u00e4n ylimm\u00e4t l\u00e4mp\u00f6tilat kuitenkin rikkoivat harvinaisen rajan, eli kyseiset l\u00e4mp\u00f6tilat toistuvat 10\u201330 vuoden v\u00e4lein. Kolmella asemalla maan keskivaiheilla p\u00e4\u00e4stiin jopa tammikuun enn\u00e4tyslukemiin. Ilmatieteen laitoksen mittauspisteiden maksimil\u00e4mp\u00f6tilat ainakin k\u00e4viv\u00e4t plussan puolella koko maassa, Laukukeron mittausasemaa lukuun ottamatta.<\/p>\n<p>My\u00f6s perjantaina (17.1.2025) on laajalti mitattu harvinaisen ja poikkeuksellisen korkeita ajankohdan l\u00e4mp\u00f6tiloja, sek\u00e4 Kilpisj\u00e4rven asemalla uusi asemakohtainen tammikuun maksimil\u00e4mp\u00f6tila +7,2 astetta. Torstain aikana Kilpisj\u00e4rvell\u00e4 lumikinoskin on mittauksen mukaan painunut 9 senttimetri\u00e4 ja perjantaina t\u00e4t\u00e4 kirjoittaessa jo 4 senttimetri\u00e4 lis\u00e4\u00e4.<\/p>\n<p>Kirjoittaja on Ilmatieteen laitoksen Asiakaskohtaiset s\u00e4\u00e4palvelut -ryhm\u00e4n p\u00e4\u00e4llikk\u00f6.<\/p>\n<p>L\u00e4hde: <a rel=\"noopener\" href=\"https:\/\/www.ilmatieteenlaitos.fi\/puheenvuoro\/5W8WkyA91UfwbP9tpWgvD2\">Ilmatieteen laitos<\/a><\/p>\n<\/div>\n<p>The post <a rel=\"noopener\" href=\"https:\/\/vastuullisuusuutiset.fi\/fi\/ymparistouutiset-fi\/fohn-tuuli-on-vaikuttanut-suomen-ja-skandinavian-saahan-voimakkaasti\/\">F\u00f6hn-tuuli on vaikuttanut Suomen ja Skandinavian s\u00e4\u00e4h\u00e4n voimakkaasti<\/a> appeared first on <a rel=\"noopener\" href=\"https:\/\/vastuullisuusuutiset.fi\/fi\">Vastuullisuusuutiset.fi<\/a>.<\/p>\n","protected":false},"author":1,"featured_media":0,"comment_status":"closed","ping_status":"closed","sticky":false,"template":"","format":"standard","meta":{"_jetpack_memberships_contains_paid_content":false,"footnotes":""},"categories":[21],"tags":[17660,5033,17661,86,4051,629,630],"class_list":["post-136752","post","type-post","status-publish","format-standard","hentry","category-uutiset","tag-fohn-tuuli","tag-ilmatieteen-laitos","tag-skandinavia","tag-suomi","tag-saa","tag-ymparistouutiset-fi","tag-ymparistouutiset_viikkokatsaus"],"jetpack_featured_media_url":"","jetpack_sharing_enabled":true,"_links":{"self":[{"href":"https:\/\/tietopankki.crnet.fi\/fi\/wp-json\/wp\/v2\/posts\/136752","targetHints":{"allow":["GET"]}}],"collection":[{"href":"https:\/\/tietopankki.crnet.fi\/fi\/wp-json\/wp\/v2\/posts"}],"about":[{"href":"https:\/\/tietopankki.crnet.fi\/fi\/wp-json\/wp\/v2\/types\/post"}],"author":[{"embeddable":true,"href":"https:\/\/tietopankki.crnet.fi\/fi\/wp-json\/wp\/v2\/users\/1"}],"replies":[{"embeddable":true,"href":"https:\/\/tietopankki.crnet.fi\/fi\/wp-json\/wp\/v2\/comments?post=136752"}],"version-history":[{"count":0,"href":"https:\/\/tietopankki.crnet.fi\/fi\/wp-json\/wp\/v2\/posts\/136752\/revisions"}],"wp:attachment":[{"href":"https:\/\/tietopankki.crnet.fi\/fi\/wp-json\/wp\/v2\/media?parent=136752"}],"wp:term":[{"taxonomy":"category","embeddable":true,"href":"https:\/\/tietopankki.crnet.fi\/fi\/wp-json\/wp\/v2\/categories?post=136752"},{"taxonomy":"post_tag","embeddable":true,"href":"https:\/\/tietopankki.crnet.fi\/fi\/wp-json\/wp\/v2\/tags?post=136752"}],"curies":[{"name":"wp","href":"https:\/\/api.w.org\/{rel}","templated":true}]}}