{"id":136764,"date":"2025-01-22T08:35:12","date_gmt":"2025-01-22T06:35:12","guid":{"rendered":"https:\/\/tietopankki.crnet.fi\/fi\/uutiset\/hallitus-aikoo-lakkauttaa-ilmastopaneelin-ja-vahentaa-uuden-tiedon-tuottamista\/"},"modified":"2025-01-22T08:35:12","modified_gmt":"2025-01-22T06:35:12","slug":"hallitus-aikoo-lakkauttaa-ilmastopaneelin-ja-vahentaa-uuden-tiedon-tuottamista","status":"publish","type":"post","link":"https:\/\/tietopankki.crnet.fi\/fi\/uutiset\/hallitus-aikoo-lakkauttaa-ilmastopaneelin-ja-vahentaa-uuden-tiedon-tuottamista\/","title":{"rendered":"Hallitus aikoo lakkauttaa ilmastopaneelin ja v\u00e4hent\u00e4\u00e4 uuden tiedon tuottamista"},"content":{"rendered":"<div class=\"mp_wrapper\">\n  <div class=\"mepr-unauthorized-message\">\n    <p>You are unauthorized to view this page.<\/p>\n  <\/div>\n  <div class=\"mepr-login-form-wrap\">\n            \n<div class=\"mp_wrapper mp_login_form\">\n                  <!-- mp-login-form-start -->     <form name=\"mepr_loginform\" id=\"mepr_loginform\" class=\"mepr-form\" action=\"https:\/\/tietopankki.crnet.fi\/fi\/login-2\/\" method=\"post\">\n            <div class=\"mp-form-row mepr_username\">\n        <div class=\"mp-form-label\">\n                              <label for=\"user_login\">Username<\/label>\n        <\/div>\n        <input type=\"text\" name=\"log\" id=\"user_login\" value=\"\" \/>\n      <\/div>\n      <div class=\"mp-form-row mepr_password\">\n        <div class=\"mp-form-label\">\n          <label for=\"user_pass\">Password<\/label>\n          <div class=\"mp-hide-pw\">\n            <input type=\"password\" name=\"pwd\" id=\"user_pass\" value=\"\" \/>\n            <button type=\"button\" class=\"button mp-hide-pw hide-if-no-js\" data-toggle=\"0\" aria-label=\"Show password\">\n              <span class=\"dashicons dashicons-visibility\" aria-hidden=\"true\"><\/span>\n            <\/button>\n          <\/div>\n        <\/div>\n      <\/div>\n            <div>\n        <label><input name=\"rememberme\" type=\"checkbox\" id=\"rememberme\" value=\"forever\" \/> Remember Me<\/label>\n      <\/div>\n      <div class=\"mp-spacer\">&nbsp;<\/div>\n      <div class=\"submit\">\n        <input type=\"submit\" name=\"wp-submit\" id=\"wp-submit\" class=\"button-primary mepr-share-button \" value=\"Log In\" \/>\n        <input type=\"hidden\" name=\"redirect_to\" value=\"\/fi\/wp-json\/wp\/v2\/posts\/136764\" \/>\n        <input type=\"hidden\" name=\"mepr_process_login_form\" value=\"true\" \/>\n        <input type=\"hidden\" name=\"mepr_is_login_page\" value=\"false\" \/>\n      <\/div>\n    <\/form>\n    <div class=\"mp-spacer\">&nbsp;<\/div>\n    <div class=\"mepr-login-actions\">\n        <a\n          href=\"https:\/\/tietopankki.crnet.fi\/fi\/login-2\/?action=forgot_password\"\n          title=\"Click here to reset your password\"\n        >\n          Forgot Password        <\/a>\n    <\/div>\n\n      \n    <!-- mp-login-form-end --> \n  <\/div>\n      <\/div>\n<\/div>\n","protected":false},"excerpt":{"rendered":"<div class=\"smart_content_wrapper\">\nHallitus suunnittelee nelj\u00e4n eri tiedepaneelinsa yhdist\u00e4mist\u00e4 yhdeksi paneeliksi. Sen lis\u00e4ksi paneelit siirrett\u00e4isiin Valtioneuvoston kanslian alaisuuteen. Tiedepaneeleja ovat ilmastopaneeli, luontopaneeli, kest\u00e4vyyspaneeli sek\u00e4 mets\u00e4biotalouden tiedepaneeli. Ne ovat riippumattomia asiantuntijaelimi\u00e4, jotka kokoavat ja v\u00e4litt\u00e4v\u00e4t tutkimustietoa sek\u00e4 antavat politiikkasuosituksia. Sek\u00e4 ilmastopaneeli ett\u00e4 luontopaneeli ovat lakis\u00e4\u00e4teisi\u00e4 ja n\u00e4m\u00e4 paneelit saavat rahoituksensa ymp\u00e4rist\u00f6ministeri\u00f6n kautta. Uusi yhden tiedepaneelin malli voisi aloittaa vuonna 2026, selvi\u00e4\u00e4 Helsingin Sanomien n\u00e4kem\u00e4st\u00e4 valmisteluasiakirjasta.<\/p>\n<p>Uudistussuunnitelmien taustalla on hallitusohjelman kirjaus paneelien roolien arvioinnista hallituksen ty\u00f6n tukena. Kirjauksen my\u00f6t\u00e4 k\u00e4ynnistettiin selvitysty\u00f6, joka valmistui viime vuonna. Selvitysraportissa paneeleilta toivottiin lis\u00e4\u00e4 keskin\u00e4ist\u00e4 yhteisty\u00f6t\u00e4 sek\u00e4 enemm\u00e4n yhteydenpitoa p\u00e4\u00e4tt\u00e4jien kanssa. Paneelien yhdist\u00e4mist\u00e4 siin\u00e4 ei kuitenkaan suositeltu. Uudistusta pohjustavien materiaalien mukaan paneeleja, tai tulevaisuudessa vain yht\u00e4 paneelia, halutaan k\u00e4ytt\u00e4\u00e4 entist\u00e4 enemm\u00e4n tieteellisen\u00e4 neuvonantajana p\u00e4\u00e4t\u00f6svalmistelussa. Viimeisen viiden vuoden aikana tiedepaneelit ovat olleet kuultavina l\u00e4hes 340 kertaa. Paneelilta halutaan jatkossa v\u00e4hemm\u00e4n uuden tiedon tuottamista. Sen rooli olisi \u201dtiedon syntetisointi\u201d. Paneelin j\u00e4senten kokonaism\u00e4\u00e4r\u00e4 v\u00e4henisi yhdist\u00e4misen my\u00f6t\u00e4 parillakymmenell\u00e4 ihmisell\u00e4.<\/p>\n<p>HS:n n\u00e4kem\u00e4ss\u00e4 valmistelumateriaalissa todetaan, ett\u00e4 uudistussuunnitelmien haasteena on paneelin riippumattomuuden s\u00e4ilytt\u00e4minen. My\u00f6s \u201dj\u00e4nnite j\u00e4senten profession ja [paneelin tuottaman] kokonaiskuvan v\u00e4lill\u00e4\u201d nostettiin esiin. HS:n l\u00e4hteet ymp\u00e4rist\u00f6ministeri\u00f6st\u00e4 kritisoivat sit\u00e4, ett\u00e4 uudistusta on valmisteltu kulisseissa ja se on paljon radikaalimpi kuin mit\u00e4 viimevuotinen selvitysty\u00f6 antoi odottaa.<\/p>\n<p>Ilmastopaneelin puheenjohtajana vuosina 2014\u20132023 toiminut Markku Ollikainen arvostelee suunnitelmia muun muassa siit\u00e4, ett\u00e4 ne ovat vastoin ilmasto- ja luontolakien sanaa ja henke\u00e4. Ollikaisen mukaan kansainv\u00e4lisesti kuljetaan juuri toiseen suuntaan kuin uudistusesityksess\u00e4, eli perustetaan ilmasto- ja luontoteemoihin keskittyneit\u00e4 tiedepaneeleita. Sen lis\u00e4ksi Ollikaisen mukaan nelj\u00e4n paneelin yhdist\u00e4minen johtaisi siihen, ett\u00e4 paneelin on paljon vaikeampi tarjota selke\u00e4\u00e4 ja yhten\u00e4ist\u00e4 analyysia sek\u00e4 neuvontaa ilmasto- ja luontoteemoista. Ylip\u00e4\u00e4ns\u00e4 on olemassa riski, ett\u00e4 yksi j\u00e4ttipaneeli heikent\u00e4isi erityisesti ilmasto- ja luontokysymysten osalta mahdollisuuksia muodostaa kokonaiskuvia monimutkaisista aiheista, uskoo Ollikainen. \u201dPoliitikot eiv\u00e4t pysty ilman tieteen tukea luomaan toimivaa politiikkaa\u201d, Ollikainen kommentoi HS:lle s\u00e4hk\u00f6postitse.<\/p>\n<p>Vuonna 2011 perustetusta ilmastopaneelista s\u00e4\u00e4dettiin vuonna 2015 voimaan tulleessa ilmastolaissa, ja sen uudistaminen edellytt\u00e4isi ilmastolain avaamista. Nykyisin ilmastopaneeliin kuuluu 15 tutkijaa ilmastopolitiikan kannalta keskeisilt\u00e4 tieteenaloilta. Luontopaneelista s\u00e4\u00e4dettiin tuoreessa luonnonsuojelulaissa, joka tuli voimaan kes\u00e4ll\u00e4 2023.<\/p>\n<p>L\u00e4hde: <a rel=\"noopener\" href=\"https:\/\/www.hs.fi\/politiikka\/art-2000010977025.html\">HS<\/a><\/p>\n<\/div>\n<p>The post <a rel=\"noopener\" href=\"https:\/\/vastuullisuusuutiset.fi\/fi\/ymparistouutiset-fi\/hallitus-aikoo-lakkauttaa-ilmastopaneelin-ja-vahentaa-uuden-tiedon-tuottamista\/\">Hallitus aikoo lakkauttaa ilmastopaneelin ja v\u00e4hent\u00e4\u00e4 uuden tiedon tuottamista<\/a> appeared first on <a rel=\"noopener\" href=\"https:\/\/vastuullisuusuutiset.fi\/fi\">Vastuullisuusuutiset.fi<\/a>.<\/p>\n","protected":false},"author":1,"featured_media":0,"comment_status":"closed","ping_status":"closed","sticky":false,"template":"","format":"standard","meta":{"_jetpack_memberships_contains_paid_content":false,"footnotes":""},"categories":[21],"tags":[631,6415,17665,8296,17666,269,629,630],"class_list":["post-136764","post","type-post","status-publish","format-standard","hentry","category-uutiset","tag-hallitus","tag-ilmastopaneeli","tag-kestavyyspaneeli","tag-luontopaneeli","tag-metsabiotalouden-tiedepaneeli","tag-ymparisto","tag-ymparistouutiset-fi","tag-ymparistouutiset_viikkokatsaus"],"jetpack_featured_media_url":"","jetpack_sharing_enabled":true,"_links":{"self":[{"href":"https:\/\/tietopankki.crnet.fi\/fi\/wp-json\/wp\/v2\/posts\/136764","targetHints":{"allow":["GET"]}}],"collection":[{"href":"https:\/\/tietopankki.crnet.fi\/fi\/wp-json\/wp\/v2\/posts"}],"about":[{"href":"https:\/\/tietopankki.crnet.fi\/fi\/wp-json\/wp\/v2\/types\/post"}],"author":[{"embeddable":true,"href":"https:\/\/tietopankki.crnet.fi\/fi\/wp-json\/wp\/v2\/users\/1"}],"replies":[{"embeddable":true,"href":"https:\/\/tietopankki.crnet.fi\/fi\/wp-json\/wp\/v2\/comments?post=136764"}],"version-history":[{"count":0,"href":"https:\/\/tietopankki.crnet.fi\/fi\/wp-json\/wp\/v2\/posts\/136764\/revisions"}],"wp:attachment":[{"href":"https:\/\/tietopankki.crnet.fi\/fi\/wp-json\/wp\/v2\/media?parent=136764"}],"wp:term":[{"taxonomy":"category","embeddable":true,"href":"https:\/\/tietopankki.crnet.fi\/fi\/wp-json\/wp\/v2\/categories?post=136764"},{"taxonomy":"post_tag","embeddable":true,"href":"https:\/\/tietopankki.crnet.fi\/fi\/wp-json\/wp\/v2\/tags?post=136764"}],"curies":[{"name":"wp","href":"https:\/\/api.w.org\/{rel}","templated":true}]}}