{"id":136842,"date":"2025-01-24T08:25:21","date_gmt":"2025-01-24T06:25:21","guid":{"rendered":"https:\/\/tietopankki.crnet.fi\/fi\/uutiset\/eun-pakkaus-ja-pakkausjateasetus-pian-voimaan\/"},"modified":"2025-01-24T08:25:21","modified_gmt":"2025-01-24T06:25:21","slug":"eun-pakkaus-ja-pakkausjateasetus-pian-voimaan","status":"publish","type":"post","link":"https:\/\/tietopankki.crnet.fi\/fi\/uutiset\/eun-pakkaus-ja-pakkausjateasetus-pian-voimaan\/","title":{"rendered":"EU:n pakkaus- ja pakkausj\u00e4teasetus pian voimaan"},"content":{"rendered":"<div class=\"mp_wrapper\">\n  <div class=\"mepr-unauthorized-message\">\n    <p>You are unauthorized to view this page.<\/p>\n  <\/div>\n  <div class=\"mepr-login-form-wrap\">\n            \n<div class=\"mp_wrapper mp_login_form\">\n                  <!-- mp-login-form-start -->     <form name=\"mepr_loginform\" id=\"mepr_loginform\" class=\"mepr-form\" action=\"https:\/\/tietopankki.crnet.fi\/fi\/login-2\/\" method=\"post\">\n            <div class=\"mp-form-row mepr_username\">\n        <div class=\"mp-form-label\">\n                              <label for=\"user_login\">Username<\/label>\n        <\/div>\n        <input type=\"text\" name=\"log\" id=\"user_login\" value=\"\" \/>\n      <\/div>\n      <div class=\"mp-form-row mepr_password\">\n        <div class=\"mp-form-label\">\n          <label for=\"user_pass\">Password<\/label>\n          <div class=\"mp-hide-pw\">\n            <input type=\"password\" name=\"pwd\" id=\"user_pass\" value=\"\" \/>\n            <button type=\"button\" class=\"button mp-hide-pw hide-if-no-js\" data-toggle=\"0\" aria-label=\"Show password\">\n              <span class=\"dashicons dashicons-visibility\" aria-hidden=\"true\"><\/span>\n            <\/button>\n          <\/div>\n        <\/div>\n      <\/div>\n            <div>\n        <label><input name=\"rememberme\" type=\"checkbox\" id=\"rememberme\" value=\"forever\" \/> Remember Me<\/label>\n      <\/div>\n      <div class=\"mp-spacer\">&nbsp;<\/div>\n      <div class=\"submit\">\n        <input type=\"submit\" name=\"wp-submit\" id=\"wp-submit\" class=\"button-primary mepr-share-button \" value=\"Log In\" \/>\n        <input type=\"hidden\" name=\"redirect_to\" value=\"\/fi\/wp-json\/wp\/v2\/posts\/136842\" \/>\n        <input type=\"hidden\" name=\"mepr_process_login_form\" value=\"true\" \/>\n        <input type=\"hidden\" name=\"mepr_is_login_page\" value=\"false\" \/>\n      <\/div>\n    <\/form>\n    <div class=\"mp-spacer\">&nbsp;<\/div>\n    <div class=\"mepr-login-actions\">\n        <a\n          href=\"https:\/\/tietopankki.crnet.fi\/fi\/login-2\/?action=forgot_password\"\n          title=\"Click here to reset your password\"\n        >\n          Forgot Password        <\/a>\n    <\/div>\n\n      \n    <!-- mp-login-form-end --> \n  <\/div>\n      <\/div>\n<\/div>\n","protected":false},"excerpt":{"rendered":"<div class=\"smart_content_wrapper\">\nEU:n uusi pakkaus- ja pakkausj\u00e4teasetus tulee voimaan 11. helmikuuta 2025. Asetus ehk\u00e4isee syntyv\u00e4n pakkausj\u00e4tteen m\u00e4\u00e4r\u00e4\u00e4, edist\u00e4\u00e4 kierr\u00e4tyst\u00e4 ja pakkausten uudelleenk\u00e4ytt\u00f6\u00e4. Asetusta sovelletaan 12. p\u00e4iv\u00e4st\u00e4 elokuuta 2026, ja samalla kumotaan nykyinen pakkaus- ja pakkausj\u00e4tedirektiivi. Tietyille velvoitteille on asetuksessa kuitenkin s\u00e4\u00e4detty siirtym\u00e4aikoja. Asetus edellytt\u00e4\u00e4, ett\u00e4 j\u00e4senmaissa syntyy 5 prosenttia v\u00e4hemm\u00e4n pakkausj\u00e4tett\u00e4 henke\u00e4 kohti vuonna 2030, 10 prosenttia v\u00e4hemm\u00e4n 2035 ja 15 prosenttia v\u00e4hemm\u00e4n vuonna 2040 verrattuna vuoden 2018 tasoon. Asetus asettaa j\u00e4senmaille my\u00f6s sitovan tavoitteen muovikassien v\u00e4hent\u00e4miseksi. Niiden kulutus saisi olla vuodesta 2025 l\u00e4htien korkeintaan 40 kappaletta asukasta kohti vuodessa.<\/p>\n<p>Pakkaukset tulisi suunnitella painoltaan ja tilavuudeltaan mahdollisimman pieniksi. Niiss\u00e4 ei esimerkiksi saisi olla kaksoisseini\u00e4 tai valepohjia tai muita ominaisuuksia, joiden tarkoituksena on ainoastaan saada tuote n\u00e4ytt\u00e4m\u00e4\u00e4n suuremmalta.<\/p>\n<p>Asetus kielt\u00e4\u00e4 tiettyjen kertak\u00e4ytt\u00f6isten muovipakkausten k\u00e4yt\u00f6n. Kiellettyj\u00e4 pakkauksia ovat tietyin poikkeuksin kertak\u00e4ytt\u00f6iset muovipakkaukset, joita k\u00e4ytet\u00e4\u00e4n tuoreiden hedelmien ja vihannesten (alle 1,5 kg) pakkaamisessa sek\u00e4 majoitus- ja ravintola-alan omissa tiloissa k\u00e4ytett\u00e4v\u00e4t elintarvike- ja juomapakkaukset. My\u00f6s eritt\u00e4in kevyet muoviset kantokassit ovat kiellettyj\u00e4 lukuun ottamatta kasseja, joita tarvitaan hygieniasyist\u00e4 tai joita k\u00e4ytet\u00e4\u00e4n irtomyynniss\u00e4 silloin, kun niiden k\u00e4ytt\u00f6 ehk\u00e4isee elintarvikkeiden k\u00e4ytt\u00f6\u00e4. Komissio julkaisee viimeist\u00e4\u00e4n kahden vuoden kuluttua ohjeet, joilla tarkennetaan, mit\u00e4 pakkauksia kiellot ja poikkeukset koskevat.<\/p>\n<p>Kierr\u00e4tyksen edist\u00e4miseksi edellytet\u00e4\u00e4n, ett\u00e4 kaikkien pakkausten tulee olla kierr\u00e4tett\u00e4vi\u00e4 viimeist\u00e4\u00e4n vuonna 2030. Pakkaukset ja j\u00e4teastiat pit\u00e4\u00e4 lis\u00e4ksi merkit\u00e4 viimeist\u00e4\u00e4n 3,5 vuoden kuluttua lajittelun helpottamiseksi. Muovipakkauksissa on k\u00e4ytett\u00e4v\u00e4 tietty v\u00e4himm\u00e4isosuus kierr\u00e4tetty\u00e4 muovia vuodesta 2030 alkaen. Kaikille pakkausmateriaaleille on asetettu my\u00f6s kunnianhimoiset kierr\u00e4tystavoitteet.<\/p>\n<p>Lue uudelleenk\u00e4ytt\u00f6tavoitteiden asettamisesta <em><strong><a rel=\"noopener\" href=\"https:\/\/ym.fi\/-\/eu-n-pakkaus-ja-pakkausjateasetus-pian-voimaan\">t\u00e4\u00e4lt\u00e4!<\/a><\/strong><\/em><\/p>\n<p>L\u00e4hde: <a rel=\"noopener\" href=\"https:\/\/ym.fi\/-\/eu-n-pakkaus-ja-pakkausjateasetus-pian-voimaan\">Ymp\u00e4rist\u00f6ministeri\u00f6<\/a><\/p>\n<\/div>\n<p>The post <a rel=\"noopener\" href=\"https:\/\/vastuullisuusuutiset.fi\/fi\/ymparistouutiset-fi\/eun-pakkaus-ja-pakkausjateasetus-pian-voimaan\/\">EU:n pakkaus- ja pakkausj\u00e4teasetus pian voimaan<\/a> appeared first on <a rel=\"noopener\" href=\"https:\/\/vastuullisuusuutiset.fi\/fi\">Vastuullisuusuutiset.fi<\/a>.<\/p>\n","protected":false},"author":1,"featured_media":0,"comment_status":"closed","ping_status":"closed","sticky":false,"template":"","format":"standard","meta":{"_jetpack_memberships_contains_paid_content":false,"footnotes":""},"categories":[21],"tags":[274,3604,1977,7593,3733,857,629,630],"class_list":["post-136842","post","type-post","status-publish","format-standard","hentry","category-uutiset","tag-eu","tag-jatteet","tag-muovi","tag-pakkaukset","tag-uudelleenkaytto","tag-ymparistoministerio","tag-ymparistouutiset-fi","tag-ymparistouutiset_viikkokatsaus"],"jetpack_featured_media_url":"","jetpack_sharing_enabled":true,"_links":{"self":[{"href":"https:\/\/tietopankki.crnet.fi\/fi\/wp-json\/wp\/v2\/posts\/136842","targetHints":{"allow":["GET"]}}],"collection":[{"href":"https:\/\/tietopankki.crnet.fi\/fi\/wp-json\/wp\/v2\/posts"}],"about":[{"href":"https:\/\/tietopankki.crnet.fi\/fi\/wp-json\/wp\/v2\/types\/post"}],"author":[{"embeddable":true,"href":"https:\/\/tietopankki.crnet.fi\/fi\/wp-json\/wp\/v2\/users\/1"}],"replies":[{"embeddable":true,"href":"https:\/\/tietopankki.crnet.fi\/fi\/wp-json\/wp\/v2\/comments?post=136842"}],"version-history":[{"count":0,"href":"https:\/\/tietopankki.crnet.fi\/fi\/wp-json\/wp\/v2\/posts\/136842\/revisions"}],"wp:attachment":[{"href":"https:\/\/tietopankki.crnet.fi\/fi\/wp-json\/wp\/v2\/media?parent=136842"}],"wp:term":[{"taxonomy":"category","embeddable":true,"href":"https:\/\/tietopankki.crnet.fi\/fi\/wp-json\/wp\/v2\/categories?post=136842"},{"taxonomy":"post_tag","embeddable":true,"href":"https:\/\/tietopankki.crnet.fi\/fi\/wp-json\/wp\/v2\/tags?post=136842"}],"curies":[{"name":"wp","href":"https:\/\/api.w.org\/{rel}","templated":true}]}}