{"id":137123,"date":"2025-01-30T09:55:32","date_gmt":"2025-01-30T07:55:32","guid":{"rendered":"https:\/\/tietopankki.crnet.fi\/fi\/uutiset\/vihrea-siirtyma-uhkaa-saamelaisten-perinteisia-elinkeinoja-lainsaadanto-laahaa-perassa\/"},"modified":"2025-01-30T09:55:32","modified_gmt":"2025-01-30T07:55:32","slug":"vihrea-siirtyma-uhkaa-saamelaisten-perinteisia-elinkeinoja-lainsaadanto-laahaa-perassa","status":"publish","type":"post","link":"https:\/\/tietopankki.crnet.fi\/fi\/uutiset\/vihrea-siirtyma-uhkaa-saamelaisten-perinteisia-elinkeinoja-lainsaadanto-laahaa-perassa\/","title":{"rendered":"Vihre\u00e4 siirtym\u00e4 uhkaa saamelaisten perinteisi\u00e4 elinkeinoja \u2013 lains\u00e4\u00e4d\u00e4nt\u00f6 laahaa per\u00e4ss\u00e4"},"content":{"rendered":"<div class=\"mp_wrapper\">\n  <div class=\"mepr-unauthorized-message\">\n    <p>You are unauthorized to view this page.<\/p>\n  <\/div>\n  <div class=\"mepr-login-form-wrap\">\n            \n<div class=\"mp_wrapper mp_login_form\">\n                  <!-- mp-login-form-start -->     <form name=\"mepr_loginform\" id=\"mepr_loginform\" class=\"mepr-form\" action=\"https:\/\/tietopankki.crnet.fi\/fi\/login-2\/\" method=\"post\">\n            <div class=\"mp-form-row mepr_username\">\n        <div class=\"mp-form-label\">\n                              <label for=\"user_login\">Username<\/label>\n        <\/div>\n        <input type=\"text\" name=\"log\" id=\"user_login\" value=\"\" \/>\n      <\/div>\n      <div class=\"mp-form-row mepr_password\">\n        <div class=\"mp-form-label\">\n          <label for=\"user_pass\">Password<\/label>\n          <div class=\"mp-hide-pw\">\n            <input type=\"password\" name=\"pwd\" id=\"user_pass\" value=\"\" \/>\n            <button type=\"button\" class=\"button mp-hide-pw hide-if-no-js\" data-toggle=\"0\" aria-label=\"Show password\">\n              <span class=\"dashicons dashicons-visibility\" aria-hidden=\"true\"><\/span>\n            <\/button>\n          <\/div>\n        <\/div>\n      <\/div>\n            <div>\n        <label><input name=\"rememberme\" type=\"checkbox\" id=\"rememberme\" value=\"forever\" \/> Remember Me<\/label>\n      <\/div>\n      <div class=\"mp-spacer\">&nbsp;<\/div>\n      <div class=\"submit\">\n        <input type=\"submit\" name=\"wp-submit\" id=\"wp-submit\" class=\"button-primary mepr-share-button \" value=\"Log In\" \/>\n        <input type=\"hidden\" name=\"redirect_to\" value=\"\/fi\/wp-json\/wp\/v2\/posts\/137123\" \/>\n        <input type=\"hidden\" name=\"mepr_process_login_form\" value=\"true\" \/>\n        <input type=\"hidden\" name=\"mepr_is_login_page\" value=\"false\" \/>\n      <\/div>\n    <\/form>\n    <div class=\"mp-spacer\">&nbsp;<\/div>\n    <div class=\"mepr-login-actions\">\n        <a\n          href=\"https:\/\/tietopankki.crnet.fi\/fi\/login-2\/?action=forgot_password\"\n          title=\"Click here to reset your password\"\n        >\n          Forgot Password        <\/a>\n    <\/div>\n\n      \n    <!-- mp-login-form-end --> \n  <\/div>\n      <\/div>\n<\/div>\n","protected":false},"excerpt":{"rendered":"<div class=\"smart_content_wrapper\">\nPohjoismaiden lains\u00e4\u00e4d\u00e4nn\u00f6t eiv\u00e4t turvaa saamelaisille alkuper\u00e4iskansana kuuluvia oikeuksia vihre\u00e4n siirtym\u00e4n hankkeissa kansainv\u00e4listen ihmisoikeusnormien mukaisesti. T\u00e4m\u00e4 k\u00e4y ilmi Amnesty Internationalin Suomen, Ruotsin ja Norjan osastojen sek\u00e4 Saamelaisneuvoston tuoreesta tutkimuksesta. Raportin mukaan puutteita on erityisesti velvoitteessa neuvotella ja hankkia saamelaisilta YK:n kansainv\u00e4listen yleissopimusten mukainen ennakkosuostumus (FPIC). Amnestyn Suomen osaston ilmasto- ja ymp\u00e4rist\u00f6asiantuntija Elina Mikolan mukaan alkuper\u00e4iskansojen oikeuksia koskeva kansainv\u00e4linen oikeus on kehittynyt huomattavasti viime vuosikymmenin\u00e4, mutta kansallinen lains\u00e4\u00e4d\u00e4nt\u00f6 ei ole pysynyt kehityksess\u00e4 mukana. &#8221;Saamelaisille kansainv\u00e4lisess\u00e4 oikeudessa taattu ennakkosuostumuksen periaate ei toteudu. Eli isoille maank\u00e4ytt\u00f6hankkeille ei haeta ja saada saamelaisten ennakkosuostumusta ja he eiv\u00e4t p\u00e4\u00e4se itse vaikuttamaan omien maidensa k\u00e4yt\u00f6st\u00e4&#8221;, sanoo Mikola.<\/p>\n<p>Ilmastonmuutoksen vaikutukset n\u00e4kyv\u00e4t jo nyt arktisilla alueilla. Suomessa, Ruotsissa ja Norjassa ilmastokriisi on tuonut uusia uhkia saamelaisille luontaiselinkeinoille maank\u00e4ytt\u00f6hankkeiden kautta. Hankkeet voivat olla tuhoisia, jos ne toteutetaan esimerkiksi poronhoidolle t\u00e4rke\u00e4ll\u00e4 alueella. Saamelaisneuvoston puheenjohtaja Per-Olof Nutti sanoo, ett\u00e4 liian usein vihre\u00e4 siirtym\u00e4 esitet\u00e4\u00e4n yleist\u00e4 etua palvelevana ratkaisuna. &#8221;Alkuper\u00e4iskansojen n\u00e4k\u00f6kulmasta siit\u00e4 saattaa muodostua vain uusi veruke hyv\u00e4ksik\u00e4yt\u00f6lle. Saamelaisneuvosto tukee t\u00e4ysin ilmastoratkaisuja, mutta ne on toteutettava tavalla, joka kunnioittaa ja turvaa saamelaisten tulevaisuutta&#8221;, toteaa Nutti Saamelaisneuvoston ja Amnestyn tiedotteessa.<\/p>\n<p>Saamelaiset joutuvat kilpailemaan maank\u00e4yt\u00f6st\u00e4 muun muassa malminetsinn\u00e4n, kaivosten ja tuulivoiman kanssa. Kriittisten raaka-aineiden kasvava kysynt\u00e4 n\u00e4kyy kaikkialla Saamenmaalla, mutta erityisesti Ruotsissa. &#8221;Siell\u00e4 on oikeastaan kaivosbuumi kriittisten raaka-aineiden ymp\u00e4rill\u00e4. Useimmat n\u00e4ist\u00e4 uusista kaivoksista on suunniteltu saamelaisten perinteisille poronhoitoalueille&#8221;, kertoo Mikola. Suomessa saamelaisten kotiseutualueella kaivoksia ei ole, mutta energiasiirtym\u00e4lle kriittisten raaka-aineiden tarve on lis\u00e4nnyt kiinnostusta malminetsint\u00e4\u00e4n ja tuulivoiman kehitt\u00e4miseen. Norjassa keski\u00f6ss\u00e4 ovat olleet erityisesti tuulivoimapuistot, joita on suunniteltu ja perustettu useiden paliskuntien alueille.<\/p>\n<p>Tutkimuksen mukaan yksik\u00e4\u00e4n valtio ei takaa riitt\u00e4vi\u00e4 resursseja saamelaisten edustajille, jotta he voisivat osallistua hankkeita koskeviin neuvotteluihin tehokkaasti. Lis\u00e4ksi viranomaisten heikko ymm\u00e4rrys saamelaiskulttuurista vaikeuttaa saamelaisten oikeuksien toteutumista. Saamelaisyhteis\u00f6t joutuvatkin puolustamaan kulttuuriaan ja elinkeinojaan valittamalla tuomioistuimiin tai kansainv\u00e4lisiin ihmisoikeuselimiin, koska kansallinen lains\u00e4\u00e4d\u00e4nt\u00f6 ei turvaa heid\u00e4n oikeuksiaan. Useimmiten kulut maksetaan omasta pussista. Jatkuva ep\u00e4varmuus vaikuttaa negatiivisesti saamelaisten terveyteen ja hyvinvointiin, selvi\u00e4\u00e4 tutkimuksesta.<\/p>\n<p>Amnesty ja Saamelaisneuvosto antavat raportissaan useita suosituksia Suomelle, Norjalle ja Ruotsille. Kaikkien kolmen valtion on suositusten mukaan kehitett\u00e4v\u00e4 lains\u00e4\u00e4d\u00e4nt\u00f6\u00e4\u00e4n ennakkosuostumusta koskevien kansainv\u00e4listen normien mukaisesti. Valtioiden t\u00e4ytyy raportin mukaan varmistaa, ett\u00e4 laajamittaisia maank\u00e4ytt\u00f6hankkeita ei suunnitella tai toteuteta saamelaisten perinteisill\u00e4 alueilla ilman saamelaisten edustajilta saatua ennakkosuostumusta. Raportissa my\u00f6s korostetaan, ett\u00e4 valtioiden t\u00e4ytyy irrottautua nopeasti ja ihmisoikeuksia kunnioittaen fossiilisista polttoaineista. Saamelaisneuvosto ja Amnesty my\u00f6s suosittavat, ett\u00e4 Suomen hallitus viimein uudistaa saamelaisk\u00e4r\u00e4j\u00e4lain, ratifioi alkuper\u00e4iskansoja koskevan ILO 169 -sopimuksen ja kehitt\u00e4\u00e4 kaivoslains\u00e4\u00e4d\u00e4nt\u00f6\u00e4 saamelaisten oikeuksien turvaamiseksi. Saamelaisneuvoston ja Amnestyn raportti perustuu laajaan tutkimukseen, jossa on tarkasteltu Norjan, Ruotsin ja Suomen lains\u00e4\u00e4d\u00e4nt\u00f6\u00e4 ja politiikkatoimia. Kyseess\u00e4 on Amnesty Internationalin ensimm\u00e4inen tutkimusraportti, jossa on tutkittu saamelaisiin kohdistuvia ihmisoikeusloukkauksia Pohjoismaissa.<\/p>\n<p>L\u00e4hde: <a rel=\"noopener\" href=\"https:\/\/yle.fi\/a\/74-20140045\">Yle<\/a><\/p>\n<\/div>\n<p>The post <a rel=\"noopener\" href=\"https:\/\/vastuullisuusuutiset.fi\/fi\/vau-viikkokatsaus\/vihrea-siirtyma-uhkaa-saamelaisten-perinteisia-elinkeinoja-lainsaadanto-laahaa-perassa\/\">Vihre\u00e4 siirtym\u00e4 uhkaa saamelaisten perinteisi\u00e4 elinkeinoja \u2013 lains\u00e4\u00e4d\u00e4nt\u00f6 laahaa per\u00e4ss\u00e4<\/a> appeared first on <a rel=\"noopener\" href=\"https:\/\/vastuullisuusuutiset.fi\/fi\">Vastuullisuusuutiset.fi<\/a>.<\/p>\n","protected":false},"author":1,"featured_media":0,"comment_status":"closed","ping_status":"closed","sticky":false,"template":"","format":"standard","meta":{"_jetpack_memberships_contains_paid_content":false,"footnotes":""},"categories":[21],"tags":[],"class_list":["post-137123","post","type-post","status-publish","format-standard","hentry","category-uutiset"],"jetpack_featured_media_url":"","jetpack_sharing_enabled":true,"_links":{"self":[{"href":"https:\/\/tietopankki.crnet.fi\/fi\/wp-json\/wp\/v2\/posts\/137123","targetHints":{"allow":["GET"]}}],"collection":[{"href":"https:\/\/tietopankki.crnet.fi\/fi\/wp-json\/wp\/v2\/posts"}],"about":[{"href":"https:\/\/tietopankki.crnet.fi\/fi\/wp-json\/wp\/v2\/types\/post"}],"author":[{"embeddable":true,"href":"https:\/\/tietopankki.crnet.fi\/fi\/wp-json\/wp\/v2\/users\/1"}],"replies":[{"embeddable":true,"href":"https:\/\/tietopankki.crnet.fi\/fi\/wp-json\/wp\/v2\/comments?post=137123"}],"version-history":[{"count":0,"href":"https:\/\/tietopankki.crnet.fi\/fi\/wp-json\/wp\/v2\/posts\/137123\/revisions"}],"wp:attachment":[{"href":"https:\/\/tietopankki.crnet.fi\/fi\/wp-json\/wp\/v2\/media?parent=137123"}],"wp:term":[{"taxonomy":"category","embeddable":true,"href":"https:\/\/tietopankki.crnet.fi\/fi\/wp-json\/wp\/v2\/categories?post=137123"},{"taxonomy":"post_tag","embeddable":true,"href":"https:\/\/tietopankki.crnet.fi\/fi\/wp-json\/wp\/v2\/tags?post=137123"}],"curies":[{"name":"wp","href":"https:\/\/api.w.org\/{rel}","templated":true}]}}