{"id":137132,"date":"2025-01-30T08:15:41","date_gmt":"2025-01-30T06:15:41","guid":{"rendered":"https:\/\/tietopankki.crnet.fi\/fi\/uutiset\/eu-aikoo-nyt-karsia-yritysten-ilmasto-ja-ymparistosaantelya\/"},"modified":"2025-01-30T08:15:41","modified_gmt":"2025-01-30T06:15:41","slug":"eu-aikoo-nyt-karsia-yritysten-ilmasto-ja-ymparistosaantelya","status":"publish","type":"post","link":"https:\/\/tietopankki.crnet.fi\/fi\/uutiset\/eu-aikoo-nyt-karsia-yritysten-ilmasto-ja-ymparistosaantelya\/","title":{"rendered":"EU aikoo nyt karsia yritysten ilmasto- ja ymp\u00e4rist\u00f6s\u00e4\u00e4ntely\u00e4"},"content":{"rendered":"<div class=\"mp_wrapper\">\n  <div class=\"mepr-unauthorized-message\">\n    <p>You are unauthorized to view this page.<\/p>\n  <\/div>\n  <div class=\"mepr-login-form-wrap\">\n            \n<div class=\"mp_wrapper mp_login_form\">\n                  <!-- mp-login-form-start -->     <form name=\"mepr_loginform\" id=\"mepr_loginform\" class=\"mepr-form\" action=\"https:\/\/tietopankki.crnet.fi\/fi\/login-2\/\" method=\"post\">\n            <div class=\"mp-form-row mepr_username\">\n        <div class=\"mp-form-label\">\n                              <label for=\"user_login\">Username<\/label>\n        <\/div>\n        <input type=\"text\" name=\"log\" id=\"user_login\" value=\"\" \/>\n      <\/div>\n      <div class=\"mp-form-row mepr_password\">\n        <div class=\"mp-form-label\">\n          <label for=\"user_pass\">Password<\/label>\n          <div class=\"mp-hide-pw\">\n            <input type=\"password\" name=\"pwd\" id=\"user_pass\" value=\"\" \/>\n            <button type=\"button\" class=\"button mp-hide-pw hide-if-no-js\" data-toggle=\"0\" aria-label=\"Show password\">\n              <span class=\"dashicons dashicons-visibility\" aria-hidden=\"true\"><\/span>\n            <\/button>\n          <\/div>\n        <\/div>\n      <\/div>\n            <div>\n        <label><input name=\"rememberme\" type=\"checkbox\" id=\"rememberme\" value=\"forever\" \/> Remember Me<\/label>\n      <\/div>\n      <div class=\"mp-spacer\">&nbsp;<\/div>\n      <div class=\"submit\">\n        <input type=\"submit\" name=\"wp-submit\" id=\"wp-submit\" class=\"button-primary mepr-share-button \" value=\"Log In\" \/>\n        <input type=\"hidden\" name=\"redirect_to\" value=\"\/fi\/wp-json\/wp\/v2\/posts\/137132\" \/>\n        <input type=\"hidden\" name=\"mepr_process_login_form\" value=\"true\" \/>\n        <input type=\"hidden\" name=\"mepr_is_login_page\" value=\"false\" \/>\n      <\/div>\n    <\/form>\n    <div class=\"mp-spacer\">&nbsp;<\/div>\n    <div class=\"mepr-login-actions\">\n        <a\n          href=\"https:\/\/tietopankki.crnet.fi\/fi\/login-2\/?action=forgot_password\"\n          title=\"Click here to reset your password\"\n        >\n          Forgot Password        <\/a>\n    <\/div>\n\n      \n    <!-- mp-login-form-end --> \n  <\/div>\n      <\/div>\n<\/div>\n","protected":false},"excerpt":{"rendered":"<div class=\"smart_content_wrapper\">\nKun Yhdysvallat ja Kiina ovat porskuttaneet eteenp\u00e4in, EU on uhannut j\u00e4\u00e4d\u00e4 talousj\u00e4ttien jalkoihin. Euroopan tuottavuus on kasvanut jatkuvasti hitaammin kuin muiden isojen talouksien. Siksi nykyinen EU-komissio on asettanut yhdeksi keskeiseksi tavoitteekseen Euroopan kilpailukyvyn parantamisen. Komissio esitteli keskiviikkona kilpailukykykompassia, joka on komission kuluvan toimikauden ensimm\u00e4inen merkitt\u00e4v\u00e4 aloite ja toimii tiekarttana konkreettisille ehdotuksille.<\/p>\n<p>Komission puheenjohtaja Ursula von der Leyen sanoi lehdist\u00f6tilaisuudessa, ett\u00e4 Euroopalla on paljon vahvuuksia, joita ei ole osattu hy\u00f6dynt\u00e4\u00e4 oikealla tavalla. \u201dViimeisten kahden vuosikymmenen ajan Eurooppa ei ole pysynyt muiden suurten talouksien per\u00e4ss\u00e4, mik\u00e4 johtuu pysyv\u00e4st\u00e4 raosta tuotannon kasvussa. EU on j\u00e4\u00e4nyt Yhdysvaltain taakse korkean tason teknologiassa. Kiina on saanut meid\u00e4t kiinni monella sektorilla ja voittanut kisan monilla kasvualoilla\u201d, von der Leyen sanoi. Von der Leyen nimesi keskeiseksi syyksi Euroopan j\u00e4lkeen j\u00e4\u00e4miselle innovaatioiden puutteen, mink\u00e4 lis\u00e4ksi esimerkiksi korkeat energianhinnat ja s\u00e4\u00e4ntely ovat vaikeuttaneet Euroopan mahdollisuuksia p\u00e4rj\u00e4t\u00e4 tuotannossa. \u201dLiiketoimintamallimme on nojannut erityisesti halpaan kiinalaiseen ty\u00f6voimaan, halpaan ven\u00e4l\u00e4isenergiaan ja turvallisuuden ja turvallisuusinvestointien ulkoistamiseen. Ne p\u00e4iv\u00e4t ovat nyt takana\u201d, h\u00e4n jatkoi.<\/p>\n<p>Osana suunnitelmiaan EU aikoo muun muassa karsia merkitt\u00e4v\u00e4sti yrityksien s\u00e4\u00e4ntely\u00e4 ja hallintoa. Esimerkiksi yritysten ilmasto- ja ymp\u00e4rist\u00f6s\u00e4\u00e4ntely\u00e4 on tarkoitus kevent\u00e4\u00e4. Helmikuussa esitelt\u00e4v\u00e4n niin sanotun omnibus-paketin tarkoituksena on yksinkertaistaa kest\u00e4vyysraportointia, huolellisuusvelvoitteita ja luokitusj\u00e4rjestelm\u00e4\u00e4. EU haluaa my\u00f6s v\u00e4hent\u00e4\u00e4 pieniin ja keskikokoisiin yrityksiin kohdistuvia raportointivelvoitteita 35 prosentilla. Jo etuk\u00e4teen arvioitiin, ett\u00e4 von der Leyen valmistautuu purkamaan t\u00e4ll\u00e4 komissiokaudella suuren m\u00e4\u00e4r\u00e4n ymp\u00e4rist\u00f6s\u00e4\u00e4tely\u00e4, jonka laatimisessa h\u00e4n oli itse viime kaudella keskeisess\u00e4 roolissa. Painetta h\u00f6llennyksiin on tullut paitsi EU-parlamentin suurimmasta poliittisesta ryhm\u00e4st\u00e4 EPP:st\u00e4 ja j\u00e4senmaista my\u00f6s yrityksist\u00e4. Esimerkiksi Ranska on vaatinut, ett\u00e4 yritysten ilmastovelvoitteita on lyk\u00e4tt\u00e4v\u00e4 kilpailukyvyn parantamiseksi.<\/p>\n<p>Ymp\u00e4rist\u00f6toimijat ovat taas olleet huolissaan s\u00e4\u00e4ntelyn purkamisesta. Ymp\u00e4rist\u00f6j\u00e4rjest\u00f6jen maailmanlaajuista verkostoa edustava Climate Action Network (CAN) Europe arvioi keskiviikkona, ett\u00e4 komissio tekee vaarallisen virheen esitt\u00e4m\u00e4ll\u00e4 s\u00e4\u00e4ntelyn yhdeksi kilpailukyvyn ensisijaisista esteist\u00e4. \u201dYrityksi\u00e4 eiv\u00e4t jarruta ihmisi\u00e4, ilmastoa ja ymp\u00e4rist\u00f6\u00e4 suojelevat s\u00e4\u00e4nn\u00f6t vaan pikemminkin investointien puute ja korkeat energianhinnat, jotka johtuvat EU:n riippuvuudesta fossiilisesta kaasusta.\u201d, j\u00e4rjest\u00f6 sanoo. J\u00e4rjest\u00f6 my\u00f6s moitti komissiota siit\u00e4, ett\u00e4 vaikka se on sanonut olevansa sitoutunut ilmastoneutraaliuden saavuttamiseen, se ep\u00e4onnistuu piirt\u00e4m\u00e4\u00e4n selke\u00e4\u00e4 suuntaa teollisuuspolitiikalle, joka vauhdittaisi siirtymist\u00e4 nettonollatalouteen ja t\u00e4ysin uusiutuvaan energiaj\u00e4rjestelm\u00e4\u00e4n \u2013 todellisiin kilpailukyvyn ajureihin. CAN Europen verouudistuspolitiikan koordinaattori Isabelle Brachet sanoi tiedotteessa, ett\u00e4 EU ja j\u00e4senvaltiot eiv\u00e4t voi jakaa julkisia varoja yrityksille, jotka tekev\u00e4t voittoa antamatta mit\u00e4\u00e4n vastineeksi. \u201dJulkisten varojen saamiseen on liitytt\u00e4v\u00e4 vastuu tuottaa my\u00f6nteisi\u00e4 vaikutuksia ilmastolle, ymp\u00e4rist\u00f6lle, ty\u00f6ntekij\u00f6ille ja koko yhteiskunnalle. Lis\u00e4ksi tuleva omnibus-lains\u00e4\u00e4d\u00e4nt\u00f6, joka heikent\u00e4\u00e4 yritysvastuuta, on t\u00e4ysin mahdoton hyv\u00e4ksy\u00e4\u201d, h\u00e4n sanoi.<\/p>\n<p>Suomen Yritt\u00e4j\u00e4t kertoi keskiviikkona pit\u00e4v\u00e4ns\u00e4 EU:sta tulevan s\u00e4\u00e4ntelytaakan yksinkertaistamista ja kevent\u00e4mist\u00e4 \u00e4\u00e4rimm\u00e4isen t\u00e4rke\u00e4n\u00e4 tavoitteena pk-yritysten toimintaedellytysten parantamiselle. Yritt\u00e4jien mukaan kompassin viisarit on viritetty nyt oikeaan suuntaan. \u201dMik\u00e4li s\u00e4\u00e4ntelytaakan kevent\u00e4misess\u00e4 ja virtaviivaistamisessa ei t\u00e4ll\u00e4 toimikaudella onnistuta, on EU:n uskottavuus yritt\u00e4jien ja yritysten silmiss\u00e4 vaarassa. Paremman EU-s\u00e4\u00e4ntelyn tulokset t\u00e4ytyy tuntua konkreettisina kevennyksin\u00e4 yritysten arjessa. Siksi kunnianhimon taso on oltava korkealla\u201d, Suomen Yritt\u00e4jien ja Euroopan pk-yritysj\u00e4rjest\u00f6n SMEunitedin puheenjohtaja Petri Salminen sanoi tiedotteessa. Salmisen mukaan s\u00e4\u00e4ntelytaakan kevent\u00e4minen ei saa j\u00e4tt\u00e4\u00e4 varjoonsa tarvetta parantaa EU-s\u00e4\u00e4d\u00f6svalmistelun laatua. \u201dLains\u00e4\u00e4t\u00e4jill\u00e4 on harvoin huonoja tavoitteita, mutta toimenpiteiss\u00e4 unohtuu liian usein yritysten ja yritt\u00e4jien todellisuus\u201d, Salminen summasi. Suomen Yritt\u00e4jien mukaan raportointivelvollisuuksia tulee asettaa vain poikkeuksellisesti ja rajatulle joukolle yrityksi\u00e4. \u201dEU:n yleinen tietosuoja-asetus on hyv\u00e4 esimerkki s\u00e4\u00e4ntelyst\u00e4, jolla on sin\u00e4ll\u00e4\u00e4n hyv\u00e4 tavoite, mutta toteuttamisessa on unohdettu yritysten realiteetit\u201d, sanoi Salminen.<\/p>\n<p>L\u00e4hde: <a rel=\"noopener\" href=\"https:\/\/www.maaseuduntulevaisuus.fi\/uutiset\/bf3aa403-c325-40f2-99a2-e8369cfec9e0\">MT<\/a><\/p>\n<\/div>\n<p>The post <a rel=\"noopener\" href=\"https:\/\/vastuullisuusuutiset.fi\/fi\/ymparistouutiset-viikkokatsaus\/eu-aikoo-nyt-karsia-yritysten-ilmasto-ja-ymparistosaantelya\/\">EU aikoo nyt karsia yritysten ilmasto- ja ymp\u00e4rist\u00f6s\u00e4\u00e4ntely\u00e4<\/a> appeared first on <a rel=\"noopener\" href=\"https:\/\/vastuullisuusuutiset.fi\/fi\">Vastuullisuusuutiset.fi<\/a>.<\/p>\n","protected":false},"author":1,"featured_media":0,"comment_status":"closed","ping_status":"closed","sticky":false,"template":"","format":"standard","meta":{"_jetpack_memberships_contains_paid_content":false,"footnotes":""},"categories":[21],"tags":[274,286,7326,6409,269,629,630],"class_list":["post-137132","post","type-post","status-publish","format-standard","hentry","category-uutiset","tag-eu","tag-ilmasto","tag-politiikka","tag-saantely","tag-ymparisto","tag-ymparistouutiset-fi","tag-ymparistouutiset_viikkokatsaus"],"jetpack_featured_media_url":"","jetpack_sharing_enabled":true,"_links":{"self":[{"href":"https:\/\/tietopankki.crnet.fi\/fi\/wp-json\/wp\/v2\/posts\/137132","targetHints":{"allow":["GET"]}}],"collection":[{"href":"https:\/\/tietopankki.crnet.fi\/fi\/wp-json\/wp\/v2\/posts"}],"about":[{"href":"https:\/\/tietopankki.crnet.fi\/fi\/wp-json\/wp\/v2\/types\/post"}],"author":[{"embeddable":true,"href":"https:\/\/tietopankki.crnet.fi\/fi\/wp-json\/wp\/v2\/users\/1"}],"replies":[{"embeddable":true,"href":"https:\/\/tietopankki.crnet.fi\/fi\/wp-json\/wp\/v2\/comments?post=137132"}],"version-history":[{"count":0,"href":"https:\/\/tietopankki.crnet.fi\/fi\/wp-json\/wp\/v2\/posts\/137132\/revisions"}],"wp:attachment":[{"href":"https:\/\/tietopankki.crnet.fi\/fi\/wp-json\/wp\/v2\/media?parent=137132"}],"wp:term":[{"taxonomy":"category","embeddable":true,"href":"https:\/\/tietopankki.crnet.fi\/fi\/wp-json\/wp\/v2\/categories?post=137132"},{"taxonomy":"post_tag","embeddable":true,"href":"https:\/\/tietopankki.crnet.fi\/fi\/wp-json\/wp\/v2\/tags?post=137132"}],"curies":[{"name":"wp","href":"https:\/\/api.w.org\/{rel}","templated":true}]}}