{"id":137555,"date":"2025-02-17T08:20:04","date_gmt":"2025-02-17T06:20:04","guid":{"rendered":"https:\/\/tietopankki.crnet.fi\/fi\/uutiset\/mtk-vaati-ilmastolain-avaamista-tyrmistynyt-vastaus-vihreilta-ja-suomen-luonnonsuojeluliitolta\/"},"modified":"2025-02-17T08:20:04","modified_gmt":"2025-02-17T06:20:04","slug":"mtk-vaati-ilmastolain-avaamista-tyrmistynyt-vastaus-vihreilta-ja-suomen-luonnonsuojeluliitolta","status":"publish","type":"post","link":"https:\/\/tietopankki.crnet.fi\/fi\/uutiset\/mtk-vaati-ilmastolain-avaamista-tyrmistynyt-vastaus-vihreilta-ja-suomen-luonnonsuojeluliitolta\/","title":{"rendered":"MTK vaati ilmastolain avaamista \u2013 Tyrmistynyt vastaus vihreilt\u00e4 ja Suomen luonnon\u00adsuojelu\u00adliitolta"},"content":{"rendered":"<div class=\"mp_wrapper\">\n  <div class=\"mepr-unauthorized-message\">\n    <p>You are unauthorized to view this page.<\/p>\n  <\/div>\n  <div class=\"mepr-login-form-wrap\">\n            \n<div class=\"mp_wrapper mp_login_form\">\n                  <!-- mp-login-form-start -->     <form name=\"mepr_loginform\" id=\"mepr_loginform\" class=\"mepr-form\" action=\"https:\/\/tietopankki.crnet.fi\/fi\/login-2\/\" method=\"post\">\n            <div class=\"mp-form-row mepr_username\">\n        <div class=\"mp-form-label\">\n                              <label for=\"user_login\">Username<\/label>\n        <\/div>\n        <input type=\"text\" name=\"log\" id=\"user_login\" value=\"\" \/>\n      <\/div>\n      <div class=\"mp-form-row mepr_password\">\n        <div class=\"mp-form-label\">\n          <label for=\"user_pass\">Password<\/label>\n          <div class=\"mp-hide-pw\">\n            <input type=\"password\" name=\"pwd\" id=\"user_pass\" value=\"\" \/>\n            <button type=\"button\" class=\"button mp-hide-pw hide-if-no-js\" data-toggle=\"0\" aria-label=\"Show password\">\n              <span class=\"dashicons dashicons-visibility\" aria-hidden=\"true\"><\/span>\n            <\/button>\n          <\/div>\n        <\/div>\n      <\/div>\n            <div>\n        <label><input name=\"rememberme\" type=\"checkbox\" id=\"rememberme\" value=\"forever\" \/> Remember Me<\/label>\n      <\/div>\n      <div class=\"mp-spacer\">&nbsp;<\/div>\n      <div class=\"submit\">\n        <input type=\"submit\" name=\"wp-submit\" id=\"wp-submit\" class=\"button-primary mepr-share-button \" value=\"Log In\" \/>\n        <input type=\"hidden\" name=\"redirect_to\" value=\"\/fi\/wp-json\/wp\/v2\/posts\/137555\" \/>\n        <input type=\"hidden\" name=\"mepr_process_login_form\" value=\"true\" \/>\n        <input type=\"hidden\" name=\"mepr_is_login_page\" value=\"false\" \/>\n      <\/div>\n    <\/form>\n    <div class=\"mp-spacer\">&nbsp;<\/div>\n    <div class=\"mepr-login-actions\">\n        <a\n          href=\"https:\/\/tietopankki.crnet.fi\/fi\/login-2\/?action=forgot_password\"\n          title=\"Click here to reset your password\"\n        >\n          Forgot Password        <\/a>\n    <\/div>\n\n      \n    <!-- mp-login-form-end --> \n  <\/div>\n      <\/div>\n<\/div>\n","protected":false},"excerpt":{"rendered":"<div class=\"smart_content_wrapper\">\n<p>Maa- ja mets\u00e4taloustuottajien keskusj\u00e4rjest\u00f6n MTK:n puheenjohtaja Juha Marttila vaati perjantaina HS:n haastattelussa ilmastolain avaamista. H\u00e4nen mielest\u00e4\u00e4n hiilinielujen korostaminen on osoittautunut virheeksi. H\u00e4n perustelee muutoksen tarvetta sill\u00e4, ett\u00e4 \u201dtilannekuva nieluista on muuttunut nopeasti\u201d.<\/p>\n<p>Marttila ehdottaa, ett\u00e4 maank\u00e4ytt\u00f6sektori eli metsien ja peltojen osuus pudotettaisiin ilmastolaista ja niiden sijaan keskitytt\u00e4isiin p\u00e4\u00e4st\u00f6v\u00e4hennyksiin. H\u00e4n sanoi k\u00e4sityksens\u00e4 olevan, ett\u00e4 \u201dtiedeyhteis\u00f6ss\u00e4 enemmist\u00f6n mielipide on, ett\u00e4 t\u00e4ss\u00e4 tilanteessa kansallisista tavoitteista on parasta tiputtaa maank\u00e4ytt\u00f6sektori kokonaan pois\u201d.<\/p>\n<p>Alkuvuodesta on k\u00e4yty vilkasta keskustelua siit\u00e4, ett\u00e4 Ruotsissa mets\u00e4t lasketaan hiilinieluksi, mutta Suomessa ne on todettu nyt p\u00e4\u00e4st\u00f6l\u00e4hteeksi. Viime hallitus p\u00e4ivitti ilmastolakia. Lakiin kirjattiin, ett\u00e4 Suomi on hiilineutraali vuonna 2035. Vihreiden kansanedustaja Krista Mikkonen pit\u00e4\u00e4 Marttilan ajatusta kest\u00e4m\u00e4tt\u00f6m\u00e4n\u00e4.<\/p>\n<p>\u201dMaanviljelij\u00e4t ja mets\u00e4nomistajat ovat avainasemassa luontaisten nielujen lis\u00e4\u00e4misess\u00e4. Luulisi, ett\u00e4 heid\u00e4n etuj\u00e4rjest\u00f6ns\u00e4 pomo olisi kiinnostunut luomaan j\u00e4senilleen uudenlaisia ansaintamuotoja hiilensidonnan my\u00f6t\u00e4\u201d, Mikkonen ihmetteli l\u00e4hett\u00e4m\u00e4ss\u00e4\u00e4n tiedotteessa. Mikkosen mukaan hiilensidonnan vahvistaminen on my\u00f6s huomattavasti kustannustehokkaampaa kuin monet lis\u00e4p\u00e4\u00e4st\u00f6v\u00e4hennyksiin t\u00e4ht\u00e4\u00e4v\u00e4t toimet.<\/p>\n<p>My\u00f6s Suomen luonnonsuojeluliitto arvosteli Marttilan n\u00e4kemyksi\u00e4. \u201dTiedeyhteis\u00f6n enemmist\u00f6n ei ole miss\u00e4\u00e4n havaittu suosittelevan Suomelle tai millek\u00e4\u00e4n maalle ilmastotavoitteista lipsumista saati maank\u00e4ytt\u00f6sektorin hiilinielujen tiputtamista pois keinovalikoimasta. MTK:n puheenjohtaja Marttilan v\u00e4ite on t\u00e4ysin absurdi\u201d, Suomen luonnonsuojeluliiton puheenjohtaja Hanna Halmeenp\u00e4\u00e4 puolestaan ilmoitti.<\/p>\n<p>L\u00e4hde:<a rel=\"noopener\" href=\"https:\/\/www.hs.fi\/politiikka\/art-2000011035978.html\">HS<\/a><\/p>\n<\/div>\n<p>The post <a rel=\"noopener\" href=\"https:\/\/vastuullisuusuutiset.fi\/fi\/ymparistouutiset-fi\/mtk-vaati-ilmastolain-avaamista-tyrmistynyt-vastaus-vihreilta-ja-suomen-luonnonsuojeluliitolta\/\">MTK vaati ilmastolain avaamista \u2013 Tyrmistynyt vastaus vihreilt\u00e4 ja Suomen luonnon\u00adsuojelu\u00adliitolta<\/a> appeared first on <a rel=\"noopener\" href=\"https:\/\/vastuullisuusuutiset.fi\/fi\">Vastuullisuusuutiset.fi<\/a>.<\/p>\n","protected":false},"author":1,"featured_media":0,"comment_status":"closed","ping_status":"closed","sticky":false,"template":"","format":"standard","meta":{"_jetpack_memberships_contains_paid_content":false,"footnotes":""},"categories":[21],"tags":[17976,629,630],"class_list":["post-137555","post","type-post","status-publish","format-standard","hentry","category-uutiset","tag-mtk-vaati-ilmastolain-avaamista","tag-ymparistouutiset-fi","tag-ymparistouutiset_viikkokatsaus"],"jetpack_featured_media_url":"","jetpack_sharing_enabled":true,"_links":{"self":[{"href":"https:\/\/tietopankki.crnet.fi\/fi\/wp-json\/wp\/v2\/posts\/137555","targetHints":{"allow":["GET"]}}],"collection":[{"href":"https:\/\/tietopankki.crnet.fi\/fi\/wp-json\/wp\/v2\/posts"}],"about":[{"href":"https:\/\/tietopankki.crnet.fi\/fi\/wp-json\/wp\/v2\/types\/post"}],"author":[{"embeddable":true,"href":"https:\/\/tietopankki.crnet.fi\/fi\/wp-json\/wp\/v2\/users\/1"}],"replies":[{"embeddable":true,"href":"https:\/\/tietopankki.crnet.fi\/fi\/wp-json\/wp\/v2\/comments?post=137555"}],"version-history":[{"count":0,"href":"https:\/\/tietopankki.crnet.fi\/fi\/wp-json\/wp\/v2\/posts\/137555\/revisions"}],"wp:attachment":[{"href":"https:\/\/tietopankki.crnet.fi\/fi\/wp-json\/wp\/v2\/media?parent=137555"}],"wp:term":[{"taxonomy":"category","embeddable":true,"href":"https:\/\/tietopankki.crnet.fi\/fi\/wp-json\/wp\/v2\/categories?post=137555"},{"taxonomy":"post_tag","embeddable":true,"href":"https:\/\/tietopankki.crnet.fi\/fi\/wp-json\/wp\/v2\/tags?post=137555"}],"curies":[{"name":"wp","href":"https:\/\/api.w.org\/{rel}","templated":true}]}}