{"id":140347,"date":"2025-06-03T07:30:57","date_gmt":"2025-06-03T04:30:57","guid":{"rendered":"https:\/\/tietopankki.crnet.fi\/fi\/yleinen\/eu-trade-chief-to-meet-us-counterpart-in-paris-amid-increased-tariff-tensions\/"},"modified":"2025-06-03T07:30:57","modified_gmt":"2025-06-03T04:30:57","slug":"eu-trade-chief-to-meet-us-counterpart-in-paris-amid-increased-tariff-tensions","status":"publish","type":"post","link":"https:\/\/tietopankki.crnet.fi\/fi\/yleinen\/eu-trade-chief-to-meet-us-counterpart-in-paris-amid-increased-tariff-tensions\/","title":{"rendered":"EU trade chief to meet US counterpart in Paris amid increased tariff tensions"},"content":{"rendered":"<div class=\"mp_wrapper\">\n  <div class=\"mepr-unauthorized-message\">\n    <p>You are unauthorized to view this page.<\/p>\n  <\/div>\n  <div class=\"mepr-login-form-wrap\">\n            \n<div class=\"mp_wrapper mp_login_form\">\n                  <!-- mp-login-form-start -->     <form name=\"mepr_loginform\" id=\"mepr_loginform\" class=\"mepr-form\" action=\"https:\/\/tietopankki.crnet.fi\/fi\/login-2\/\" method=\"post\">\n            <div class=\"mp-form-row mepr_username\">\n        <div class=\"mp-form-label\">\n                              <label for=\"user_login\">Username<\/label>\n        <\/div>\n        <input type=\"text\" name=\"log\" id=\"user_login\" value=\"\" \/>\n      <\/div>\n      <div class=\"mp-form-row mepr_password\">\n        <div class=\"mp-form-label\">\n          <label for=\"user_pass\">Password<\/label>\n          <div class=\"mp-hide-pw\">\n            <input type=\"password\" name=\"pwd\" id=\"user_pass\" value=\"\" \/>\n            <button type=\"button\" class=\"button mp-hide-pw hide-if-no-js\" data-toggle=\"0\" aria-label=\"Show password\">\n              <span class=\"dashicons dashicons-visibility\" aria-hidden=\"true\"><\/span>\n            <\/button>\n          <\/div>\n        <\/div>\n      <\/div>\n            <div>\n        <label><input name=\"rememberme\" type=\"checkbox\" id=\"rememberme\" value=\"forever\" \/> Remember Me<\/label>\n      <\/div>\n      <div class=\"mp-spacer\">&nbsp;<\/div>\n      <div class=\"submit\">\n        <input type=\"submit\" name=\"wp-submit\" id=\"wp-submit\" class=\"button-primary mepr-share-button \" value=\"Log In\" \/>\n        <input type=\"hidden\" name=\"redirect_to\" value=\"\/fi\/wp-json\/wp\/v2\/posts\/140347\" \/>\n        <input type=\"hidden\" name=\"mepr_process_login_form\" value=\"true\" \/>\n        <input type=\"hidden\" name=\"mepr_is_login_page\" value=\"false\" \/>\n      <\/div>\n    <\/form>\n    <div class=\"mp-spacer\">&nbsp;<\/div>\n    <div class=\"mepr-login-actions\">\n        <a\n          href=\"https:\/\/tietopankki.crnet.fi\/fi\/login-2\/?action=forgot_password\"\n          title=\"Click here to reset your password\"\n        >\n          Forgot Password        <\/a>\n    <\/div>\n\n      \n    <!-- mp-login-form-end --> \n  <\/div>\n      <\/div>\n<\/div>\n","protected":false},"excerpt":{"rendered":"<div class=\"smart_content_wrapper\">\nDespite rising tensions, the Commission still hopes to restart negotiations with the US over customs duties. EU trade Commissioner Maro\u0161 \u0160ef\u010dovi\u010d will meet his US counterpart Ambassador Jamieson Greer on Wednesday on the sidelines of an OECD meeting in Paris following a high-level gathering of EU and US experts in Washington on Tuesday against rising tensions over US customs duties.<\/p>\n<p>The Commission is hoping to rekindle negotiation with the US a week after EU Commission President Ursula von der Leyen and US president Donald Trump spoke on the phone, despite Trump\u2019s subsequent decision on 30 May to slap 50% tariffs on EU steel and aluminium.<\/p>\n<p>\u201cThe EU in good faith paused its countermeasures on 14 April, to create space for continued negotiations, and following the call between president Ursula von der Leyen and president Donald Trump both sides agreed to accelerate the pace of talks,\u201d Commission spokesperson Olof Gill said on Monday, acknowledging however that Trump\u2019s last announcement on steel and aluminium undermined the Commission&#8217;s \u201congoing efforts to reach a negotiated solution with the US\u201d.<\/p>\n<p>The Commission has suspended until 14 July a list of countermeasures targeting US products after Trump decided on a 90-Day pause in the trade dispute he launched against his partners across the globe. But the Commission could decide to move forward with those countermeasures, it said.<\/p>\n<p>A second list of US product is also open to consultation from industry until 10 June, when EU member states will adopt them. \u201cIf no mutually acceptable solution is reached, both the existing and the possible additional measures will automatically take effect on 14 July or earlier if circumstances require,\u201c Gill said. \u0160ef\u010dovi\u010d has already travelled to Washington three times to meet with his US counterparts, but his efforts have so far failed to break the deadlock.<\/p>\n<p>The US and the EU exchanged proposals to begin negotiations, but both sides have dismissed the other&#8217;s offers. It wasn\u2019t until EU and US leaders spoke by phone that talks were able to move forward\u2014until President Trump announced new tariffs on steel and aluminium at the end of last week, putting the negotiations at risk once again. The US currently imposes 25% tariffs on EU steel and aluminium, 25% on cars and 10% on all EU imports. Several investigations in pharma, semiconductors or aircrafts could also lead to more US tariffs on EU goods.<\/p>\n<p>Source: <a rel=\"noopener\" href=\"https:\/\/www.euronews.com\/my-europe\/2025\/06\/02\/eu-trade-chief-to-meet-us-counterpart-in-paris-amid-increased-tariff-tensions\">Euronews<\/a><\/p>\n<\/div>\n<p>The post <a rel=\"noopener\" href=\"https:\/\/vastuullisuusuutiset.fi\/fi\/csr-news-en\/eu-trade-chief-to-meet-us-counterpart-in-paris-amid-increased-tariff-tensions\/\">EU trade chief to meet US counterpart in Paris amid increased tariff tensions<\/a> appeared first on <a rel=\"noopener\" href=\"https:\/\/vastuullisuusuutiset.fi\/fi\">Vastuullisuusuutiset.fi<\/a>.<\/p>\n","protected":false},"author":1,"featured_media":0,"comment_status":"closed","ping_status":"closed","sticky":false,"template":"","format":"standard","meta":{"_jetpack_memberships_contains_paid_content":false,"footnotes":""},"categories":[22,1],"tags":[555,18980,1321,655],"class_list":["post-140347","post","type-post","status-publish","format-standard","hentry","category-news","category-yleinen","tag-csr-news-en","tag-eu-trade-chief","tag-tariff","tag-yleinen"],"jetpack_featured_media_url":"","jetpack_sharing_enabled":true,"_links":{"self":[{"href":"https:\/\/tietopankki.crnet.fi\/fi\/wp-json\/wp\/v2\/posts\/140347","targetHints":{"allow":["GET"]}}],"collection":[{"href":"https:\/\/tietopankki.crnet.fi\/fi\/wp-json\/wp\/v2\/posts"}],"about":[{"href":"https:\/\/tietopankki.crnet.fi\/fi\/wp-json\/wp\/v2\/types\/post"}],"author":[{"embeddable":true,"href":"https:\/\/tietopankki.crnet.fi\/fi\/wp-json\/wp\/v2\/users\/1"}],"replies":[{"embeddable":true,"href":"https:\/\/tietopankki.crnet.fi\/fi\/wp-json\/wp\/v2\/comments?post=140347"}],"version-history":[{"count":0,"href":"https:\/\/tietopankki.crnet.fi\/fi\/wp-json\/wp\/v2\/posts\/140347\/revisions"}],"wp:attachment":[{"href":"https:\/\/tietopankki.crnet.fi\/fi\/wp-json\/wp\/v2\/media?parent=140347"}],"wp:term":[{"taxonomy":"category","embeddable":true,"href":"https:\/\/tietopankki.crnet.fi\/fi\/wp-json\/wp\/v2\/categories?post=140347"},{"taxonomy":"post_tag","embeddable":true,"href":"https:\/\/tietopankki.crnet.fi\/fi\/wp-json\/wp\/v2\/tags?post=140347"}],"curies":[{"name":"wp","href":"https:\/\/api.w.org\/{rel}","templated":true}]}}